{"id":3606,"date":"2026-04-15T13:12:57","date_gmt":"2026-04-15T11:12:57","guid":{"rendered":"https:\/\/noblaskolan.se\/vellinge\/?post_type=article&#038;p=3606"},"modified":"2026-04-20T10:34:55","modified_gmt":"2026-04-20T08:34:55","slug":"elevroster","status":"publish","type":"article","link":"https:\/\/noblaskolan.se\/vellinge\/artikel\/elevroster\/","title":{"rendered":"Elevr\u00f6ster"},"content":{"rendered":"\n<div class=\"wp-block-group is-layout-constrained wp-container-core-group-layout-1 wp-block-group-is-layout-constrained\">\n<h1 class=\"wp-block-heading\">M\u00f6t v\u00e5ra elever p\u00e5 Noblaskolan<\/h1>\n\n\n\n<p   class=\"site__ingress container text-left  site__text-color--dark  site__free_text--ingress p-0\">\n\tHur \u00e4r det att vara elev p\u00e5 Noblaskolan? H\u00e4r ber\u00e4ttar v\u00e5ra elever om sin vardag, vad de tycker om att g\u00f6ra p\u00e5 skolan och hur de ser p\u00e5 framtiden.<\/p>\n\n\n\n\n\n<h2 class=\"wp-block-heading\"><em>Nils Ekenberg Dolck<\/em> \u2013 Elev i f\u00f6rskoleklass<\/h2>\n\n\n\n<h3 class=\"wp-block-heading\">Vad \u00e4r det b\u00e4sta med att g\u00e5 p\u00e5 din skola?<\/h3>\n\n\n\n<p>Att f\u00e5 nya kompisar och l\u00e4ra sig nya saker \u00e4r det b\u00e4sta med skolan. Vi har ocks\u00e5 en rolig skolg\u00e5rd, s\u00e4rskilt n\u00e4r det \u00e4r fint v\u00e4der.<\/p>\n\n\n\n<h3 class=\"wp-block-heading\">Vad tycker du \u00e4r roligast att l\u00e4ra dig h\u00e4r?<\/h3>\n\n\n\n<p>Jag gillar n\u00e4r vi har Veckans bokstav och Grej of the day. D\u00e5 f\u00e5r man ta med sig en sak som b\u00f6rjar p\u00e5 en viss bokstav och ge ledtr\u00e5dar s\u00e5 att kompisarna kan gissa vad det \u00e4r. Jag tycker ocks\u00e5 det \u00e4r roligt att l\u00e4ra mig om djur och att vi skriver varje dag.<\/p>\n\n\n\n<h3 class=\"wp-block-heading\">Vad har du l\u00e4rt dig som du inte kunde f\u00f6rut?<\/h3>\n\n\n\n<p>Jag har l\u00e4rt mig att skriva p\u00e5 linje. Jag har ocks\u00e5 blivit b\u00e4ttre p\u00e5 att r\u00e4kna och att skriva siffror. Vi har ocks\u00e5 bokp\u00e5se, d\u00e5 l\u00e4ser vi inf\u00f6r kompisarna s\u00e5 det har jag blivit mycket b\u00e4ttre p\u00e5. <\/p>\n\n\n\n\n<figure  class=\"ams-media l-container l-stack l-stack-2xs u-pt-fluid-md-xl u-pb-fluid-md-xl is-center is-left@md\"  style=\"--width-desktop: 400px;\">\n\t\t\t\t\t<img decoding=\"async\" width=\"600\" height=\"788\" src=\"https:\/\/noblaskolan.se\/wp-content\/uploads\/sites\/37\/2026\/04\/nils-ekenberg-dolck-f-klass-elevroster-600x788.jpg\" class=\"ams-media__image u-ratio-portrait u-radius-square\" alt=\"\" sizes=\"(max-width: 600px) 100vw, 600px\" srcset=\"https:\/\/noblaskolan.se\/wp-content\/uploads\/sites\/37\/2026\/04\/nils-ekenberg-dolck-f-klass-elevroster-600x788.jpg 600w, https:\/\/noblaskolan.se\/wp-content\/uploads\/sites\/37\/2026\/04\/nils-ekenberg-dolck-f-klass-elevroster-300x394.jpg 300w, https:\/\/noblaskolan.se\/wp-content\/uploads\/sites\/37\/2026\/04\/nils-ekenberg-dolck-f-klass-elevroster-400x525.jpg 400w, https:\/\/noblaskolan.se\/wp-content\/uploads\/sites\/37\/2026\/04\/nils-ekenberg-dolck-f-klass-elevroster.jpg 609w\" \/>\n\t\t\n\t\n\t<\/figure>\n\n\n\n<h2 class=\"wp-block-heading\">Daniel Abbod \u2013 Elev i \u00e5k 4<\/h2>\n\n\n\n<h3 class=\"wp-block-heading\">Vad \u00e4r det b\u00e4sta med att g\u00e5 p\u00e5 din skola?<\/h3>\n\n\n\n<p>Jag tycker om att man f\u00e5r l\u00e4ra sig nya saker och g\u00f6ra roliga saker. Mina favorit\u00e4mnen \u00e4r matte, musik, sl\u00f6jd och idrott. Alla l\u00e4rare \u00e4r sn\u00e4lla och hj\u00e4lper mig n\u00e4r jag beh\u00f6ver det.<\/p>\n\n\n\n<h3 class=\"wp-block-heading\">N\u00e4r k\u00e4nner du att du har gjort ett bra jobb i skolan?<\/h3>\n\n\n\n<p>Jag k\u00e4nner mig stolt n\u00e4r jag g\u00f6r ett arbete och f\u00e5r ber\u00f6m, n\u00e4r det g\u00e5r bra p\u00e5 proven och n\u00e4r jag \u00e4r en bra kompis.<\/p>\n\n\n\n<h3 class=\"wp-block-heading\">Vad vill du bli n\u00e4r du blir stor?<\/h3>\n\n\n\n<p>Fotbollsspelare. <\/p>\n\n\n\n\n<figure  class=\"ams-media l-container l-stack l-stack-2xs u-pt-fluid-md-xl u-pb-fluid-md-xl is-center is-left@md\"  style=\"--width-desktop: 400px;\">\n\t\t\t\t\t<img decoding=\"async\" width=\"480\" height=\"640\" src=\"https:\/\/noblaskolan.se\/wp-content\/uploads\/sites\/37\/2026\/04\/daniel-abbod-ak-4-elevroster-rotated.jpeg\" class=\"ams-media__image u-ratio-portrait u-radius-square\" alt=\"\" sizes=\"(max-width: 480px) 100vw, 480px\" srcset=\"https:\/\/noblaskolan.se\/wp-content\/uploads\/sites\/37\/2026\/04\/daniel-abbod-ak-4-elevroster-rotated.jpeg 480w, https:\/\/noblaskolan.se\/wp-content\/uploads\/sites\/37\/2026\/04\/daniel-abbod-ak-4-elevroster-300x400.jpeg 300w, https:\/\/noblaskolan.se\/wp-content\/uploads\/sites\/37\/2026\/04\/daniel-abbod-ak-4-elevroster-400x533.jpeg 400w\" \/>\n\t\t\n\t\n\t<\/figure>\n\n\n\n<h2 class=\"wp-block-heading\">Ludvig Wahlgren\u2013 Elev i \u00e5k 8<\/h2>\n\n\n\n<h3 class=\"wp-block-heading\">Hur skulle du beskriva din skola f\u00f6r n\u00e5gon som inte g\u00e5r h\u00e4r?<\/h3>\n\n\n\n<p>Vi har v\u00e4ldigt bra och sn\u00e4lla l\u00e4rare som finns d\u00e4r f\u00f6r alla och ser till att alla f\u00e5r vara med. Det k\u00e4nns aldrig jobbigt att g\u00e5 till skolan, och vi har bra st\u00e4mning i klassen. Jag tycker ocks\u00e5 att vi har ett bra schema och att maten \u00e4r v\u00e4ldigt god.<\/p>\n\n\n\n<h3 class=\"wp-block-heading\">Hur har du utvecklats under din tid p\u00e5 skolan?<\/h3>\n\n\n\n<p>Jag har mognat mycket som person och min sociala kompetens har utvecklats. Jag har l\u00e4rt mig m\u00e5nga nya saker och provat mycket ny och god mat.<\/p>\n\n\n\n<h3 class=\"wp-block-heading\">Hur har skolan f\u00f6rberett dig inf\u00f6r gymnasiet och framtiden?<\/h3>\n\n\n\n<p>Vi har tr\u00e4ffat v\u00e5r studie- och yrkesv\u00e4gledare som har ber\u00e4ttat om olika inriktningar och om gymnasiet. Vi har ocks\u00e5 blivit f\u00f6rberedda genom att ha prov och l\u00e4xf\u00f6rh\u00f6r, som man har p\u00e5 gymnasiet. Jag har ocks\u00e5 l\u00e4rt mig att det \u00e4r viktigt att behandla alla med respekt.<\/p>\n\n\n\n\n<figure  class=\"ams-media l-container l-stack l-stack-2xs u-pt-fluid-md-xl u-pb-fluid-md-xl is-center is-left@md\"  style=\"--width-desktop: 400px;\">\n\t\t\t\t\t<img decoding=\"async\" width=\"600\" height=\"800\" src=\"https:\/\/noblaskolan.se\/wp-content\/uploads\/sites\/37\/2026\/04\/ludvig-wahlgren-ak-8-elevroster-600x800.jpeg\" class=\"ams-media__image u-ratio-portrait u-radius-square\" alt=\"\" sizes=\"(max-width: 600px) 100vw, 600px\" srcset=\"https:\/\/noblaskolan.se\/wp-content\/uploads\/sites\/37\/2026\/04\/ludvig-wahlgren-ak-8-elevroster-600x800.jpeg 600w, https:\/\/noblaskolan.se\/wp-content\/uploads\/sites\/37\/2026\/04\/ludvig-wahlgren-ak-8-elevroster-300x400.jpeg 300w, https:\/\/noblaskolan.se\/wp-content\/uploads\/sites\/37\/2026\/04\/ludvig-wahlgren-ak-8-elevroster-400x533.jpeg 400w, https:\/\/noblaskolan.se\/wp-content\/uploads\/sites\/37\/2026\/04\/ludvig-wahlgren-ak-8-elevroster-800x1067.jpeg 800w, https:\/\/noblaskolan.se\/wp-content\/uploads\/sites\/37\/2026\/04\/ludvig-wahlgren-ak-8-elevroster-1024x1365.jpeg 1024w, https:\/\/noblaskolan.se\/wp-content\/uploads\/sites\/37\/2026\/04\/ludvig-wahlgren-ak-8-elevroster-1200x1600.jpeg 1200w, https:\/\/noblaskolan.se\/wp-content\/uploads\/sites\/37\/2026\/04\/ludvig-wahlgren-ak-8-elevroster-scaled.jpeg 1920w\" \/>\n\t\t\n\t\n\t<\/figure>\n<\/div>\n\n\n\n\n\n<section  class=\"ams-article c-block l-stacked js-load-more\" data-count=\"3\" data-count-mobile=\"2\">\n\t<div class=\"l-container l-stack l-stack-fluid-2xl u-pt-fluid-3xl-6xl u-pb-fluid-3xl-6xl is-center is-center@md\">\n\t\t\t\t\t<div class=\"ams-article__intro l-stack l-stack-lg\">\n\t\t\t\t\t\n\t<h2\n\tclass=\"c-heading u-font-title-1 \"\n\tstyle=\"\">\n\t\t\n\t\t\t\t\tL\u00e4s mer fr\u00e5n oss\n\t\t\t\t\n\t<\/h2>\n\n\t\t\t\t\t\t\t<\/div>\n\t\t\n\t\t\t\n\t    \n\t\n\t<ul id=\"ams-article-list-69eee8d176393\" class=\"ams-article__list l-grid u-gap-2xl u-justify-center js-results \" aria-label=\"Artiklar\" data-filter-animation=\"off\">\n\t\t\t\t\t\t\t\t\t\t\t\t\t\t\t\t\t\n\t\t\t\n\t\t\t\n\t\t\t<li class=\"l-col-6@md l-col-4@lg \" data-filter=\"allmant april-2026\">\n\t\t\t\t<article class=\"c-card  has-media-zoom  \" data-variant=\"border\" data-style=\"square\" data-click-area>\n\t\t\t\t\t<div class=\"c-card__content l-stack l-stack-sm\">\n\n\t\t\t\t\t\t\t\t\t\t\t\t\t<time class=\"c-card__date u-font-small\" datetime=\"2026-04-15\">15 april, 2026<\/time>\n\t\t\t\t\t\t\n\t\t\t\t\t\t\t\t\t\t\t\t\t<h3 class=\"c-card__title u-font-title-3\">\n\t\t\t\t\t\t\t\t\t\t\t\t\t\t\t\t\t<a class=\"c-card__link\" href=\"https:\/\/noblaskolan.se\/vellinge\/artikel\/elevroster\/\">\n\t\t\t\t\t\t\t\t\t\tM\u00f6t v\u00e5ra elever p\u00e5 Noblaskolan\n\t\t\t\t\t\t\t\t\t<\/a>\n\t\t\t\t\t\t\t\t\t\t\t\t\t\t\t<\/h3>\n\t\t\t\t\t\t\n\t\t\t\t\t\t\t\t\t\t\t\t\t<p class=\"c-card__text l-stack-xs u-font-body\">\n\t\t\t\t\t\t\t\tHur \u00e4r det att vara elev p\u00e5 Noblaskolan? H\u00f6r v\u00e5ra elever ber\u00e4tta!\n\t\t\t\t\t\t\t<\/p>\n\t\t\t\t\t\t\n\t\t\t\t\t\t\t\t\t\t\t\t\t<ul class=\"c-card__tags l-stack-grow u-list-none u-pt-md\" aria-label=\"Kategorier\">\n\t\t\t\t\t\t\t\t\t\t\t\t\t\t\t\t\t<li><span class=\"c-tag\" data-variant=\"outline\">Allm\u00e4nt<\/span><\/li>\n\t\t\t\t\t\t\t\t\t\t\t\t\t\t\t<\/ul>\n\t\t\t\t\t\t\n\t\t\t\t\t\t<div class=\"c-card__icon\">\n\t\t\t\t\t\t\t\t\t\t\t\t\t\t<svg class=\"ams-icon ams-icon--arrow-right\" width=\"32\" height=\"32\" viewbox=\"0 0 32 32\" fill=\"currentColor\" aria-hidden=\"true\" xmlns=\"http:\/\/www.w3.org\/2000\/svg\">\n\t\t\t\t\t\t\t\t\t\t\t\t\t\t\t\t<path d=\"M15.4617 0.252159L14.9567 0.75931C14.6219 1.09545 14.6219 1.64048 14.9567 1.97669L27.7062 14.7806H0.857144C0.383786 14.7806 0 15.166 0 15.6414V16.3587C0 16.8341 0.383786 17.2195 0.857144 17.2195H27.7062L14.9567 30.0234C14.6219 30.3595 14.6219 30.9045 14.9567 31.2407L15.4617 31.7479C15.7964 32.084 16.3392 32.084 16.6739 31.7479L31.749 16.6087C32.0837 16.2725 32.0837 15.7275 31.749 15.3913L16.6739 0.252159C16.3392 -0.084053 15.7964 -0.084053 15.4617 0.252159Z\"\/>\n\t\t\t\t\t\t\t\n\t\t\t\t\t\t\t<\/svg>\n\t\t\t\t\t\t<\/div>\n\t\t\t\t\t<\/div>\n\n\t\t\t\t\t<div class=\"c-card__media \" style=\" \">\n\t\t\t\t\t\t<img decoding=\"async\" width=\"362\" height=\"272\" src=\"https:\/\/noblaskolan.se\/wp-content\/uploads\/2024\/04\/noblaskolan-artikelkort-363x272-1.png\" class=\"attachment-sm size-sm\" alt=\"Logotyp Noblaskolan.\" sizes=\"(min-width: 64em) 300px, (min-width: 48em) calc(.50 * (100vw - 224px)), calc(100vw - 160px)\" srcset=\"https:\/\/noblaskolan.se\/wp-content\/uploads\/2024\/04\/noblaskolan-artikelkort-363x272-1.png 362w, https:\/\/noblaskolan.se\/wp-content\/uploads\/2024\/04\/noblaskolan-artikelkort-363x272-1-300x225.png 300w\" \/>\n\t\t\t\t\t<\/div>\n\t\t\t\t<\/article>\n\t\t\t<\/li>\n\t\t\t\t\t\t\t\t\t\t\t\t\t\t\t\t\t\n\t\t\t\n\t\t\t\n\t\t\t<li class=\"l-col-6@md l-col-4@lg \" data-filter=\"allmant intervjuer december-2025\">\n\t\t\t\t<article class=\"c-card  has-media-zoom  \" data-variant=\"border\" data-style=\"square\" data-click-area>\n\t\t\t\t\t<div class=\"c-card__content l-stack l-stack-sm\">\n\n\t\t\t\t\t\t\t\t\t\t\t\t\t<time class=\"c-card__date u-font-small\" datetime=\"2025-12-03\">3 december, 2025<\/time>\n\t\t\t\t\t\t\n\t\t\t\t\t\t\t\t\t\t\t\t\t<h3 class=\"c-card__title u-font-title-3\">\n\t\t\t\t\t\t\t\t\t\t\t\t\t\t\t\t\t<a class=\"c-card__link\" href=\"https:\/\/noblaskolan.se\/vellinge\/artikel\/pedagoger\/\">\n\t\t\t\t\t\t\t\t\t\tL\u00e4r k\u00e4nna v\u00e5ra pedagoger\n\t\t\t\t\t\t\t\t\t<\/a>\n\t\t\t\t\t\t\t\t\t\t\t\t\t\t\t<\/h3>\n\t\t\t\t\t\t\n\t\t\t\t\t\t\t\t\t\t\t\t\t<p class=\"c-card__text l-stack-xs u-font-body\">\n\t\t\t\t\t\t\t\tL\u00e4r k\u00e4nna v\u00e5ra pedagoger och l\u00e4rare lite b\u00e4ttre! H\u00e4r f\u00e5r du veta mer om deras dr&#8230;\n\t\t\t\t\t\t\t<\/p>\n\t\t\t\t\t\t\n\t\t\t\t\t\t\t\t\t\t\t\t\t<ul class=\"c-card__tags l-stack-grow u-list-none u-pt-md\" aria-label=\"Kategorier\">\n\t\t\t\t\t\t\t\t\t\t\t\t\t\t\t\t\t<li><span class=\"c-tag\" data-variant=\"outline\">Allm\u00e4nt<\/span><\/li>\n\t\t\t\t\t\t\t\t\t\t\t\t\t\t\t\t\t<li><span class=\"c-tag\" data-variant=\"outline\">Intervjuer<\/span><\/li>\n\t\t\t\t\t\t\t\t\t\t\t\t\t\t\t<\/ul>\n\t\t\t\t\t\t\n\t\t\t\t\t\t<div class=\"c-card__icon\">\n\t\t\t\t\t\t\t\t\t\t\t\t\t\t<svg class=\"ams-icon ams-icon--arrow-right\" width=\"32\" height=\"32\" viewbox=\"0 0 32 32\" fill=\"currentColor\" aria-hidden=\"true\" xmlns=\"http:\/\/www.w3.org\/2000\/svg\">\n\t\t\t\t\t\t\t\t\t\t\t\t\t\t\t\t<path d=\"M15.4617 0.252159L14.9567 0.75931C14.6219 1.09545 14.6219 1.64048 14.9567 1.97669L27.7062 14.7806H0.857144C0.383786 14.7806 0 15.166 0 15.6414V16.3587C0 16.8341 0.383786 17.2195 0.857144 17.2195H27.7062L14.9567 30.0234C14.6219 30.3595 14.6219 30.9045 14.9567 31.2407L15.4617 31.7479C15.7964 32.084 16.3392 32.084 16.6739 31.7479L31.749 16.6087C32.0837 16.2725 32.0837 15.7275 31.749 15.3913L16.6739 0.252159C16.3392 -0.084053 15.7964 -0.084053 15.4617 0.252159Z\"\/>\n\t\t\t\t\t\t\t\n\t\t\t\t\t\t\t<\/svg>\n\t\t\t\t\t\t<\/div>\n\t\t\t\t\t<\/div>\n\n\t\t\t\t\t<div class=\"c-card__media \" style=\" \">\n\t\t\t\t\t\t<img decoding=\"async\" width=\"400\" height=\"533\" src=\"https:\/\/noblaskolan.se\/wp-content\/uploads\/sites\/37\/2025\/10\/lotta-400x533.jpg\" class=\"attachment-sm size-sm\" alt=\"Bild p\u00e5 pedagog.\" sizes=\"(min-width: 64em) 300px, (min-width: 48em) calc(.50 * (100vw - 224px)), calc(100vw - 160px)\" srcset=\"https:\/\/noblaskolan.se\/wp-content\/uploads\/sites\/37\/2025\/10\/lotta-400x533.jpg 400w, https:\/\/noblaskolan.se\/wp-content\/uploads\/sites\/37\/2025\/10\/lotta-300x400.jpg 300w, https:\/\/noblaskolan.se\/wp-content\/uploads\/sites\/37\/2025\/10\/lotta-rotated.jpg 480w\" \/>\n\t\t\t\t\t<\/div>\n\t\t\t\t<\/article>\n\t\t\t<\/li>\n\t\t\t\t\t\t\t\t\t\t\t\t\t\t\t\t\t\n\t\t\t\n\t\t\t\n\t\t\t<li class=\"l-col-6@md l-col-4@lg \" data-filter=\"grundskola november-2025\">\n\t\t\t\t<article class=\"c-card  has-media-zoom  \" data-variant=\"border\" data-style=\"square\" data-click-area>\n\t\t\t\t\t<div class=\"c-card__content l-stack l-stack-sm\">\n\n\t\t\t\t\t\t\t\t\t\t\t\t\t<time class=\"c-card__date u-font-small\" datetime=\"2025-11-03\">3 november, 2025<\/time>\n\t\t\t\t\t\t\n\t\t\t\t\t\t\t\t\t\t\t\t\t<h3 class=\"c-card__title u-font-title-3\">\n\t\t\t\t\t\t\t\t\t\t\t\t\t\t\t\t\t<a class=\"c-card__link\" href=\"https:\/\/noblaskolan.se\/vellinge\/artikel\/noblaskolan-vellinge-erbjuder-mff-akademi\/\">\n\t\t\t\t\t\t\t\t\t\tNoblaskolan Vellinge erbjuder MFF-akademi\n\t\t\t\t\t\t\t\t\t<\/a>\n\t\t\t\t\t\t\t\t\t\t\t\t\t\t\t<\/h3>\n\t\t\t\t\t\t\n\t\t\t\t\t\t\t\t\t\t\t\t\t<p class=\"c-card__text l-stack-xs u-font-body\">\n\t\t\t\t\t\t\t\t2026 blir Noblaskolan Vellinge en officiell MFF-akademi!\n\t\t\t\t\t\t\t<\/p>\n\t\t\t\t\t\t\n\t\t\t\t\t\t\t\t\t\t\t\t\t<ul class=\"c-card__tags l-stack-grow u-list-none u-pt-md\" aria-label=\"Kategorier\">\n\t\t\t\t\t\t\t\t\t\t\t\t\t\t\t\t\t<li><span class=\"c-tag\" data-variant=\"outline\">Grundskola<\/span><\/li>\n\t\t\t\t\t\t\t\t\t\t\t\t\t\t\t<\/ul>\n\t\t\t\t\t\t\n\t\t\t\t\t\t<div class=\"c-card__icon\">\n\t\t\t\t\t\t\t\t\t\t\t\t\t\t<svg class=\"ams-icon ams-icon--arrow-right\" width=\"32\" height=\"32\" viewbox=\"0 0 32 32\" fill=\"currentColor\" aria-hidden=\"true\" xmlns=\"http:\/\/www.w3.org\/2000\/svg\">\n\t\t\t\t\t\t\t\t\t\t\t\t\t\t\t\t<path d=\"M15.4617 0.252159L14.9567 0.75931C14.6219 1.09545 14.6219 1.64048 14.9567 1.97669L27.7062 14.7806H0.857144C0.383786 14.7806 0 15.166 0 15.6414V16.3587C0 16.8341 0.383786 17.2195 0.857144 17.2195H27.7062L14.9567 30.0234C14.6219 30.3595 14.6219 30.9045 14.9567 31.2407L15.4617 31.7479C15.7964 32.084 16.3392 32.084 16.6739 31.7479L31.749 16.6087C32.0837 16.2725 32.0837 15.7275 31.749 15.3913L16.6739 0.252159C16.3392 -0.084053 15.7964 -0.084053 15.4617 0.252159Z\"\/>\n\t\t\t\t\t\t\t\n\t\t\t\t\t\t\t<\/svg>\n\t\t\t\t\t\t<\/div>\n\t\t\t\t\t<\/div>\n\n\t\t\t\t\t<div class=\"c-card__media \" style=\" \">\n\t\t\t\t\t\t<img decoding=\"async\" width=\"400\" height=\"365\" src=\"https:\/\/noblaskolan.se\/wp-content\/uploads\/sites\/37\/2025\/11\/mffakademi-400x365.jpg\" class=\"attachment-sm size-sm\" alt=\"\" sizes=\"(min-width: 64em) 300px, (min-width: 48em) calc(.50 * (100vw - 224px)), calc(100vw - 160px)\" srcset=\"https:\/\/noblaskolan.se\/wp-content\/uploads\/sites\/37\/2025\/11\/mffakademi-400x365.jpg 400w, https:\/\/noblaskolan.se\/wp-content\/uploads\/sites\/37\/2025\/11\/mffakademi-300x274.jpg 300w, https:\/\/noblaskolan.se\/wp-content\/uploads\/sites\/37\/2025\/11\/mffakademi-600x547.jpg 600w, https:\/\/noblaskolan.se\/wp-content\/uploads\/sites\/37\/2025\/11\/mffakademi-800x730.jpg 800w, https:\/\/noblaskolan.se\/wp-content\/uploads\/sites\/37\/2025\/11\/mffakademi-1024x934.jpg 1024w, https:\/\/noblaskolan.se\/wp-content\/uploads\/sites\/37\/2025\/11\/mffakademi-1200x1094.jpg 1200w\" \/>\n\t\t\t\t\t<\/div>\n\t\t\t\t<\/article>\n\t\t\t<\/li>\n\t\t\t\t\t\t\t\t\t\t\t\t\t\t\t\t\t\n\t\t\t\n\t\t\t\n\t\t\t<li class=\"l-col-6@md l-col-4@lg \" data-filter=\"allmant augusti-2025\">\n\t\t\t\t<article class=\"c-card  has-media-zoom  \" data-variant=\"border\" data-style=\"square\" data-click-area>\n\t\t\t\t\t<div class=\"c-card__content l-stack l-stack-sm\">\n\n\t\t\t\t\t\t\t\t\t\t\t\t\t<time class=\"c-card__date u-font-small\" datetime=\"2025-08-15\">15 augusti, 2025<\/time>\n\t\t\t\t\t\t\n\t\t\t\t\t\t\t\t\t\t\t\t\t<h3 class=\"c-card__title u-font-title-3\">\n\t\t\t\t\t\t\t\t\t\t\t\t\t\t\t\t\t<a class=\"c-card__link\" href=\"https:\/\/noblaskolan.se\/vellinge\/artikel\/lokal\/trygg-skolstart-med-studiero-sa-arbetar-vi-pa-noblaskolan\">\n\t\t\t\t\t\t\t\t\t\tTrygg skolstart med studiero \u2013 s\u00e5 arbeta&#8230;\n\t\t\t\t\t\t\t\t\t<\/a>\n\t\t\t\t\t\t\t\t\t\t\t\t\t\t\t<\/h3>\n\t\t\t\t\t\t\n\t\t\t\t\t\t\t\t\t\t\t\t\t<p class=\"c-card__text l-stack-xs u-font-body\">\n\t\t\t\t\t\t\t\tN\u00e4r en ny termin n\u00e4rmar sig v\u00e4cks ofta m\u00e5nga fr\u00e5gor hos v\u00e5rdnadshavare:\r\nHur kom&#8230;\n\t\t\t\t\t\t\t<\/p>\n\t\t\t\t\t\t\n\t\t\t\t\t\t\t\t\t\t\t\t\t<ul class=\"c-card__tags l-stack-grow u-list-none u-pt-md\" aria-label=\"Kategorier\">\n\t\t\t\t\t\t\t\t\t\t\t\t\t\t\t\t\t<li><span class=\"c-tag\" data-variant=\"outline\">Allm\u00e4nt<\/span><\/li>\n\t\t\t\t\t\t\t\t\t\t\t\t\t\t\t<\/ul>\n\t\t\t\t\t\t\n\t\t\t\t\t\t<div class=\"c-card__icon\">\n\t\t\t\t\t\t\t\t\t\t\t\t\t\t<svg class=\"ams-icon ams-icon--arrow-right\" width=\"32\" height=\"32\" viewbox=\"0 0 32 32\" fill=\"currentColor\" aria-hidden=\"true\" xmlns=\"http:\/\/www.w3.org\/2000\/svg\">\n\t\t\t\t\t\t\t\t\t\t\t\t\t\t\t\t<path d=\"M15.4617 0.252159L14.9567 0.75931C14.6219 1.09545 14.6219 1.64048 14.9567 1.97669L27.7062 14.7806H0.857144C0.383786 14.7806 0 15.166 0 15.6414V16.3587C0 16.8341 0.383786 17.2195 0.857144 17.2195H27.7062L14.9567 30.0234C14.6219 30.3595 14.6219 30.9045 14.9567 31.2407L15.4617 31.7479C15.7964 32.084 16.3392 32.084 16.6739 31.7479L31.749 16.6087C32.0837 16.2725 32.0837 15.7275 31.749 15.3913L16.6739 0.252159C16.3392 -0.084053 15.7964 -0.084053 15.4617 0.252159Z\"\/>\n\t\t\t\t\t\t\t\n\t\t\t\t\t\t\t<\/svg>\n\t\t\t\t\t\t<\/div>\n\t\t\t\t\t<\/div>\n\n\t\t\t\t\t<div class=\"c-card__media \" style=\" \">\n\t\t\t\t\t\t<img decoding=\"async\" width=\"400\" height=\"267\" src=\"https:\/\/noblaskolan.se\/wp-content\/uploads\/2025\/08\/noblaskolansaltsjo-boo202504mellanstadiewebb3-400x267.jpg\" class=\"attachment-sm size-sm\" alt=\"L\u00e4rare hj\u00e4lper elev som sitter vid sin b\u00e4nk i klassrummet.\" sizes=\"(min-width: 64em) 300px, (min-width: 48em) calc(.50 * (100vw - 224px)), calc(100vw - 160px)\" srcset=\"https:\/\/noblaskolan.se\/wp-content\/uploads\/2025\/08\/noblaskolansaltsjo-boo202504mellanstadiewebb3-400x267.jpg 400w, https:\/\/noblaskolan.se\/wp-content\/uploads\/2025\/08\/noblaskolansaltsjo-boo202504mellanstadiewebb3-300x200.jpg 300w, https:\/\/noblaskolan.se\/wp-content\/uploads\/2025\/08\/noblaskolansaltsjo-boo202504mellanstadiewebb3-600x400.jpg 600w, https:\/\/noblaskolan.se\/wp-content\/uploads\/2025\/08\/noblaskolansaltsjo-boo202504mellanstadiewebb3-800x534.jpg 800w, https:\/\/noblaskolan.se\/wp-content\/uploads\/2025\/08\/noblaskolansaltsjo-boo202504mellanstadiewebb3.jpg 1000w\" \/>\n\t\t\t\t\t<\/div>\n\t\t\t\t<\/article>\n\t\t\t<\/li>\n\t\t\t\t\t\t\t\t\t\t\t\t\t\t\t\t\t\n\t\t\t\n\t\t\t\n\t\t\t<li class=\"l-col-6@md l-col-4@lg \" data-filter=\"allmant augusti-2025\">\n\t\t\t\t<article class=\"c-card  has-media-zoom  \" data-variant=\"border\" data-style=\"square\" data-click-area>\n\t\t\t\t\t<div class=\"c-card__content l-stack l-stack-sm\">\n\n\t\t\t\t\t\t\t\t\t\t\t\t\t<time class=\"c-card__date u-font-small\" datetime=\"2025-08-07\">7 augusti, 2025<\/time>\n\t\t\t\t\t\t\n\t\t\t\t\t\t\t\t\t\t\t\t\t<h3 class=\"c-card__title u-font-title-3\">\n\t\t\t\t\t\t\t\t\t\t\t\t\t\t\t\t\t<a class=\"c-card__link\" href=\"https:\/\/noblaskolan.se\/vellinge\/artikel\/lokal\/forsta-dagen-i-skolan-en-trygg-start-pa-noblaskolan\">\n\t\t\t\t\t\t\t\t\t\tF\u00f6rsta dagen i skolan \u2013 en trygg start p&#8230;\n\t\t\t\t\t\t\t\t\t<\/a>\n\t\t\t\t\t\t\t\t\t\t\t\t\t\t\t<\/h3>\n\t\t\t\t\t\t\n\t\t\t\t\t\t\t\t\t\t\t\t\t<p class=\"c-card__text l-stack-xs u-font-body\">\n\t\t\t\t\t\t\t\tAtt b\u00f6rja i skolan \u00e4r ett stort steg \u2013 b\u00e5de f\u00f6r barn och v\u00e5rdnadshavare. Det kan&#8230;\n\t\t\t\t\t\t\t<\/p>\n\t\t\t\t\t\t\n\t\t\t\t\t\t\t\t\t\t\t\t\t<ul class=\"c-card__tags l-stack-grow u-list-none u-pt-md\" aria-label=\"Kategorier\">\n\t\t\t\t\t\t\t\t\t\t\t\t\t\t\t\t\t<li><span class=\"c-tag\" data-variant=\"outline\">Allm\u00e4nt<\/span><\/li>\n\t\t\t\t\t\t\t\t\t\t\t\t\t\t\t<\/ul>\n\t\t\t\t\t\t\n\t\t\t\t\t\t<div class=\"c-card__icon\">\n\t\t\t\t\t\t\t\t\t\t\t\t\t\t<svg class=\"ams-icon ams-icon--arrow-right\" width=\"32\" height=\"32\" viewbox=\"0 0 32 32\" fill=\"currentColor\" aria-hidden=\"true\" xmlns=\"http:\/\/www.w3.org\/2000\/svg\">\n\t\t\t\t\t\t\t\t\t\t\t\t\t\t\t\t<path d=\"M15.4617 0.252159L14.9567 0.75931C14.6219 1.09545 14.6219 1.64048 14.9567 1.97669L27.7062 14.7806H0.857144C0.383786 14.7806 0 15.166 0 15.6414V16.3587C0 16.8341 0.383786 17.2195 0.857144 17.2195H27.7062L14.9567 30.0234C14.6219 30.3595 14.6219 30.9045 14.9567 31.2407L15.4617 31.7479C15.7964 32.084 16.3392 32.084 16.6739 31.7479L31.749 16.6087C32.0837 16.2725 32.0837 15.7275 31.749 15.3913L16.6739 0.252159C16.3392 -0.084053 15.7964 -0.084053 15.4617 0.252159Z\"\/>\n\t\t\t\t\t\t\t\n\t\t\t\t\t\t\t<\/svg>\n\t\t\t\t\t\t<\/div>\n\t\t\t\t\t<\/div>\n\n\t\t\t\t\t<div class=\"c-card__media \" style=\" \">\n\t\t\t\t\t\t<img decoding=\"async\" width=\"400\" height=\"267\" src=\"https:\/\/noblaskolan.se\/wp-content\/uploads\/2025\/08\/noblaskolansaltsjo-boo202504lagstadiewebb2-400x267.jpg\" class=\"attachment-sm size-sm\" alt=\"\" sizes=\"(min-width: 64em) 300px, (min-width: 48em) calc(.50 * (100vw - 224px)), calc(100vw - 160px)\" srcset=\"https:\/\/noblaskolan.se\/wp-content\/uploads\/2025\/08\/noblaskolansaltsjo-boo202504lagstadiewebb2-400x267.jpg 400w, https:\/\/noblaskolan.se\/wp-content\/uploads\/2025\/08\/noblaskolansaltsjo-boo202504lagstadiewebb2-300x200.jpg 300w, https:\/\/noblaskolan.se\/wp-content\/uploads\/2025\/08\/noblaskolansaltsjo-boo202504lagstadiewebb2-600x400.jpg 600w, https:\/\/noblaskolan.se\/wp-content\/uploads\/2025\/08\/noblaskolansaltsjo-boo202504lagstadiewebb2-800x534.jpg 800w, https:\/\/noblaskolan.se\/wp-content\/uploads\/2025\/08\/noblaskolansaltsjo-boo202504lagstadiewebb2.jpg 1000w\" \/>\n\t\t\t\t\t<\/div>\n\t\t\t\t<\/article>\n\t\t\t<\/li>\n\t\t\t\t\t\t\t\t\t\t\t\t\t\t\t\t\t\n\t\t\t\n\t\t\t\n\t\t\t<li class=\"l-col-6@md l-col-4@lg \" data-filter=\"skolvalet januari-2023\">\n\t\t\t\t<article class=\"c-card  has-media-zoom  \" data-variant=\"border\" data-style=\"square\" data-click-area>\n\t\t\t\t\t<div class=\"c-card__content l-stack l-stack-sm\">\n\n\t\t\t\t\t\t\t\t\t\t\t\t\t<time class=\"c-card__date u-font-small\" datetime=\"2023-01-19\">19 januari, 2023<\/time>\n\t\t\t\t\t\t\n\t\t\t\t\t\t\t\t\t\t\t\t\t<h3 class=\"c-card__title u-font-title-3\">\n\t\t\t\t\t\t\t\t\t\t\t\t\t\t\t\t\t<a class=\"c-card__link\" href=\"https:\/\/noblaskolan.se\/vellinge\/artikel\/skolval-2023\/\">\n\t\t\t\t\t\t\t\t\t\tHar du gjort ett skolval?\n\t\t\t\t\t\t\t\t\t<\/a>\n\t\t\t\t\t\t\t\t\t\t\t\t\t\t\t<\/h3>\n\t\t\t\t\t\t\n\t\t\t\t\t\t\t\t\t\t\t\t\t<p class=\"c-card__text l-stack-xs u-font-body\">\n\t\t\t\t\t\t\t\tVill du ha en skola med h\u00f6ga ambitioner? V\u00e4lj Noblaskolan!\n\t\t\t\t\t\t\t<\/p>\n\t\t\t\t\t\t\n\t\t\t\t\t\t\t\t\t\t\t\t\t<ul class=\"c-card__tags l-stack-grow u-list-none u-pt-md\" aria-label=\"Kategorier\">\n\t\t\t\t\t\t\t\t\t\t\t\t\t\t\t\t\t<li><span class=\"c-tag\" data-variant=\"outline\">Skolvalet<\/span><\/li>\n\t\t\t\t\t\t\t\t\t\t\t\t\t\t\t<\/ul>\n\t\t\t\t\t\t\n\t\t\t\t\t\t<div class=\"c-card__icon\">\n\t\t\t\t\t\t\t\t\t\t\t\t\t\t<svg class=\"ams-icon ams-icon--arrow-right\" width=\"32\" height=\"32\" viewbox=\"0 0 32 32\" fill=\"currentColor\" aria-hidden=\"true\" xmlns=\"http:\/\/www.w3.org\/2000\/svg\">\n\t\t\t\t\t\t\t\t\t\t\t\t\t\t\t\t<path d=\"M15.4617 0.252159L14.9567 0.75931C14.6219 1.09545 14.6219 1.64048 14.9567 1.97669L27.7062 14.7806H0.857144C0.383786 14.7806 0 15.166 0 15.6414V16.3587C0 16.8341 0.383786 17.2195 0.857144 17.2195H27.7062L14.9567 30.0234C14.6219 30.3595 14.6219 30.9045 14.9567 31.2407L15.4617 31.7479C15.7964 32.084 16.3392 32.084 16.6739 31.7479L31.749 16.6087C32.0837 16.2725 32.0837 15.7275 31.749 15.3913L16.6739 0.252159C16.3392 -0.084053 15.7964 -0.084053 15.4617 0.252159Z\"\/>\n\t\t\t\t\t\t\t\n\t\t\t\t\t\t\t<\/svg>\n\t\t\t\t\t\t<\/div>\n\t\t\t\t\t<\/div>\n\n\t\t\t\t\t<div class=\"c-card__media \" style=\" \">\n\t\t\t\t\t\t<img decoding=\"async\" width=\"362\" height=\"272\" src=\"https:\/\/noblaskolan.se\/wp-content\/uploads\/2024\/04\/noblaskolan-artikelkort-363x272-1.png\" class=\"attachment-sm size-sm\" alt=\"Logotyp Noblaskolan.\" sizes=\"(min-width: 64em) 300px, (min-width: 48em) calc(.50 * (100vw - 224px)), calc(100vw - 160px)\" srcset=\"https:\/\/noblaskolan.se\/wp-content\/uploads\/2024\/04\/noblaskolan-artikelkort-363x272-1.png 362w, https:\/\/noblaskolan.se\/wp-content\/uploads\/2024\/04\/noblaskolan-artikelkort-363x272-1-300x225.png 300w\" \/>\n\t\t\t\t\t<\/div>\n\t\t\t\t<\/article>\n\t\t\t<\/li>\n\t\t\t\t\t\t\t\t\t\t\t\t\t\t\t\t\t\n\t\t\t\n\t\t\t\n\t\t\t<li class=\"l-col-6@md l-col-4@lg \" data-filter=\"allmant december-2022\">\n\t\t\t\t<article class=\"c-card  has-media-zoom  \" data-variant=\"border\" data-style=\"square\" data-click-area>\n\t\t\t\t\t<div class=\"c-card__content l-stack l-stack-sm\">\n\n\t\t\t\t\t\t\t\t\t\t\t\t\t<time class=\"c-card__date u-font-small\" datetime=\"2022-12-09\">9 december, 2022<\/time>\n\t\t\t\t\t\t\n\t\t\t\t\t\t\t\t\t\t\t\t\t<h3 class=\"c-card__title u-font-title-3\">\n\t\t\t\t\t\t\t\t\t\t\t\t\t\t\t\t\t<a class=\"c-card__link\" href=\"https:\/\/noblaskolan.se\/vellinge\/artikel\/nobeldagen-2022\/\">\n\t\t\t\t\t\t\t\t\t\tNobeldagen\n\t\t\t\t\t\t\t\t\t<\/a>\n\t\t\t\t\t\t\t\t\t\t\t\t\t\t\t<\/h3>\n\t\t\t\t\t\t\n\t\t\t\t\t\t\t\t\t\t\t\t\t<p class=\"c-card__text l-stack-xs u-font-body\">\n\t\t\t\t\t\t\t\tIdag uppm\u00e4rksammar vi Nobeldagen med v\u00e5ra barn och elever\n\t\t\t\t\t\t\t<\/p>\n\t\t\t\t\t\t\n\t\t\t\t\t\t\t\t\t\t\t\t\t<ul class=\"c-card__tags l-stack-grow u-list-none u-pt-md\" aria-label=\"Kategorier\">\n\t\t\t\t\t\t\t\t\t\t\t\t\t\t\t\t\t<li><span class=\"c-tag\" data-variant=\"outline\">Allm\u00e4nt<\/span><\/li>\n\t\t\t\t\t\t\t\t\t\t\t\t\t\t\t<\/ul>\n\t\t\t\t\t\t\n\t\t\t\t\t\t<div class=\"c-card__icon\">\n\t\t\t\t\t\t\t\t\t\t\t\t\t\t<svg class=\"ams-icon ams-icon--arrow-right\" width=\"32\" height=\"32\" viewbox=\"0 0 32 32\" fill=\"currentColor\" aria-hidden=\"true\" xmlns=\"http:\/\/www.w3.org\/2000\/svg\">\n\t\t\t\t\t\t\t\t\t\t\t\t\t\t\t\t<path d=\"M15.4617 0.252159L14.9567 0.75931C14.6219 1.09545 14.6219 1.64048 14.9567 1.97669L27.7062 14.7806H0.857144C0.383786 14.7806 0 15.166 0 15.6414V16.3587C0 16.8341 0.383786 17.2195 0.857144 17.2195H27.7062L14.9567 30.0234C14.6219 30.3595 14.6219 30.9045 14.9567 31.2407L15.4617 31.7479C15.7964 32.084 16.3392 32.084 16.6739 31.7479L31.749 16.6087C32.0837 16.2725 32.0837 15.7275 31.749 15.3913L16.6739 0.252159C16.3392 -0.084053 15.7964 -0.084053 15.4617 0.252159Z\"\/>\n\t\t\t\t\t\t\t\n\t\t\t\t\t\t\t<\/svg>\n\t\t\t\t\t\t<\/div>\n\t\t\t\t\t<\/div>\n\n\t\t\t\t\t<div class=\"c-card__media \" style=\" \">\n\t\t\t\t\t\t<img decoding=\"async\" width=\"362\" height=\"272\" src=\"https:\/\/noblaskolan.se\/wp-content\/uploads\/2024\/04\/noblaskolan-artikelkort-363x272-1.png\" class=\"attachment-sm size-sm\" alt=\"Logotyp Noblaskolan.\" sizes=\"(min-width: 64em) 300px, (min-width: 48em) calc(.50 * (100vw - 224px)), calc(100vw - 160px)\" srcset=\"https:\/\/noblaskolan.se\/wp-content\/uploads\/2024\/04\/noblaskolan-artikelkort-363x272-1.png 362w, https:\/\/noblaskolan.se\/wp-content\/uploads\/2024\/04\/noblaskolan-artikelkort-363x272-1-300x225.png 300w\" \/>\n\t\t\t\t\t<\/div>\n\t\t\t\t<\/article>\n\t\t\t<\/li>\n\t\t\t\t\t\t\t\t\t\t\t\t\t\t\t\t\t\n\t\t\t\n\t\t\t\n\t\t\t<li class=\"l-col-6@md l-col-4@lg \" data-filter=\"allmant augusti-2022\">\n\t\t\t\t<article class=\"c-card  has-media-zoom  \" data-variant=\"border\" data-style=\"square\" data-click-area>\n\t\t\t\t\t<div class=\"c-card__content l-stack l-stack-sm\">\n\n\t\t\t\t\t\t\t\t\t\t\t\t\t<time class=\"c-card__date u-font-small\" datetime=\"2022-08-19\">19 augusti, 2022<\/time>\n\t\t\t\t\t\t\n\t\t\t\t\t\t\t\t\t\t\t\t\t<h3 class=\"c-card__title u-font-title-3\">\n\t\t\t\t\t\t\t\t\t\t\t\t\t\t\t\t\t<a class=\"c-card__link\" href=\"https:\/\/noblaskolan.se\/vellinge\/artikel\/skolstart-2022\/\">\n\t\t\t\t\t\t\t\t\t\tTillbaka till skolan\n\t\t\t\t\t\t\t\t\t<\/a>\n\t\t\t\t\t\t\t\t\t\t\t\t\t\t\t<\/h3>\n\t\t\t\t\t\t\n\t\t\t\t\t\t\t\t\t\t\t\t\t<p class=\"c-card__text l-stack-xs u-font-body\">\n\t\t\t\t\t\t\t\tVi v\u00e4lkomnar v\u00e5ra barn och elever tillbaka\n\t\t\t\t\t\t\t<\/p>\n\t\t\t\t\t\t\n\t\t\t\t\t\t\t\t\t\t\t\t\t<ul class=\"c-card__tags l-stack-grow u-list-none u-pt-md\" aria-label=\"Kategorier\">\n\t\t\t\t\t\t\t\t\t\t\t\t\t\t\t\t\t<li><span class=\"c-tag\" data-variant=\"outline\">Allm\u00e4nt<\/span><\/li>\n\t\t\t\t\t\t\t\t\t\t\t\t\t\t\t<\/ul>\n\t\t\t\t\t\t\n\t\t\t\t\t\t<div class=\"c-card__icon\">\n\t\t\t\t\t\t\t\t\t\t\t\t\t\t<svg class=\"ams-icon ams-icon--arrow-right\" width=\"32\" height=\"32\" viewbox=\"0 0 32 32\" fill=\"currentColor\" aria-hidden=\"true\" xmlns=\"http:\/\/www.w3.org\/2000\/svg\">\n\t\t\t\t\t\t\t\t\t\t\t\t\t\t\t\t<path d=\"M15.4617 0.252159L14.9567 0.75931C14.6219 1.09545 14.6219 1.64048 14.9567 1.97669L27.7062 14.7806H0.857144C0.383786 14.7806 0 15.166 0 15.6414V16.3587C0 16.8341 0.383786 17.2195 0.857144 17.2195H27.7062L14.9567 30.0234C14.6219 30.3595 14.6219 30.9045 14.9567 31.2407L15.4617 31.7479C15.7964 32.084 16.3392 32.084 16.6739 31.7479L31.749 16.6087C32.0837 16.2725 32.0837 15.7275 31.749 15.3913L16.6739 0.252159C16.3392 -0.084053 15.7964 -0.084053 15.4617 0.252159Z\"\/>\n\t\t\t\t\t\t\t\n\t\t\t\t\t\t\t<\/svg>\n\t\t\t\t\t\t<\/div>\n\t\t\t\t\t<\/div>\n\n\t\t\t\t\t<div class=\"c-card__media \" style=\" \">\n\t\t\t\t\t\t<img decoding=\"async\" width=\"362\" height=\"272\" src=\"https:\/\/noblaskolan.se\/wp-content\/uploads\/2024\/04\/noblaskolan-artikelkort-363x272-1.png\" class=\"attachment-sm size-sm\" alt=\"Logotyp Noblaskolan.\" sizes=\"(min-width: 64em) 300px, (min-width: 48em) calc(.50 * (100vw - 224px)), calc(100vw - 160px)\" srcset=\"https:\/\/noblaskolan.se\/wp-content\/uploads\/2024\/04\/noblaskolan-artikelkort-363x272-1.png 362w, https:\/\/noblaskolan.se\/wp-content\/uploads\/2024\/04\/noblaskolan-artikelkort-363x272-1-300x225.png 300w\" \/>\n\t\t\t\t\t<\/div>\n\t\t\t\t<\/article>\n\t\t\t<\/li>\n\t\t\t\t\t\t\t\t\t\t\t\t\t\t\t\t\t\n\t\t\t\n\t\t\t\n\t\t\t<li class=\"l-col-6@md l-col-4@lg \" data-filter=\"allmant mars-2022\">\n\t\t\t\t<article class=\"c-card  has-media-zoom  \" data-variant=\"border\" data-style=\"square\" data-click-area>\n\t\t\t\t\t<div class=\"c-card__content l-stack l-stack-sm\">\n\n\t\t\t\t\t\t\t\t\t\t\t\t\t<time class=\"c-card__date u-font-small\" datetime=\"2022-03-14\">14 mars, 2022<\/time>\n\t\t\t\t\t\t\n\t\t\t\t\t\t\t\t\t\t\t\t\t<h3 class=\"c-card__title u-font-title-3\">\n\t\t\t\t\t\t\t\t\t\t\t\t\t\t\t\t\t<a class=\"c-card__link\" href=\"https:\/\/noblaskolan.se\/vellinge\/artikel\/4-spannande-fakta-om-pi\/\">\n\t\t\t\t\t\t\t\t\t\t4 sp\u00e4nnande fakta om pi\n\t\t\t\t\t\t\t\t\t<\/a>\n\t\t\t\t\t\t\t\t\t\t\t\t\t\t\t<\/h3>\n\t\t\t\t\t\t\n\t\t\t\t\t\t\t\t\t\t\t\t\t<p class=\"c-card__text l-stack-xs u-font-body\">\n\t\t\t\t\t\t\t\tVisste du detta om pi och pi-dagen?\n\t\t\t\t\t\t\t<\/p>\n\t\t\t\t\t\t\n\t\t\t\t\t\t\t\t\t\t\t\t\t<ul class=\"c-card__tags l-stack-grow u-list-none u-pt-md\" aria-label=\"Kategorier\">\n\t\t\t\t\t\t\t\t\t\t\t\t\t\t\t\t\t<li><span class=\"c-tag\" data-variant=\"outline\">Allm\u00e4nt<\/span><\/li>\n\t\t\t\t\t\t\t\t\t\t\t\t\t\t\t<\/ul>\n\t\t\t\t\t\t\n\t\t\t\t\t\t<div class=\"c-card__icon\">\n\t\t\t\t\t\t\t\t\t\t\t\t\t\t<svg class=\"ams-icon ams-icon--arrow-right\" width=\"32\" height=\"32\" viewbox=\"0 0 32 32\" fill=\"currentColor\" aria-hidden=\"true\" xmlns=\"http:\/\/www.w3.org\/2000\/svg\">\n\t\t\t\t\t\t\t\t\t\t\t\t\t\t\t\t<path d=\"M15.4617 0.252159L14.9567 0.75931C14.6219 1.09545 14.6219 1.64048 14.9567 1.97669L27.7062 14.7806H0.857144C0.383786 14.7806 0 15.166 0 15.6414V16.3587C0 16.8341 0.383786 17.2195 0.857144 17.2195H27.7062L14.9567 30.0234C14.6219 30.3595 14.6219 30.9045 14.9567 31.2407L15.4617 31.7479C15.7964 32.084 16.3392 32.084 16.6739 31.7479L31.749 16.6087C32.0837 16.2725 32.0837 15.7275 31.749 15.3913L16.6739 0.252159C16.3392 -0.084053 15.7964 -0.084053 15.4617 0.252159Z\"\/>\n\t\t\t\t\t\t\t\n\t\t\t\t\t\t\t<\/svg>\n\t\t\t\t\t\t<\/div>\n\t\t\t\t\t<\/div>\n\n\t\t\t\t\t<div class=\"c-card__media \" style=\" \">\n\t\t\t\t\t\t<img decoding=\"async\" width=\"400\" height=\"167\" src=\"https:\/\/noblaskolan.se\/wp-content\/uploads\/sites\/37\/2022\/03\/noblaskolanpidagen-400x167.jpg\" class=\"attachment-sm size-sm\" alt=\"Pi-dagen 14 mars.\" sizes=\"(min-width: 64em) 300px, (min-width: 48em) calc(.50 * (100vw - 224px)), calc(100vw - 160px)\" srcset=\"https:\/\/noblaskolan.se\/wp-content\/uploads\/sites\/37\/2022\/03\/noblaskolanpidagen-400x167.jpg 400w, https:\/\/noblaskolan.se\/wp-content\/uploads\/sites\/37\/2022\/03\/noblaskolanpidagen-300x125.jpg 300w, https:\/\/noblaskolan.se\/wp-content\/uploads\/sites\/37\/2022\/03\/noblaskolanpidagen-600x250.jpg 600w, https:\/\/noblaskolan.se\/wp-content\/uploads\/sites\/37\/2022\/03\/noblaskolanpidagen-800x333.jpg 800w, https:\/\/noblaskolan.se\/wp-content\/uploads\/sites\/37\/2022\/03\/noblaskolanpidagen-1024x427.jpg 1024w, https:\/\/noblaskolan.se\/wp-content\/uploads\/sites\/37\/2022\/03\/noblaskolanpidagen-1200x500.jpg 1200w, https:\/\/noblaskolan.se\/wp-content\/uploads\/sites\/37\/2022\/03\/noblaskolanpidagen.jpg 1250w\" \/>\n\t\t\t\t\t<\/div>\n\t\t\t\t<\/article>\n\t\t\t<\/li>\n\t\t\t<\/ul>\n\n\t<div class=\"no-results u-mt-0 u-hide\" data-filter-fallback-id=\"ams-article-list-69eee8d176393\">\n\t<p>Det finns inga resultat som matchar din filtrering.<\/p>\n<\/div>\n\n\t\n\n\t\t\n\t\t\t<\/div>\n\n\t\t\n\n<\/section>\n","protected":false},"template":"","article_category":[14],"yoast_head":"<!-- This site is optimized with the Yoast SEO plugin v22.0 - https:\/\/yoast.com\/wordpress\/plugins\/seo\/ -->\n<title>Elevr\u00f6ster | Noblaskolan Vellinge<\/title>\n<meta name=\"description\" content=\"Hur \u00e4r det att vara elev p\u00e5 Noblaskolan Vellinge? H\u00f6r v\u00e5ra elever ber\u00e4tta!\" \/>\n<meta name=\"robots\" content=\"index, follow, max-snippet:-1, max-image-preview:large, max-video-preview:-1\" \/>\n<link rel=\"canonical\" href=\"https:\/\/noblaskolan.se\/vellinge\/artikel\/elevroster\/\" \/>\n<meta property=\"og:locale\" content=\"sv_SE\" \/>\n<meta property=\"og:type\" content=\"article\" \/>\n<meta property=\"og:title\" content=\"Elevr\u00f6ster | Noblaskolan Vellinge\" \/>\n<meta property=\"og:description\" content=\"Hur \u00e4r det att vara elev p\u00e5 Noblaskolan Vellinge? H\u00f6r v\u00e5ra elever ber\u00e4tta!\" \/>\n<meta property=\"og:url\" content=\"https:\/\/noblaskolan.se\/vellinge\/artikel\/elevroster\/\" \/>\n<meta property=\"og:site_name\" content=\"Vellinge\" \/>\n<meta property=\"article:modified_time\" content=\"2026-04-20T08:34:55+00:00\" \/>\n<meta name=\"twitter:card\" content=\"summary_large_image\" \/>\n<meta name=\"twitter:title\" content=\"Elevr\u00f6ster | Noblaskolan Vellinge\" \/>\n<meta name=\"twitter:description\" content=\"Hur \u00e4r det att vara elev p\u00e5 Noblaskolan Vellinge? H\u00f6r v\u00e5ra elever ber\u00e4tta!\" \/>\n<meta name=\"twitter:label1\" content=\"Ber\u00e4knad l\u00e4stid\" \/>\n\t<meta name=\"twitter:data1\" content=\"3 minuter\" \/>\n<script type=\"application\/ld+json\" class=\"yoast-schema-graph\">{\"@context\":\"https:\/\/schema.org\",\"@graph\":[{\"@type\":\"WebPage\",\"@id\":\"https:\/\/noblaskolan.se\/vellinge\/artikel\/elevroster\/\",\"url\":\"https:\/\/noblaskolan.se\/vellinge\/artikel\/elevroster\/\",\"name\":\"Elevr\u00f6ster | Noblaskolan Vellinge\",\"isPartOf\":{\"@id\":\"https:\/\/noblaskolan.se\/vellinge\/#website\"},\"datePublished\":\"2026-04-15T11:12:57+00:00\",\"dateModified\":\"2026-04-20T08:34:55+00:00\",\"description\":\"Hur \u00e4r det att vara elev p\u00e5 Noblaskolan Vellinge? H\u00f6r v\u00e5ra elever ber\u00e4tta!\",\"breadcrumb\":{\"@id\":\"https:\/\/noblaskolan.se\/vellinge\/artikel\/elevroster\/#breadcrumb\"},\"inLanguage\":\"sv-SE\",\"potentialAction\":[{\"@type\":\"ReadAction\",\"target\":[\"https:\/\/noblaskolan.se\/vellinge\/artikel\/elevroster\/\"]}]},{\"@type\":\"BreadcrumbList\",\"@id\":\"https:\/\/noblaskolan.se\/vellinge\/artikel\/elevroster\/#breadcrumb\",\"itemListElement\":[{\"@type\":\"ListItem\",\"position\":1,\"name\":\"Start\",\"item\":\"https:\/\/noblaskolan.se\/vellinge\"},{\"@type\":\"ListItem\",\"position\":2,\"name\":\"Nyheter\"}]},{\"@type\":\"WebSite\",\"@id\":\"https:\/\/noblaskolan.se\/vellinge\/#website\",\"url\":\"https:\/\/noblaskolan.se\/vellinge\/\",\"name\":\"Vellinge\",\"description\":\"Noblaskolan Vellinge\",\"potentialAction\":[{\"@type\":\"SearchAction\",\"target\":{\"@type\":\"EntryPoint\",\"urlTemplate\":\"https:\/\/noblaskolan.se\/vellinge\/?s={search_term_string}\"},\"query-input\":\"required name=search_term_string\"}],\"inLanguage\":\"sv-SE\"}]}<\/script>\n<!-- \/ Yoast SEO plugin. -->","yoast_head_json":{"title":"Elevr\u00f6ster | Noblaskolan Vellinge","description":"Hur \u00e4r det att vara elev p\u00e5 Noblaskolan Vellinge? H\u00f6r v\u00e5ra elever ber\u00e4tta!","robots":{"index":"index","follow":"follow","max-snippet":"max-snippet:-1","max-image-preview":"max-image-preview:large","max-video-preview":"max-video-preview:-1"},"canonical":"https:\/\/noblaskolan.se\/vellinge\/artikel\/elevroster\/","og_locale":"sv_SE","og_type":"article","og_title":"Elevr\u00f6ster | Noblaskolan Vellinge","og_description":"Hur \u00e4r det att vara elev p\u00e5 Noblaskolan Vellinge? H\u00f6r v\u00e5ra elever ber\u00e4tta!","og_url":"https:\/\/noblaskolan.se\/vellinge\/artikel\/elevroster\/","og_site_name":"Vellinge","article_modified_time":"2026-04-20T08:34:55+00:00","twitter_card":"summary_large_image","twitter_title":"Elevr\u00f6ster | Noblaskolan Vellinge","twitter_description":"Hur \u00e4r det att vara elev p\u00e5 Noblaskolan Vellinge? H\u00f6r v\u00e5ra elever ber\u00e4tta!","twitter_misc":{"Ber\u00e4knad l\u00e4stid":"3 minuter"},"schema":{"@context":"https:\/\/schema.org","@graph":[{"@type":"WebPage","@id":"https:\/\/noblaskolan.se\/vellinge\/artikel\/elevroster\/","url":"https:\/\/noblaskolan.se\/vellinge\/artikel\/elevroster\/","name":"Elevr\u00f6ster | Noblaskolan Vellinge","isPartOf":{"@id":"https:\/\/noblaskolan.se\/vellinge\/#website"},"datePublished":"2026-04-15T11:12:57+00:00","dateModified":"2026-04-20T08:34:55+00:00","description":"Hur \u00e4r det att vara elev p\u00e5 Noblaskolan Vellinge? H\u00f6r v\u00e5ra elever ber\u00e4tta!","breadcrumb":{"@id":"https:\/\/noblaskolan.se\/vellinge\/artikel\/elevroster\/#breadcrumb"},"inLanguage":"sv-SE","potentialAction":[{"@type":"ReadAction","target":["https:\/\/noblaskolan.se\/vellinge\/artikel\/elevroster\/"]}]},{"@type":"BreadcrumbList","@id":"https:\/\/noblaskolan.se\/vellinge\/artikel\/elevroster\/#breadcrumb","itemListElement":[{"@type":"ListItem","position":1,"name":"Start","item":"https:\/\/noblaskolan.se\/vellinge"},{"@type":"ListItem","position":2,"name":"Nyheter"}]},{"@type":"WebSite","@id":"https:\/\/noblaskolan.se\/vellinge\/#website","url":"https:\/\/noblaskolan.se\/vellinge\/","name":"Vellinge","description":"Noblaskolan Vellinge","potentialAction":[{"@type":"SearchAction","target":{"@type":"EntryPoint","urlTemplate":"https:\/\/noblaskolan.se\/vellinge\/?s={search_term_string}"},"query-input":"required name=search_term_string"}],"inLanguage":"sv-SE"}]}},"_links":{"self":[{"href":"https:\/\/noblaskolan.se\/vellinge\/wp-json\/wp\/v2\/article\/3606"}],"collection":[{"href":"https:\/\/noblaskolan.se\/vellinge\/wp-json\/wp\/v2\/article"}],"about":[{"href":"https:\/\/noblaskolan.se\/vellinge\/wp-json\/wp\/v2\/types\/article"}],"wp:attachment":[{"href":"https:\/\/noblaskolan.se\/vellinge\/wp-json\/wp\/v2\/media?parent=3606"}],"wp:term":[{"taxonomy":"article_category","embeddable":true,"href":"https:\/\/noblaskolan.se\/vellinge\/wp-json\/wp\/v2\/article_category?post=3606"}],"curies":[{"name":"wp","href":"https:\/\/api.w.org\/{rel}","templated":true}]}}