{"id":2173,"date":"2026-04-17T10:47:42","date_gmt":"2026-04-17T08:47:42","guid":{"rendered":"https:\/\/noblaskolan.se\/taby\/?post_type=article&#038;p=2173"},"modified":"2026-04-20T10:29:59","modified_gmt":"2026-04-20T08:29:59","slug":"elevroster","status":"publish","type":"article","link":"https:\/\/noblaskolan.se\/taby\/artikel\/elevroster\/","title":{"rendered":"Elevr\u00f6ster"},"content":{"rendered":"\n<div class=\"wp-block-group is-layout-constrained wp-container-core-group-layout-1 wp-block-group-is-layout-constrained\">\n<h1 class=\"wp-block-heading\">M\u00f6t v\u00e5ra elever p\u00e5 Noblaskolan T\u00e4by<\/h1>\n\n\n\n<p   class=\"site__ingress container text-left  site__text-color--dark  site__free_text--ingress p-0\">\n\tHur \u00e4r det att vara elev p\u00e5 Noblaskolan T\u00e4by? H\u00e4r ber\u00e4ttar v\u00e5ra elever om sin vardag, vad de tycker om att g\u00f6ra p\u00e5 skolan och hur de ser p\u00e5 framtiden.<\/p>\n\n\n\n\n\n<h2 class=\"wp-block-heading\">Lukas \u2013 Elev i f\u00f6rskoleklass<\/h2>\n\n\n\n<h3 class=\"wp-block-heading\">Vad \u00e4r det b\u00e4sta med att g\u00e5 p\u00e5 din skola?<\/h3>\n\n\n\n<p>Det b\u00e4sta med min skola \u00e4r att man f\u00e5r j\u00e4ttem\u00e5nga kompisar. Jag har f\u00e5tt s\u00e5 m\u00e5nga s\u00e5 att jag har tappat r\u00e4kningen. Man l\u00e4ser mycket ocks\u00e5 och det gillar jag, ibland f\u00e5r vi g\u00e5 till skolans bibliotek och d\u00e4r finns det bra b\u00f6cker. Man f\u00e5r ocks\u00e5 leka mycket i skogen p\u00e5 rasten och v\u00e5r skog \u00e4r v\u00e4ldigt stor. Jag gillar maten ocks\u00e5.<\/p>\n\n\n\n<h3 class=\"wp-block-heading\">Vad tycker du \u00e4r roligast att l\u00e4ra dig h\u00e4r?<\/h3>\n\n\n\n<p>Matte \u00e4r roligast! Vi r\u00e4knar j\u00e4ttemycket och jobbar med tal. Just nu h\u00e5ller vi p\u00e5 med tallinjen och det \u00e4r kul. Jag har ocks\u00e5 gjort en p\u00e5sktupp som jag kan l\u00e4gga godis eller l\u00e4sk i. Det var roligt att g\u00f6ra!<\/p>\n\n\n\n<h3 class=\"wp-block-heading\">Vad har du l\u00e4rt dig som du inte kunde f\u00f6rut?<\/h3>\n\n\n\n<p>Nu har jag l\u00e4rt mig att l\u00e4sa f\u00f6r det kunde jag inte f\u00f6rut. Vi kan ocks\u00e5 g\u00f6ra meningar.<\/p>\n\n\n\n\n<figure  class=\"ams-media l-container l-stack l-stack-2xs u-pt-fluid-md-xl u-pb-fluid-md-xl is-center is-left@md\"  style=\"--width-desktop: 400px;\">\n\t\t\t\t\t<picture><source media=\"(min-width: 32em)\" srcset=\"https:\/\/noblaskolan.se\/wp-content\/uploads\/sites\/32\/2026\/04\/img1961-scaled-e1776343319136-600x739.jpeg 600w, https:\/\/noblaskolan.se\/wp-content\/uploads\/sites\/32\/2026\/04\/img1961-scaled-e1776343319136-300x370.jpeg 300w, https:\/\/noblaskolan.se\/wp-content\/uploads\/sites\/32\/2026\/04\/img1961-scaled-e1776343319136-400x493.jpeg 400w, https:\/\/noblaskolan.se\/wp-content\/uploads\/sites\/32\/2026\/04\/img1961-scaled-e1776343319136-800x986.jpeg 800w, https:\/\/noblaskolan.se\/wp-content\/uploads\/sites\/32\/2026\/04\/img1961-scaled-e1776343319136-1024x1262.jpeg 1024w, https:\/\/noblaskolan.se\/wp-content\/uploads\/sites\/32\/2026\/04\/img1961-scaled-e1776343319136-1200x1479.jpeg 1200w, https:\/\/noblaskolan.se\/wp-content\/uploads\/sites\/32\/2026\/04\/img1961-scaled-e1776343319136.jpeg 1693w\" sizes=\"(max-width: 600px) 100vw, 600px\" \/><source srcset=\"https:\/\/noblaskolan.se\/wp-content\/uploads\/sites\/32\/2026\/04\/img1961-scaled-e1776343319136-400x493.jpeg 400w, https:\/\/noblaskolan.se\/wp-content\/uploads\/sites\/32\/2026\/04\/img1961-scaled-e1776343319136-300x370.jpeg 300w, https:\/\/noblaskolan.se\/wp-content\/uploads\/sites\/32\/2026\/04\/img1961-scaled-e1776343319136-600x739.jpeg 600w, https:\/\/noblaskolan.se\/wp-content\/uploads\/sites\/32\/2026\/04\/img1961-scaled-e1776343319136-800x986.jpeg 800w, https:\/\/noblaskolan.se\/wp-content\/uploads\/sites\/32\/2026\/04\/img1961-scaled-e1776343319136-1024x1262.jpeg 1024w, https:\/\/noblaskolan.se\/wp-content\/uploads\/sites\/32\/2026\/04\/img1961-scaled-e1776343319136-1200x1479.jpeg 1200w, https:\/\/noblaskolan.se\/wp-content\/uploads\/sites\/32\/2026\/04\/img1961-scaled-e1776343319136.jpeg 1693w\" sizes=\"(max-width: 400px) 100vw, 400px\" \/><img decoding=\"async\" width=\"600\" height=\"739\" src=\"https:\/\/noblaskolan.se\/wp-content\/uploads\/sites\/32\/2026\/04\/img1961-scaled-e1776343319136-600x739.jpeg\" class=\"ams-media__image u-ratio-portrait u-radius-square\" alt=\"\" sizes=\"(max-width: 600px) 100vw, 600px\" srcset=\"https:\/\/noblaskolan.se\/wp-content\/uploads\/sites\/32\/2026\/04\/img1961-scaled-e1776343319136-600x739.jpeg 600w, https:\/\/noblaskolan.se\/wp-content\/uploads\/sites\/32\/2026\/04\/img1961-scaled-e1776343319136-300x370.jpeg 300w, https:\/\/noblaskolan.se\/wp-content\/uploads\/sites\/32\/2026\/04\/img1961-scaled-e1776343319136-400x493.jpeg 400w, https:\/\/noblaskolan.se\/wp-content\/uploads\/sites\/32\/2026\/04\/img1961-scaled-e1776343319136-800x986.jpeg 800w, https:\/\/noblaskolan.se\/wp-content\/uploads\/sites\/32\/2026\/04\/img1961-scaled-e1776343319136-1024x1262.jpeg 1024w, https:\/\/noblaskolan.se\/wp-content\/uploads\/sites\/32\/2026\/04\/img1961-scaled-e1776343319136-1200x1479.jpeg 1200w, https:\/\/noblaskolan.se\/wp-content\/uploads\/sites\/32\/2026\/04\/img1961-scaled-e1776343319136.jpeg 1693w\" \/><\/picture>\n\t\t\n\t\n\t<\/figure>\n\n\n\n<h2 class=\"wp-block-heading\">Elin \u2013 Elev i \u00e5k 4<\/h2>\n\n\n\n<h3 class=\"wp-block-heading\">Vad \u00e4r det b\u00e4sta med att g\u00e5 p\u00e5 din skola?<\/h3>\n\n\n\n<p>Det b\u00e4sta med min skola \u00e4r att l\u00e4rarna \u00e4r superroliga och sn\u00e4lla. Jag tycker ocks\u00e5 att maten i skolan \u00e4r j\u00e4ttegod. Vi har ett bra bibliotek med m\u00e5nga bra b\u00f6cker ocks\u00e5 och det \u00e4r bra f\u00f6r jag gillar att l\u00e4sa. P\u00e5 fritids finns det massor av roliga aktiviteter att g\u00f6ra. Jag gillar m\u00e5nga \u00e4mnen, men mest tycker jag om matte, biologi, fysik och bild och allt det h\u00e4r f\u00e5r jag tr\u00e4na p\u00e5 i skolan.<\/p>\n\n\n\n<h3 class=\"wp-block-heading\">N\u00e4r k\u00e4nner du att du har gjort ett bra jobb i skolan?<\/h3>\n\n\n\n<p>Jag k\u00e4nner att jag har gjort ett bra jobb n\u00e4r jag f\u00e5r ber\u00f6m av mina l\u00e4rare eller n\u00e4r det g\u00e5r bra p\u00e5 prov, till exempel n\u00e4r jag lyckas och f\u00e5r full pott. D\u00e5 blir jag j\u00e4tteglad och vill visa det f\u00f6r mina f\u00f6r\u00e4ldrar. L\u00e4rarna l\u00e5ter oss tr\u00e4na mycket h\u00e4r i skolan och det g\u00f6r det l\u00e4ttare att f\u00e5 bra resultat. Jag k\u00e4nner mig ocks\u00e5 stolt n\u00e4r jag hj\u00e4lper n\u00e5gon kompis och n\u00e4r vi g\u00f6r n\u00e5got tillsammans.<\/p>\n\n\n\n<h3 class=\"wp-block-heading\">Vad vill du bli n\u00e4r du blir stor?<\/h3>\n\n\n\n<p>N\u00e4r jag blir stor vill jag bli l\u00e4kare, det har jag velat bli sedan jag var 5 \u00e5r. Men jag skulle ocks\u00e5 kunna t\u00e4nka mig att bli designer, f\u00f6r jag gillar sl\u00f6jd och bild och att skapa saker.<\/p>\n\n\n\n\n<figure  class=\"ams-media l-container l-stack l-stack-2xs u-pt-fluid-md-xl u-pb-fluid-md-xl is-center is-left@md\"  style=\"--width-desktop: 400px;\">\n\t\t\t\t\t<picture><source media=\"(min-width: 32em)\" srcset=\"https:\/\/noblaskolan.se\/wp-content\/uploads\/sites\/32\/2026\/04\/img1958-e1776342489854-600x716.jpeg 600w, https:\/\/noblaskolan.se\/wp-content\/uploads\/sites\/32\/2026\/04\/img1958-e1776342489854-300x358.jpeg 300w, https:\/\/noblaskolan.se\/wp-content\/uploads\/sites\/32\/2026\/04\/img1958-e1776342489854-400x477.jpeg 400w, https:\/\/noblaskolan.se\/wp-content\/uploads\/sites\/32\/2026\/04\/img1958-e1776342489854-800x955.jpeg 800w, https:\/\/noblaskolan.se\/wp-content\/uploads\/sites\/32\/2026\/04\/img1958-e1776342489854-1024x1222.jpeg 1024w, https:\/\/noblaskolan.se\/wp-content\/uploads\/sites\/32\/2026\/04\/img1958-e1776342489854-1200x1432.jpeg 1200w, https:\/\/noblaskolan.se\/wp-content\/uploads\/sites\/32\/2026\/04\/img1958-e1776342489854.jpeg 1719w\" sizes=\"(max-width: 600px) 100vw, 600px\" \/><source srcset=\"https:\/\/noblaskolan.se\/wp-content\/uploads\/sites\/32\/2026\/04\/img1958-e1776342489854-400x477.jpeg 400w, https:\/\/noblaskolan.se\/wp-content\/uploads\/sites\/32\/2026\/04\/img1958-e1776342489854-300x358.jpeg 300w, https:\/\/noblaskolan.se\/wp-content\/uploads\/sites\/32\/2026\/04\/img1958-e1776342489854-600x716.jpeg 600w, https:\/\/noblaskolan.se\/wp-content\/uploads\/sites\/32\/2026\/04\/img1958-e1776342489854-800x955.jpeg 800w, https:\/\/noblaskolan.se\/wp-content\/uploads\/sites\/32\/2026\/04\/img1958-e1776342489854-1024x1222.jpeg 1024w, https:\/\/noblaskolan.se\/wp-content\/uploads\/sites\/32\/2026\/04\/img1958-e1776342489854-1200x1432.jpeg 1200w, https:\/\/noblaskolan.se\/wp-content\/uploads\/sites\/32\/2026\/04\/img1958-e1776342489854.jpeg 1719w\" sizes=\"(max-width: 400px) 100vw, 400px\" \/><img decoding=\"async\" width=\"600\" height=\"716\" src=\"https:\/\/noblaskolan.se\/wp-content\/uploads\/sites\/32\/2026\/04\/img1958-e1776342489854-600x716.jpeg\" class=\"ams-media__image u-ratio-portrait u-radius-square\" alt=\"\" sizes=\"(max-width: 600px) 100vw, 600px\" srcset=\"https:\/\/noblaskolan.se\/wp-content\/uploads\/sites\/32\/2026\/04\/img1958-e1776342489854-600x716.jpeg 600w, https:\/\/noblaskolan.se\/wp-content\/uploads\/sites\/32\/2026\/04\/img1958-e1776342489854-300x358.jpeg 300w, https:\/\/noblaskolan.se\/wp-content\/uploads\/sites\/32\/2026\/04\/img1958-e1776342489854-400x477.jpeg 400w, https:\/\/noblaskolan.se\/wp-content\/uploads\/sites\/32\/2026\/04\/img1958-e1776342489854-800x955.jpeg 800w, https:\/\/noblaskolan.se\/wp-content\/uploads\/sites\/32\/2026\/04\/img1958-e1776342489854-1024x1222.jpeg 1024w, https:\/\/noblaskolan.se\/wp-content\/uploads\/sites\/32\/2026\/04\/img1958-e1776342489854-1200x1432.jpeg 1200w, https:\/\/noblaskolan.se\/wp-content\/uploads\/sites\/32\/2026\/04\/img1958-e1776342489854.jpeg 1719w\" \/><\/picture>\n\t\t\n\t\n\t<\/figure>\n\n\n\n<h2 class=\"wp-block-heading\">Edwin \u2013 Elev i \u00e5k 8<\/h2>\n\n\n\n<h3 class=\"wp-block-heading\">Hur skulle du beskriva din skola f\u00f6r n\u00e5gon som inte g\u00e5r h\u00e4r?<\/h3>\n\n\n\n<p>Jag skulle s\u00e4ga att v\u00e5r skola \u00e4r en lugn och trygg plats, vilket g\u00f6r att man verkligen kan fokusera p\u00e5 att l\u00e4ra sig. L\u00e4get \u00e4r bra och vi har bra material i undervisningen. L\u00e4rarna \u00e4r professionella och hj\u00e4lper oss att utvecklas. Det finns ocks\u00e5 m\u00f6jlighet att vara kreativ, b\u00e5de inne och ute, vilket g\u00f6r skoldagarna varierade. Vi har en bra balans mellan lektioner och raster, och det \u00e4r en bra st\u00e4mning i klasserna och p\u00e5 skolan. Sammanh\u00e5llningen \u00e4r ocks\u00e5 v\u00e4ldigt bra. Och en sak till \u2013 maten \u00e4r faktiskt v\u00e4ldigt bra!<\/p>\n\n\n\n<h3 class=\"wp-block-heading\">Hur har du utvecklats under din tid p\u00e5 skolan?<\/h3>\n\n\n\n<p>Under min tid p\u00e5 skolan har jag utvecklats mycket, b\u00e5de i skolarbetet och som person. Jag har blivit tryggare, l\u00e4rt mig samarbeta och f\u00f6rst\u00e5 mig sj\u00e4lv b\u00e4ttre. Jag har ocks\u00e5 f\u00e5tt v\u00e4nner som betyder mycket och som jag tror att jag kommer ha kvar l\u00e4nge.<\/p>\n\n\n\n<h3 class=\"wp-block-heading\">Hur har skolan f\u00f6rberett dig inf\u00f6r gymnasiet och framtiden?<\/h3>\n\n\n\n<p>Skolan har hj\u00e4lpt mig att v\u00e4xa b\u00e5de i skolan och som person. Jag har l\u00e4rt mig att ta ansvar, planera och klara av utmaningar. Jag k\u00e4nner mig tryggare i mig sj\u00e4lv och mer redo f\u00f6r gymnasiet. Jag vet ocks\u00e5 mer om vad jag vill i framtiden.<\/p>\n\n\n\n\n<figure  class=\"ams-media l-container l-stack l-stack-2xs u-pt-fluid-md-xl u-pb-fluid-md-xl is-center is-left@md\"  style=\"--width-desktop: 400px;\">\n\t\t\t\t\t<picture><source media=\"(min-width: 32em)\" srcset=\"https:\/\/noblaskolan.se\/wp-content\/uploads\/sites\/32\/2026\/04\/202604161211542-600x639.jpg 600w, https:\/\/noblaskolan.se\/wp-content\/uploads\/sites\/32\/2026\/04\/202604161211542-300x319.jpg 300w, https:\/\/noblaskolan.se\/wp-content\/uploads\/sites\/32\/2026\/04\/202604161211542-400x426.jpg 400w, https:\/\/noblaskolan.se\/wp-content\/uploads\/sites\/32\/2026\/04\/202604161211542-800x852.jpg 800w, https:\/\/noblaskolan.se\/wp-content\/uploads\/sites\/32\/2026\/04\/202604161211542-1024x1090.jpg 1024w, https:\/\/noblaskolan.se\/wp-content\/uploads\/sites\/32\/2026\/04\/202604161211542-1200x1278.jpg 1200w\" sizes=\"(max-width: 600px) 100vw, 600px\" \/><source srcset=\"https:\/\/noblaskolan.se\/wp-content\/uploads\/sites\/32\/2026\/04\/202604161211542-400x426.jpg 400w, https:\/\/noblaskolan.se\/wp-content\/uploads\/sites\/32\/2026\/04\/202604161211542-300x319.jpg 300w, https:\/\/noblaskolan.se\/wp-content\/uploads\/sites\/32\/2026\/04\/202604161211542-600x639.jpg 600w, https:\/\/noblaskolan.se\/wp-content\/uploads\/sites\/32\/2026\/04\/202604161211542-800x852.jpg 800w, https:\/\/noblaskolan.se\/wp-content\/uploads\/sites\/32\/2026\/04\/202604161211542-1024x1090.jpg 1024w, https:\/\/noblaskolan.se\/wp-content\/uploads\/sites\/32\/2026\/04\/202604161211542-1200x1278.jpg 1200w\" sizes=\"(max-width: 400px) 100vw, 400px\" \/><img decoding=\"async\" width=\"600\" height=\"639\" src=\"https:\/\/noblaskolan.se\/wp-content\/uploads\/sites\/32\/2026\/04\/202604161211542-600x639.jpg\" class=\"ams-media__image u-ratio-portrait u-radius-square\" alt=\"\" sizes=\"(max-width: 600px) 100vw, 600px\" srcset=\"https:\/\/noblaskolan.se\/wp-content\/uploads\/sites\/32\/2026\/04\/202604161211542-600x639.jpg 600w, https:\/\/noblaskolan.se\/wp-content\/uploads\/sites\/32\/2026\/04\/202604161211542-300x319.jpg 300w, https:\/\/noblaskolan.se\/wp-content\/uploads\/sites\/32\/2026\/04\/202604161211542-400x426.jpg 400w, https:\/\/noblaskolan.se\/wp-content\/uploads\/sites\/32\/2026\/04\/202604161211542-800x852.jpg 800w, https:\/\/noblaskolan.se\/wp-content\/uploads\/sites\/32\/2026\/04\/202604161211542-1024x1090.jpg 1024w, https:\/\/noblaskolan.se\/wp-content\/uploads\/sites\/32\/2026\/04\/202604161211542-1200x1278.jpg 1200w\" \/><\/picture>\n\t\t\n\t\n\t<\/figure>\n<\/div>\n\n\n\n\n\n<section  class=\"ams-article c-block l-stacked js-load-more\" data-count=\"3\" data-count-mobile=\"2\">\n\t<div class=\"l-container l-stack l-stack-fluid-2xl u-pt-fluid-Ingen u-pb-fluid-2xl-4xl is-center is-center@md\">\n\t\t\t\t\t<div class=\"ams-article__intro l-stack l-stack-lg\">\n\t\t\t\t\t\n\t<h2\n\tclass=\"c-heading u-font-title-1 \"\n\tstyle=\"\">\n\t\t\n\t\t\t\t\tL\u00e4s mer fr\u00e5n oss\n\t\t\t\t\n\t<\/h2>\n\n\t\t\t\t\t\t\t<\/div>\n\t\t\n\t\t\t\n\t    \n\t\n\t<ul id=\"ams-article-list-69ef2d6f72b48\" class=\"ams-article__list l-grid u-gap-2xl u-justify-center js-results \" aria-label=\"Artiklar\" data-filter-animation=\"off\">\n\t\t\t\t\t\t\t\t\t\t\t\t\t\t\t\t\t\n\t\t\t\n\t\t\t\n\t\t\t<li class=\"l-col-6@md l-col-4@lg \" data-filter=\"allmant augusti-2025\">\n\t\t\t\t<article class=\"c-card  has-media-zoom  \" data-variant=\"border\" data-style=\"square\" data-click-area>\n\t\t\t\t\t<div class=\"c-card__content l-stack l-stack-sm\">\n\n\t\t\t\t\t\t\t\t\t\t\t\t\t<time class=\"c-card__date u-font-small\" datetime=\"2025-08-15\">15 augusti, 2025<\/time>\n\t\t\t\t\t\t\n\t\t\t\t\t\t\t\t\t\t\t\t\t<h3 class=\"c-card__title u-font-title-3\">\n\t\t\t\t\t\t\t\t\t\t\t\t\t\t\t\t\t<a class=\"c-card__link\" href=\"https:\/\/noblaskolan.se\/taby\/artikel\/lokal\/trygg-skolstart-med-studiero-sa-arbetar-vi-pa-noblaskolan\">\n\t\t\t\t\t\t\t\t\t\tTrygg skolstart med studiero \u2013 s\u00e5 arbeta&#8230;\n\t\t\t\t\t\t\t\t\t<\/a>\n\t\t\t\t\t\t\t\t\t\t\t\t\t\t\t<\/h3>\n\t\t\t\t\t\t\n\t\t\t\t\t\t\t\t\t\t\t\t\t<p class=\"c-card__text l-stack-xs u-font-body\">\n\t\t\t\t\t\t\t\tN\u00e4r en ny termin n\u00e4rmar sig v\u00e4cks ofta m\u00e5nga fr\u00e5gor hos v\u00e5rdnadshavare:\r\nHur kom&#8230;\n\t\t\t\t\t\t\t<\/p>\n\t\t\t\t\t\t\n\t\t\t\t\t\t\t\t\t\t\t\t\t<ul class=\"c-card__tags l-stack-grow u-list-none u-pt-md\" aria-label=\"Kategorier\">\n\t\t\t\t\t\t\t\t\t\t\t\t\t\t\t\t\t<li><span class=\"c-tag\" data-variant=\"outline\">Allm\u00e4nt<\/span><\/li>\n\t\t\t\t\t\t\t\t\t\t\t\t\t\t\t<\/ul>\n\t\t\t\t\t\t\n\t\t\t\t\t\t<div class=\"c-card__icon\">\n\t\t\t\t\t\t\t\t\t\t\t\t\t\t<svg class=\"ams-icon ams-icon--arrow-right\" width=\"32\" height=\"32\" viewbox=\"0 0 32 32\" fill=\"currentColor\" aria-hidden=\"true\" xmlns=\"http:\/\/www.w3.org\/2000\/svg\">\n\t\t\t\t\t\t\t\t\t\t\t\t\t\t\t\t<path d=\"M15.4617 0.252159L14.9567 0.75931C14.6219 1.09545 14.6219 1.64048 14.9567 1.97669L27.7062 14.7806H0.857144C0.383786 14.7806 0 15.166 0 15.6414V16.3587C0 16.8341 0.383786 17.2195 0.857144 17.2195H27.7062L14.9567 30.0234C14.6219 30.3595 14.6219 30.9045 14.9567 31.2407L15.4617 31.7479C15.7964 32.084 16.3392 32.084 16.6739 31.7479L31.749 16.6087C32.0837 16.2725 32.0837 15.7275 31.749 15.3913L16.6739 0.252159C16.3392 -0.084053 15.7964 -0.084053 15.4617 0.252159Z\"\/>\n\t\t\t\t\t\t\t\n\t\t\t\t\t\t\t<\/svg>\n\t\t\t\t\t\t<\/div>\n\t\t\t\t\t<\/div>\n\n\t\t\t\t\t<div class=\"c-card__media \" style=\" \">\n\t\t\t\t\t\t<img decoding=\"async\" width=\"400\" height=\"267\" src=\"https:\/\/noblaskolan.se\/wp-content\/uploads\/2025\/08\/noblaskolansaltsjo-boo202504mellanstadiewebb3-400x267.jpg\" class=\"attachment-sm size-sm\" alt=\"L\u00e4rare hj\u00e4lper elev som sitter vid sin b\u00e4nk i klassrummet.\" sizes=\"(min-width: 64em) 300px, (min-width: 48em) calc(.50 * (100vw - 224px)), calc(100vw - 160px)\" srcset=\"https:\/\/noblaskolan.se\/wp-content\/uploads\/2025\/08\/noblaskolansaltsjo-boo202504mellanstadiewebb3-400x267.jpg 400w, https:\/\/noblaskolan.se\/wp-content\/uploads\/2025\/08\/noblaskolansaltsjo-boo202504mellanstadiewebb3-300x200.jpg 300w, https:\/\/noblaskolan.se\/wp-content\/uploads\/2025\/08\/noblaskolansaltsjo-boo202504mellanstadiewebb3-600x400.jpg 600w, https:\/\/noblaskolan.se\/wp-content\/uploads\/2025\/08\/noblaskolansaltsjo-boo202504mellanstadiewebb3-800x534.jpg 800w, https:\/\/noblaskolan.se\/wp-content\/uploads\/2025\/08\/noblaskolansaltsjo-boo202504mellanstadiewebb3.jpg 1000w\" \/>\n\t\t\t\t\t<\/div>\n\t\t\t\t<\/article>\n\t\t\t<\/li>\n\t\t\t\t\t\t\t\t\t\t\t\t\t\t\t\t\t\n\t\t\t\n\t\t\t\n\t\t\t<li class=\"l-col-6@md l-col-4@lg \" data-filter=\"allmant augusti-2025\">\n\t\t\t\t<article class=\"c-card  has-media-zoom  \" data-variant=\"border\" data-style=\"square\" data-click-area>\n\t\t\t\t\t<div class=\"c-card__content l-stack l-stack-sm\">\n\n\t\t\t\t\t\t\t\t\t\t\t\t\t<time class=\"c-card__date u-font-small\" datetime=\"2025-08-07\">7 augusti, 2025<\/time>\n\t\t\t\t\t\t\n\t\t\t\t\t\t\t\t\t\t\t\t\t<h3 class=\"c-card__title u-font-title-3\">\n\t\t\t\t\t\t\t\t\t\t\t\t\t\t\t\t\t<a class=\"c-card__link\" href=\"https:\/\/noblaskolan.se\/taby\/artikel\/lokal\/forsta-dagen-i-skolan-en-trygg-start-pa-noblaskolan\">\n\t\t\t\t\t\t\t\t\t\tF\u00f6rsta dagen i skolan \u2013 en trygg start p&#8230;\n\t\t\t\t\t\t\t\t\t<\/a>\n\t\t\t\t\t\t\t\t\t\t\t\t\t\t\t<\/h3>\n\t\t\t\t\t\t\n\t\t\t\t\t\t\t\t\t\t\t\t\t<p class=\"c-card__text l-stack-xs u-font-body\">\n\t\t\t\t\t\t\t\tAtt b\u00f6rja i skolan \u00e4r ett stort steg \u2013 b\u00e5de f\u00f6r barn och v\u00e5rdnadshavare. Det kan&#8230;\n\t\t\t\t\t\t\t<\/p>\n\t\t\t\t\t\t\n\t\t\t\t\t\t\t\t\t\t\t\t\t<ul class=\"c-card__tags l-stack-grow u-list-none u-pt-md\" aria-label=\"Kategorier\">\n\t\t\t\t\t\t\t\t\t\t\t\t\t\t\t\t\t<li><span class=\"c-tag\" data-variant=\"outline\">Allm\u00e4nt<\/span><\/li>\n\t\t\t\t\t\t\t\t\t\t\t\t\t\t\t<\/ul>\n\t\t\t\t\t\t\n\t\t\t\t\t\t<div class=\"c-card__icon\">\n\t\t\t\t\t\t\t\t\t\t\t\t\t\t<svg class=\"ams-icon ams-icon--arrow-right\" width=\"32\" height=\"32\" viewbox=\"0 0 32 32\" fill=\"currentColor\" aria-hidden=\"true\" xmlns=\"http:\/\/www.w3.org\/2000\/svg\">\n\t\t\t\t\t\t\t\t\t\t\t\t\t\t\t\t<path d=\"M15.4617 0.252159L14.9567 0.75931C14.6219 1.09545 14.6219 1.64048 14.9567 1.97669L27.7062 14.7806H0.857144C0.383786 14.7806 0 15.166 0 15.6414V16.3587C0 16.8341 0.383786 17.2195 0.857144 17.2195H27.7062L14.9567 30.0234C14.6219 30.3595 14.6219 30.9045 14.9567 31.2407L15.4617 31.7479C15.7964 32.084 16.3392 32.084 16.6739 31.7479L31.749 16.6087C32.0837 16.2725 32.0837 15.7275 31.749 15.3913L16.6739 0.252159C16.3392 -0.084053 15.7964 -0.084053 15.4617 0.252159Z\"\/>\n\t\t\t\t\t\t\t\n\t\t\t\t\t\t\t<\/svg>\n\t\t\t\t\t\t<\/div>\n\t\t\t\t\t<\/div>\n\n\t\t\t\t\t<div class=\"c-card__media \" style=\" \">\n\t\t\t\t\t\t<img decoding=\"async\" width=\"400\" height=\"267\" src=\"https:\/\/noblaskolan.se\/wp-content\/uploads\/2025\/08\/noblaskolansaltsjo-boo202504lagstadiewebb2-400x267.jpg\" class=\"attachment-sm size-sm\" alt=\"\" sizes=\"(min-width: 64em) 300px, (min-width: 48em) calc(.50 * (100vw - 224px)), calc(100vw - 160px)\" srcset=\"https:\/\/noblaskolan.se\/wp-content\/uploads\/2025\/08\/noblaskolansaltsjo-boo202504lagstadiewebb2-400x267.jpg 400w, https:\/\/noblaskolan.se\/wp-content\/uploads\/2025\/08\/noblaskolansaltsjo-boo202504lagstadiewebb2-300x200.jpg 300w, https:\/\/noblaskolan.se\/wp-content\/uploads\/2025\/08\/noblaskolansaltsjo-boo202504lagstadiewebb2-600x400.jpg 600w, https:\/\/noblaskolan.se\/wp-content\/uploads\/2025\/08\/noblaskolansaltsjo-boo202504lagstadiewebb2-800x534.jpg 800w, https:\/\/noblaskolan.se\/wp-content\/uploads\/2025\/08\/noblaskolansaltsjo-boo202504lagstadiewebb2.jpg 1000w\" \/>\n\t\t\t\t\t<\/div>\n\t\t\t\t<\/article>\n\t\t\t<\/li>\n\t\t\t\t\t\t\t\t\t\t\t\t\t\t\t\t\t\n\t\t\t\n\t\t\t\n\t\t\t<li class=\"l-col-6@md l-col-4@lg \" data-filter=\"allmant augusti-2024\">\n\t\t\t\t<article class=\"c-card  has-media-zoom  \" data-variant=\"border\" data-style=\"square\" data-click-area>\n\t\t\t\t\t<div class=\"c-card__content l-stack l-stack-sm\">\n\n\t\t\t\t\t\t\t\t\t\t\t\t\t<time class=\"c-card__date u-font-small\" datetime=\"2024-08-21\">21 augusti, 2024<\/time>\n\t\t\t\t\t\t\n\t\t\t\t\t\t\t\t\t\t\t\t\t<h3 class=\"c-card__title u-font-title-3\">\n\t\t\t\t\t\t\t\t\t\t\t\t\t\t\t\t\t<a class=\"c-card__link\" href=\"https:\/\/noblaskolan.se\/taby\/artikel\/lokal\/skolstart-2024\">\n\t\t\t\t\t\t\t\t\t\tNu har h\u00f6stterminen b\u00f6rjat\n\t\t\t\t\t\t\t\t\t<\/a>\n\t\t\t\t\t\t\t\t\t\t\t\t\t\t\t<\/h3>\n\t\t\t\t\t\t\n\t\t\t\t\t\t\t\t\t\t\t\t\t<p class=\"c-card__text l-stack-xs u-font-body\">\n\t\t\t\t\t\t\t\tSkolan har \u00e4ntligen b\u00f6rjat och vi v\u00e4lkomnar tv\u00e5 nya skolor till Noblaskolan.\n\t\t\t\t\t\t\t<\/p>\n\t\t\t\t\t\t\n\t\t\t\t\t\t\t\t\t\t\t\t\t<ul class=\"c-card__tags l-stack-grow u-list-none u-pt-md\" aria-label=\"Kategorier\">\n\t\t\t\t\t\t\t\t\t\t\t\t\t\t\t\t\t<li><span class=\"c-tag\" data-variant=\"outline\">Allm\u00e4nt<\/span><\/li>\n\t\t\t\t\t\t\t\t\t\t\t\t\t\t\t<\/ul>\n\t\t\t\t\t\t\n\t\t\t\t\t\t<div class=\"c-card__icon\">\n\t\t\t\t\t\t\t\t\t\t\t\t\t\t<svg class=\"ams-icon ams-icon--arrow-right\" width=\"32\" height=\"32\" viewbox=\"0 0 32 32\" fill=\"currentColor\" aria-hidden=\"true\" xmlns=\"http:\/\/www.w3.org\/2000\/svg\">\n\t\t\t\t\t\t\t\t\t\t\t\t\t\t\t\t<path d=\"M15.4617 0.252159L14.9567 0.75931C14.6219 1.09545 14.6219 1.64048 14.9567 1.97669L27.7062 14.7806H0.857144C0.383786 14.7806 0 15.166 0 15.6414V16.3587C0 16.8341 0.383786 17.2195 0.857144 17.2195H27.7062L14.9567 30.0234C14.6219 30.3595 14.6219 30.9045 14.9567 31.2407L15.4617 31.7479C15.7964 32.084 16.3392 32.084 16.6739 31.7479L31.749 16.6087C32.0837 16.2725 32.0837 15.7275 31.749 15.3913L16.6739 0.252159C16.3392 -0.084053 15.7964 -0.084053 15.4617 0.252159Z\"\/>\n\t\t\t\t\t\t\t\n\t\t\t\t\t\t\t<\/svg>\n\t\t\t\t\t\t<\/div>\n\t\t\t\t\t<\/div>\n\n\t\t\t\t\t<div class=\"c-card__media \" style=\" \">\n\t\t\t\t\t\t<img decoding=\"async\" width=\"400\" height=\"250\" src=\"https:\/\/noblaskolan.se\/wp-content\/uploads\/2024\/08\/noblaskolan-skola-skolstart-202308-scaled-e1724232206374-400x250.jpg\" class=\"attachment-sm size-sm\" alt=\"Tv\u00e5 elever p\u00e5 Noblaskolan st\u00e5r och skriver p\u00e5 en whiteboard-tavla i klassrummet.\" sizes=\"(min-width: 64em) 300px, (min-width: 48em) calc(.50 * (100vw - 224px)), calc(100vw - 160px)\" srcset=\"https:\/\/noblaskolan.se\/wp-content\/uploads\/2024\/08\/noblaskolan-skola-skolstart-202308-scaled-e1724232206374-400x250.jpg 400w, https:\/\/noblaskolan.se\/wp-content\/uploads\/2024\/08\/noblaskolan-skola-skolstart-202308-scaled-e1724232206374-300x187.jpg 300w, https:\/\/noblaskolan.se\/wp-content\/uploads\/2024\/08\/noblaskolan-skola-skolstart-202308-scaled-e1724232206374-600x375.jpg 600w, https:\/\/noblaskolan.se\/wp-content\/uploads\/2024\/08\/noblaskolan-skola-skolstart-202308-scaled-e1724232206374-800x500.jpg 800w, https:\/\/noblaskolan.se\/wp-content\/uploads\/2024\/08\/noblaskolan-skola-skolstart-202308-scaled-e1724232206374-1024x640.jpg 1024w, https:\/\/noblaskolan.se\/wp-content\/uploads\/2024\/08\/noblaskolan-skola-skolstart-202308-scaled-e1724232206374-1200x750.jpg 1200w\" \/>\n\t\t\t\t\t<\/div>\n\t\t\t\t<\/article>\n\t\t\t<\/li>\n\t\t\t\t\t\t\t\t\t\t\t\t\t\t\t\t\t\n\t\t\t\n\t\t\t\n\t\t\t<li class=\"l-col-6@md l-col-4@lg \" data-filter=\"allmant juni-2024\">\n\t\t\t\t<article class=\"c-card  has-media-zoom  \" data-variant=\"border\" data-style=\"square\" data-click-area>\n\t\t\t\t\t<div class=\"c-card__content l-stack l-stack-sm\">\n\n\t\t\t\t\t\t\t\t\t\t\t\t\t<time class=\"c-card__date u-font-small\" datetime=\"2024-06-19\">19 juni, 2024<\/time>\n\t\t\t\t\t\t\n\t\t\t\t\t\t\t\t\t\t\t\t\t<h3 class=\"c-card__title u-font-title-3\">\n\t\t\t\t\t\t\t\t\t\t\t\t\t\t\t\t\t<a class=\"c-card__link\" href=\"https:\/\/noblaskolan.se\/taby\/artikel\/lokal\/sommarlovstips\">\n\t\t\t\t\t\t\t\t\t\t\u00c4ntligen sommarlov!\n\t\t\t\t\t\t\t\t\t<\/a>\n\t\t\t\t\t\t\t\t\t\t\t\t\t\t\t<\/h3>\n\t\t\t\t\t\t\n\t\t\t\t\t\t\t\t\t\t\t\t\t<p class=\"c-card__text l-stack-xs u-font-body\">\n\t\t\t\t\t\t\t\t3 tips f\u00f6r en sk\u00f6n sommar och hur ni laddar om inf\u00f6r h\u00f6sten.\n\t\t\t\t\t\t\t<\/p>\n\t\t\t\t\t\t\n\t\t\t\t\t\t\t\t\t\t\t\t\t<ul class=\"c-card__tags l-stack-grow u-list-none u-pt-md\" aria-label=\"Kategorier\">\n\t\t\t\t\t\t\t\t\t\t\t\t\t\t\t\t\t<li><span class=\"c-tag\" data-variant=\"outline\">Allm\u00e4nt<\/span><\/li>\n\t\t\t\t\t\t\t\t\t\t\t\t\t\t\t<\/ul>\n\t\t\t\t\t\t\n\t\t\t\t\t\t<div class=\"c-card__icon\">\n\t\t\t\t\t\t\t\t\t\t\t\t\t\t<svg class=\"ams-icon ams-icon--arrow-right\" width=\"32\" height=\"32\" viewbox=\"0 0 32 32\" fill=\"currentColor\" aria-hidden=\"true\" xmlns=\"http:\/\/www.w3.org\/2000\/svg\">\n\t\t\t\t\t\t\t\t\t\t\t\t\t\t\t\t<path d=\"M15.4617 0.252159L14.9567 0.75931C14.6219 1.09545 14.6219 1.64048 14.9567 1.97669L27.7062 14.7806H0.857144C0.383786 14.7806 0 15.166 0 15.6414V16.3587C0 16.8341 0.383786 17.2195 0.857144 17.2195H27.7062L14.9567 30.0234C14.6219 30.3595 14.6219 30.9045 14.9567 31.2407L15.4617 31.7479C15.7964 32.084 16.3392 32.084 16.6739 31.7479L31.749 16.6087C32.0837 16.2725 32.0837 15.7275 31.749 15.3913L16.6739 0.252159C16.3392 -0.084053 15.7964 -0.084053 15.4617 0.252159Z\"\/>\n\t\t\t\t\t\t\t\n\t\t\t\t\t\t\t<\/svg>\n\t\t\t\t\t\t<\/div>\n\t\t\t\t\t<\/div>\n\n\t\t\t\t\t<div class=\"c-card__media \" style=\" \">\n\t\t\t\t\t\t<img decoding=\"async\" width=\"400\" height=\"267\" src=\"https:\/\/noblaskolan.se\/wp-content\/uploads\/2024\/07\/noblaskolan-sommarlov-202308-400x267.jpg\" class=\"attachment-sm size-sm\" alt=\"Elever p\u00e5 Noblaskolan g\u00e5r tillsammans utanf\u00f6r skolan och ler.\" sizes=\"(min-width: 64em) 300px, (min-width: 48em) calc(.50 * (100vw - 224px)), calc(100vw - 160px)\" srcset=\"https:\/\/noblaskolan.se\/wp-content\/uploads\/2024\/07\/noblaskolan-sommarlov-202308-400x267.jpg 400w, https:\/\/noblaskolan.se\/wp-content\/uploads\/2024\/07\/noblaskolan-sommarlov-202308-300x200.jpg 300w, https:\/\/noblaskolan.se\/wp-content\/uploads\/2024\/07\/noblaskolan-sommarlov-202308-600x400.jpg 600w, https:\/\/noblaskolan.se\/wp-content\/uploads\/2024\/07\/noblaskolan-sommarlov-202308-800x533.jpg 800w, https:\/\/noblaskolan.se\/wp-content\/uploads\/2024\/07\/noblaskolan-sommarlov-202308-1024x683.jpg 1024w, https:\/\/noblaskolan.se\/wp-content\/uploads\/2024\/07\/noblaskolan-sommarlov-202308-1200x800.jpg 1200w\" \/>\n\t\t\t\t\t<\/div>\n\t\t\t\t<\/article>\n\t\t\t<\/li>\n\t\t\t\t\t\t\t\t\t\t\t\t\t\t\t\t\t\n\t\t\t\n\t\t\t\n\t\t\t<li class=\"l-col-6@md l-col-4@lg \" data-filter=\"allmant mars-2024\">\n\t\t\t\t<article class=\"c-card  has-media-zoom  \" data-variant=\"border\" data-style=\"square\" data-click-area>\n\t\t\t\t\t<div class=\"c-card__content l-stack l-stack-sm\">\n\n\t\t\t\t\t\t\t\t\t\t\t\t\t<time class=\"c-card__date u-font-small\" datetime=\"2024-03-14\">14 mars, 2024<\/time>\n\t\t\t\t\t\t\n\t\t\t\t\t\t\t\t\t\t\t\t\t<h3 class=\"c-card__title u-font-title-3\">\n\t\t\t\t\t\t\t\t\t\t\t\t\t\t\t\t\t<a class=\"c-card__link\" href=\"https:\/\/noblaskolan.se\/taby\/artikel\/lokal\/internationella-matematikdagen-2024\">\n\t\t\t\t\t\t\t\t\t\tInternationella matematikdagen\n\t\t\t\t\t\t\t\t\t<\/a>\n\t\t\t\t\t\t\t\t\t\t\t\t\t\t\t<\/h3>\n\t\t\t\t\t\t\n\t\t\t\t\t\t\t\t\t\t\t\t\t<p class=\"c-card__text l-stack-xs u-font-body\">\n\t\t\t\t\t\t\t\tVarf\u00f6r \u00e4r matematik s\u00e5 viktigt och hur kan man g\u00f6ra matematik roligt?\n\t\t\t\t\t\t\t<\/p>\n\t\t\t\t\t\t\n\t\t\t\t\t\t\t\t\t\t\t\t\t<ul class=\"c-card__tags l-stack-grow u-list-none u-pt-md\" aria-label=\"Kategorier\">\n\t\t\t\t\t\t\t\t\t\t\t\t\t\t\t\t\t<li><span class=\"c-tag\" data-variant=\"outline\">Allm\u00e4nt<\/span><\/li>\n\t\t\t\t\t\t\t\t\t\t\t\t\t\t\t<\/ul>\n\t\t\t\t\t\t\n\t\t\t\t\t\t<div class=\"c-card__icon\">\n\t\t\t\t\t\t\t\t\t\t\t\t\t\t<svg class=\"ams-icon ams-icon--arrow-right\" width=\"32\" height=\"32\" viewbox=\"0 0 32 32\" fill=\"currentColor\" aria-hidden=\"true\" xmlns=\"http:\/\/www.w3.org\/2000\/svg\">\n\t\t\t\t\t\t\t\t\t\t\t\t\t\t\t\t<path d=\"M15.4617 0.252159L14.9567 0.75931C14.6219 1.09545 14.6219 1.64048 14.9567 1.97669L27.7062 14.7806H0.857144C0.383786 14.7806 0 15.166 0 15.6414V16.3587C0 16.8341 0.383786 17.2195 0.857144 17.2195H27.7062L14.9567 30.0234C14.6219 30.3595 14.6219 30.9045 14.9567 31.2407L15.4617 31.7479C15.7964 32.084 16.3392 32.084 16.6739 31.7479L31.749 16.6087C32.0837 16.2725 32.0837 15.7275 31.749 15.3913L16.6739 0.252159C16.3392 -0.084053 15.7964 -0.084053 15.4617 0.252159Z\"\/>\n\t\t\t\t\t\t\t\n\t\t\t\t\t\t\t<\/svg>\n\t\t\t\t\t\t<\/div>\n\t\t\t\t\t<\/div>\n\n\t\t\t\t\t<div class=\"c-card__media \" style=\" \">\n\t\t\t\t\t\t<img decoding=\"async\" width=\"400\" height=\"267\" src=\"https:\/\/noblaskolan.se\/wp-content\/uploads\/2024\/03\/noblaskolan-internationella-matematikdagen-grundskola-202204-400x267.jpg\" class=\"attachment-sm size-sm\" alt=\"Elever p\u00e5 Noblaskolan r\u00e4knar matte p\u00e5 en whiteboard i ett klassrum.\" sizes=\"(min-width: 64em) 300px, (min-width: 48em) calc(.50 * (100vw - 224px)), calc(100vw - 160px)\" srcset=\"https:\/\/noblaskolan.se\/wp-content\/uploads\/2024\/03\/noblaskolan-internationella-matematikdagen-grundskola-202204-400x267.jpg 400w, https:\/\/noblaskolan.se\/wp-content\/uploads\/2024\/03\/noblaskolan-internationella-matematikdagen-grundskola-202204-300x200.jpg 300w, https:\/\/noblaskolan.se\/wp-content\/uploads\/2024\/03\/noblaskolan-internationella-matematikdagen-grundskola-202204-600x400.jpg 600w, https:\/\/noblaskolan.se\/wp-content\/uploads\/2024\/03\/noblaskolan-internationella-matematikdagen-grundskola-202204-800x533.jpg 800w, https:\/\/noblaskolan.se\/wp-content\/uploads\/2024\/03\/noblaskolan-internationella-matematikdagen-grundskola-202204-1024x683.jpg 1024w, https:\/\/noblaskolan.se\/wp-content\/uploads\/2024\/03\/noblaskolan-internationella-matematikdagen-grundskola-202204-1200x800.jpg 1200w, https:\/\/noblaskolan.se\/wp-content\/uploads\/2024\/03\/noblaskolan-internationella-matematikdagen-grundskola-202204.jpg 1920w\" \/>\n\t\t\t\t\t<\/div>\n\t\t\t\t<\/article>\n\t\t\t<\/li>\n\t\t\t\t\t\t\t\t\t\t\t\t\t\t\t\t\t\n\t\t\t\n\t\t\t\n\t\t\t<li class=\"l-col-6@md l-col-4@lg \" data-filter=\"allmant oktober-2023\">\n\t\t\t\t<article class=\"c-card  has-media-zoom  \" data-variant=\"border\" data-style=\"square\" data-click-area>\n\t\t\t\t\t<div class=\"c-card__content l-stack l-stack-sm\">\n\n\t\t\t\t\t\t\t\t\t\t\t\t\t<time class=\"c-card__date u-font-small\" datetime=\"2023-10-13\">13 oktober, 2023<\/time>\n\t\t\t\t\t\t\n\t\t\t\t\t\t\t\t\t\t\t\t\t<h3 class=\"c-card__title u-font-title-3\">\n\t\t\t\t\t\t\t\t\t\t\t\t\t\t\t\t\t<a class=\"c-card__link\" href=\"https:\/\/noblaskolan.se\/taby\/artikel\/lokal\/nobladagen-2023\">\n\t\t\t\t\t\t\t\t\t\tIdag firar vi Nobladagen!\n\t\t\t\t\t\t\t\t\t<\/a>\n\t\t\t\t\t\t\t\t\t\t\t\t\t\t\t<\/h3>\n\t\t\t\t\t\t\n\t\t\t\t\t\t\t\t\t\t\t\t\t<p class=\"c-card__text l-stack-xs u-font-body\">\n\t\t\t\t\t\t\t\tImorgon 14 oktober fyller vi tre \u00e5r \u2013 men vi firar Nobladage&#8230;\n\t\t\t\t\t\t\t<\/p>\n\t\t\t\t\t\t\n\t\t\t\t\t\t\t\t\t\t\t\t\t<ul class=\"c-card__tags l-stack-grow u-list-none u-pt-md\" aria-label=\"Kategorier\">\n\t\t\t\t\t\t\t\t\t\t\t\t\t\t\t\t\t<li><span class=\"c-tag\" data-variant=\"outline\">Allm\u00e4nt<\/span><\/li>\n\t\t\t\t\t\t\t\t\t\t\t\t\t\t\t<\/ul>\n\t\t\t\t\t\t\n\t\t\t\t\t\t<div class=\"c-card__icon\">\n\t\t\t\t\t\t\t\t\t\t\t\t\t\t<svg class=\"ams-icon ams-icon--arrow-right\" width=\"32\" height=\"32\" viewbox=\"0 0 32 32\" fill=\"currentColor\" aria-hidden=\"true\" xmlns=\"http:\/\/www.w3.org\/2000\/svg\">\n\t\t\t\t\t\t\t\t\t\t\t\t\t\t\t\t<path d=\"M15.4617 0.252159L14.9567 0.75931C14.6219 1.09545 14.6219 1.64048 14.9567 1.97669L27.7062 14.7806H0.857144C0.383786 14.7806 0 15.166 0 15.6414V16.3587C0 16.8341 0.383786 17.2195 0.857144 17.2195H27.7062L14.9567 30.0234C14.6219 30.3595 14.6219 30.9045 14.9567 31.2407L15.4617 31.7479C15.7964 32.084 16.3392 32.084 16.6739 31.7479L31.749 16.6087C32.0837 16.2725 32.0837 15.7275 31.749 15.3913L16.6739 0.252159C16.3392 -0.084053 15.7964 -0.084053 15.4617 0.252159Z\"\/>\n\t\t\t\t\t\t\t\n\t\t\t\t\t\t\t<\/svg>\n\t\t\t\t\t\t<\/div>\n\t\t\t\t\t<\/div>\n\n\t\t\t\t\t<div class=\"c-card__media \" style=\" \">\n\t\t\t\t\t\t<img decoding=\"async\" width=\"400\" height=\"306\" src=\"https:\/\/noblaskolan.se\/wp-content\/uploads\/2023\/10\/noblaskolannobladagensomeinlaggokt2023-1-400x306.jpg\" class=\"attachment-sm size-sm\" alt=\"Elev p\u00e5 Noblaskolan sitter i ett klasssrum och ler.\" sizes=\"(min-width: 64em) 300px, (min-width: 48em) calc(.50 * (100vw - 224px)), calc(100vw - 160px)\" srcset=\"https:\/\/noblaskolan.se\/wp-content\/uploads\/2023\/10\/noblaskolannobladagensomeinlaggokt2023-1-400x306.jpg 400w, https:\/\/noblaskolan.se\/wp-content\/uploads\/2023\/10\/noblaskolannobladagensomeinlaggokt2023-1-300x230.jpg 300w, https:\/\/noblaskolan.se\/wp-content\/uploads\/2023\/10\/noblaskolannobladagensomeinlaggokt2023-1-600x459.jpg 600w, https:\/\/noblaskolan.se\/wp-content\/uploads\/2023\/10\/noblaskolannobladagensomeinlaggokt2023-1-800x613.jpg 800w, https:\/\/noblaskolan.se\/wp-content\/uploads\/2023\/10\/noblaskolannobladagensomeinlaggokt2023-1-1024x784.jpg 1024w, https:\/\/noblaskolan.se\/wp-content\/uploads\/2023\/10\/noblaskolannobladagensomeinlaggokt2023-1-1200x919.jpg 1200w, https:\/\/noblaskolan.se\/wp-content\/uploads\/2023\/10\/noblaskolannobladagensomeinlaggokt2023-1.jpg 1622w\" \/>\n\t\t\t\t\t<\/div>\n\t\t\t\t<\/article>\n\t\t\t<\/li>\n\t\t\t\t\t\t\t\t\t\t\t\t\t\t\t\t\t\n\t\t\t\n\t\t\t\n\t\t\t<li class=\"l-col-6@md l-col-4@lg \" data-filter=\"allmant augusti-2023\">\n\t\t\t\t<article class=\"c-card  has-media-zoom  \" data-variant=\"border\" data-style=\"square\" data-click-area>\n\t\t\t\t\t<div class=\"c-card__content l-stack l-stack-sm\">\n\n\t\t\t\t\t\t\t\t\t\t\t\t\t<time class=\"c-card__date u-font-small\" datetime=\"2023-08-21\">21 augusti, 2023<\/time>\n\t\t\t\t\t\t\n\t\t\t\t\t\t\t\t\t\t\t\t\t<h3 class=\"c-card__title u-font-title-3\">\n\t\t\t\t\t\t\t\t\t\t\t\t\t\t\t\t\t<a class=\"c-card__link\" href=\"https:\/\/noblaskolan.se\/taby\/artikel\/lokal\/skolstart-2023\">\n\t\t\t\t\t\t\t\t\t\tNu startar h\u00f6stterminen!\n\t\t\t\t\t\t\t\t\t<\/a>\n\t\t\t\t\t\t\t\t\t\t\t\t\t\t\t<\/h3>\n\t\t\t\t\t\t\n\t\t\t\t\t\t\t\t\t\t\t\t\t<p class=\"c-card__text l-stack-xs u-font-body\">\n\t\t\t\t\t\t\t\tVi \u00e4r glada \u00f6ver att \u00e4ntligen kunna v\u00e4lkomna alla barn och elever, b\u00e5d&#8230;\n\t\t\t\t\t\t\t<\/p>\n\t\t\t\t\t\t\n\t\t\t\t\t\t\t\t\t\t\t\t\t<ul class=\"c-card__tags l-stack-grow u-list-none u-pt-md\" aria-label=\"Kategorier\">\n\t\t\t\t\t\t\t\t\t\t\t\t\t\t\t\t\t<li><span class=\"c-tag\" data-variant=\"outline\">Allm\u00e4nt<\/span><\/li>\n\t\t\t\t\t\t\t\t\t\t\t\t\t\t\t<\/ul>\n\t\t\t\t\t\t\n\t\t\t\t\t\t<div class=\"c-card__icon\">\n\t\t\t\t\t\t\t\t\t\t\t\t\t\t<svg class=\"ams-icon ams-icon--arrow-right\" width=\"32\" height=\"32\" viewbox=\"0 0 32 32\" fill=\"currentColor\" aria-hidden=\"true\" xmlns=\"http:\/\/www.w3.org\/2000\/svg\">\n\t\t\t\t\t\t\t\t\t\t\t\t\t\t\t\t<path d=\"M15.4617 0.252159L14.9567 0.75931C14.6219 1.09545 14.6219 1.64048 14.9567 1.97669L27.7062 14.7806H0.857144C0.383786 14.7806 0 15.166 0 15.6414V16.3587C0 16.8341 0.383786 17.2195 0.857144 17.2195H27.7062L14.9567 30.0234C14.6219 30.3595 14.6219 30.9045 14.9567 31.2407L15.4617 31.7479C15.7964 32.084 16.3392 32.084 16.6739 31.7479L31.749 16.6087C32.0837 16.2725 32.0837 15.7275 31.749 15.3913L16.6739 0.252159C16.3392 -0.084053 15.7964 -0.084053 15.4617 0.252159Z\"\/>\n\t\t\t\t\t\t\t\n\t\t\t\t\t\t\t<\/svg>\n\t\t\t\t\t\t<\/div>\n\t\t\t\t\t<\/div>\n\n\t\t\t\t\t<div class=\"c-card__media \" style=\" \">\n\t\t\t\t\t\t<img decoding=\"async\" width=\"400\" height=\"267\" src=\"https:\/\/noblaskolan.se\/wp-content\/uploads\/2023\/08\/noblaskolan202304webb25-400x267.jpg\" class=\"attachment-sm size-sm\" alt=\"Elev p\u00e5 Noblaskolan sitter vid en skolb\u00e4nk p\u00e5 lektion och ler in i kameran.\" sizes=\"(min-width: 64em) 300px, (min-width: 48em) calc(.50 * (100vw - 224px)), calc(100vw - 160px)\" srcset=\"https:\/\/noblaskolan.se\/wp-content\/uploads\/2023\/08\/noblaskolan202304webb25-400x267.jpg 400w, https:\/\/noblaskolan.se\/wp-content\/uploads\/2023\/08\/noblaskolan202304webb25-300x200.jpg 300w, https:\/\/noblaskolan.se\/wp-content\/uploads\/2023\/08\/noblaskolan202304webb25-600x400.jpg 600w, https:\/\/noblaskolan.se\/wp-content\/uploads\/2023\/08\/noblaskolan202304webb25-800x533.jpg 800w, https:\/\/noblaskolan.se\/wp-content\/uploads\/2023\/08\/noblaskolan202304webb25-1024x683.jpg 1024w, https:\/\/noblaskolan.se\/wp-content\/uploads\/2023\/08\/noblaskolan202304webb25-1200x800.jpg 1200w, https:\/\/noblaskolan.se\/wp-content\/uploads\/2023\/08\/noblaskolan202304webb25.jpg 2048w\" \/>\n\t\t\t\t\t<\/div>\n\t\t\t\t<\/article>\n\t\t\t<\/li>\n\t\t\t\t\t\t\t\t\t\t\t\t\t\t\t\t\t\n\t\t\t\n\t\t\t\n\t\t\t<li class=\"l-col-6@md l-col-4@lg \" data-filter=\"allmant juni-2023\">\n\t\t\t\t<article class=\"c-card  has-media-zoom  \" data-variant=\"border\" data-style=\"square\" data-click-area>\n\t\t\t\t\t<div class=\"c-card__content l-stack l-stack-sm\">\n\n\t\t\t\t\t\t\t\t\t\t\t\t\t<time class=\"c-card__date u-font-small\" datetime=\"2023-06-12\">12 juni, 2023<\/time>\n\t\t\t\t\t\t\n\t\t\t\t\t\t\t\t\t\t\t\t\t<h3 class=\"c-card__title u-font-title-3\">\n\t\t\t\t\t\t\t\t\t\t\t\t\t\t\t\t\t<a class=\"c-card__link\" href=\"https:\/\/noblaskolan.se\/taby\/artikel\/lokal\/tips-pa-sommaraktiviteter\">\n\t\t\t\t\t\t\t\t\t\t3 tips p\u00e5 sommaraktiviteter\n\t\t\t\t\t\t\t\t\t<\/a>\n\t\t\t\t\t\t\t\t\t\t\t\t\t\t\t<\/h3>\n\t\t\t\t\t\t\n\t\t\t\t\t\t\t\t\t\t\t\t\t<p class=\"c-card__text l-stack-xs u-font-body\">\n\t\t\t\t\t\t\t\tTr\u00e4na p\u00e5 probleml\u00f6sning och matematik under sommarlovet med ditt barn\n\t\t\t\t\t\t\t<\/p>\n\t\t\t\t\t\t\n\t\t\t\t\t\t\t\t\t\t\t\t\t<ul class=\"c-card__tags l-stack-grow u-list-none u-pt-md\" aria-label=\"Kategorier\">\n\t\t\t\t\t\t\t\t\t\t\t\t\t\t\t\t\t<li><span class=\"c-tag\" data-variant=\"outline\">Allm\u00e4nt<\/span><\/li>\n\t\t\t\t\t\t\t\t\t\t\t\t\t\t\t<\/ul>\n\t\t\t\t\t\t\n\t\t\t\t\t\t<div class=\"c-card__icon\">\n\t\t\t\t\t\t\t\t\t\t\t\t\t\t<svg class=\"ams-icon ams-icon--arrow-right\" width=\"32\" height=\"32\" viewbox=\"0 0 32 32\" fill=\"currentColor\" aria-hidden=\"true\" xmlns=\"http:\/\/www.w3.org\/2000\/svg\">\n\t\t\t\t\t\t\t\t\t\t\t\t\t\t\t\t<path d=\"M15.4617 0.252159L14.9567 0.75931C14.6219 1.09545 14.6219 1.64048 14.9567 1.97669L27.7062 14.7806H0.857144C0.383786 14.7806 0 15.166 0 15.6414V16.3587C0 16.8341 0.383786 17.2195 0.857144 17.2195H27.7062L14.9567 30.0234C14.6219 30.3595 14.6219 30.9045 14.9567 31.2407L15.4617 31.7479C15.7964 32.084 16.3392 32.084 16.6739 31.7479L31.749 16.6087C32.0837 16.2725 32.0837 15.7275 31.749 15.3913L16.6739 0.252159C16.3392 -0.084053 15.7964 -0.084053 15.4617 0.252159Z\"\/>\n\t\t\t\t\t\t\t\n\t\t\t\t\t\t\t<\/svg>\n\t\t\t\t\t\t<\/div>\n\t\t\t\t\t<\/div>\n\n\t\t\t\t\t<div class=\"c-card__media \" style=\" \">\n\t\t\t\t\t\t<img decoding=\"async\" width=\"362\" height=\"272\" src=\"https:\/\/noblaskolan.se\/wp-content\/uploads\/2024\/04\/noblaskolan-artikelkort-363x272-1.png\" class=\"attachment-sm size-sm\" alt=\"Logotyp Noblaskolan.\" sizes=\"(min-width: 64em) 300px, (min-width: 48em) calc(.50 * (100vw - 224px)), calc(100vw - 160px)\" srcset=\"https:\/\/noblaskolan.se\/wp-content\/uploads\/2024\/04\/noblaskolan-artikelkort-363x272-1.png 362w, https:\/\/noblaskolan.se\/wp-content\/uploads\/2024\/04\/noblaskolan-artikelkort-363x272-1-300x225.png 300w\" \/>\n\t\t\t\t\t<\/div>\n\t\t\t\t<\/article>\n\t\t\t<\/li>\n\t\t\t\t\t\t\t\t\t\t\t\t\t\t\t\t\t\n\t\t\t\n\t\t\t\n\t\t\t<li class=\"l-col-6@md l-col-4@lg \" data-filter=\"allmant april-2023\">\n\t\t\t\t<article class=\"c-card  has-media-zoom  \" data-variant=\"border\" data-style=\"square\" data-click-area>\n\t\t\t\t\t<div class=\"c-card__content l-stack l-stack-sm\">\n\n\t\t\t\t\t\t\t\t\t\t\t\t\t<time class=\"c-card__date u-font-small\" datetime=\"2023-04-13\">13 april, 2023<\/time>\n\t\t\t\t\t\t\n\t\t\t\t\t\t\t\t\t\t\t\t\t<h3 class=\"c-card__title u-font-title-3\">\n\t\t\t\t\t\t\t\t\t\t\t\t\t\t\t\t\t<a class=\"c-card__link\" href=\"https:\/\/noblaskolan.se\/taby\/artikel\/lokal\/noblakoden-bidrar-till-tydliga-forvantningar\">\n\t\t\t\t\t\t\t\t\t\tNoblakoden\n\t\t\t\t\t\t\t\t\t<\/a>\n\t\t\t\t\t\t\t\t\t\t\t\t\t\t\t<\/h3>\n\t\t\t\t\t\t\n\t\t\t\t\t\t\t\t\t\t\t\t\t<p class=\"c-card__text l-stack-xs u-font-body\">\n\t\t\t\t\t\t\t\tS\u00e5 skapar vi en gemensam f\u00f6rv\u00e4ntansbild kring saker som \u00e4r viktiga f\u00f6r en bra skolmilj\u00f6.\n\t\t\t\t\t\t\t<\/p>\n\t\t\t\t\t\t\n\t\t\t\t\t\t\t\t\t\t\t\t\t<ul class=\"c-card__tags l-stack-grow u-list-none u-pt-md\" aria-label=\"Kategorier\">\n\t\t\t\t\t\t\t\t\t\t\t\t\t\t\t\t\t<li><span class=\"c-tag\" data-variant=\"outline\">Allm\u00e4nt<\/span><\/li>\n\t\t\t\t\t\t\t\t\t\t\t\t\t\t\t<\/ul>\n\t\t\t\t\t\t\n\t\t\t\t\t\t<div class=\"c-card__icon\">\n\t\t\t\t\t\t\t\t\t\t\t\t\t\t<svg class=\"ams-icon ams-icon--arrow-right\" width=\"32\" height=\"32\" viewbox=\"0 0 32 32\" fill=\"currentColor\" aria-hidden=\"true\" xmlns=\"http:\/\/www.w3.org\/2000\/svg\">\n\t\t\t\t\t\t\t\t\t\t\t\t\t\t\t\t<path d=\"M15.4617 0.252159L14.9567 0.75931C14.6219 1.09545 14.6219 1.64048 14.9567 1.97669L27.7062 14.7806H0.857144C0.383786 14.7806 0 15.166 0 15.6414V16.3587C0 16.8341 0.383786 17.2195 0.857144 17.2195H27.7062L14.9567 30.0234C14.6219 30.3595 14.6219 30.9045 14.9567 31.2407L15.4617 31.7479C15.7964 32.084 16.3392 32.084 16.6739 31.7479L31.749 16.6087C32.0837 16.2725 32.0837 15.7275 31.749 15.3913L16.6739 0.252159C16.3392 -0.084053 15.7964 -0.084053 15.4617 0.252159Z\"\/>\n\t\t\t\t\t\t\t\n\t\t\t\t\t\t\t<\/svg>\n\t\t\t\t\t\t<\/div>\n\t\t\t\t\t<\/div>\n\n\t\t\t\t\t<div class=\"c-card__media \" style=\" \">\n\t\t\t\t\t\t<img decoding=\"async\" width=\"400\" height=\"225\" src=\"https:\/\/noblaskolan.se\/wp-content\/uploads\/2023\/04\/noblaskolannoblakodenthumbnailyoutube-400x225.jpg\" class=\"attachment-sm size-sm\" alt=\"Noblakoden ligger p\u00e5 en skolb\u00e4nk.\" sizes=\"(min-width: 64em) 300px, (min-width: 48em) calc(.50 * (100vw - 224px)), calc(100vw - 160px)\" srcset=\"https:\/\/noblaskolan.se\/wp-content\/uploads\/2023\/04\/noblaskolannoblakodenthumbnailyoutube-400x225.jpg 400w, https:\/\/noblaskolan.se\/wp-content\/uploads\/2023\/04\/noblaskolannoblakodenthumbnailyoutube-300x169.jpg 300w, https:\/\/noblaskolan.se\/wp-content\/uploads\/2023\/04\/noblaskolannoblakodenthumbnailyoutube-600x337.jpg 600w, https:\/\/noblaskolan.se\/wp-content\/uploads\/2023\/04\/noblaskolannoblakodenthumbnailyoutube-800x449.jpg 800w, https:\/\/noblaskolan.se\/wp-content\/uploads\/2023\/04\/noblaskolannoblakodenthumbnailyoutube-1024x575.jpg 1024w, https:\/\/noblaskolan.se\/wp-content\/uploads\/2023\/04\/noblaskolannoblakodenthumbnailyoutube-1200x674.jpg 1200w, https:\/\/noblaskolan.se\/wp-content\/uploads\/2023\/04\/noblaskolannoblakodenthumbnailyoutube.jpg 1280w\" \/>\n\t\t\t\t\t<\/div>\n\t\t\t\t<\/article>\n\t\t\t<\/li>\n\t\t\t\t\t\t\t\t\t\t\t\t\t\t\t\t\t\n\t\t\t\n\t\t\t\n\t\t\t<li class=\"l-col-6@md l-col-4@lg \" data-filter=\"allmant mars-2023\">\n\t\t\t\t<article class=\"c-card  has-media-zoom  \" data-variant=\"border\" data-style=\"square\" data-click-area>\n\t\t\t\t\t<div class=\"c-card__content l-stack l-stack-sm\">\n\n\t\t\t\t\t\t\t\t\t\t\t\t\t<time class=\"c-card__date u-font-small\" datetime=\"2023-03-14\">14 mars, 2023<\/time>\n\t\t\t\t\t\t\n\t\t\t\t\t\t\t\t\t\t\t\t\t<h3 class=\"c-card__title u-font-title-3\">\n\t\t\t\t\t\t\t\t\t\t\t\t\t\t\t\t\t<a class=\"c-card__link\" href=\"https:\/\/noblaskolan.se\/taby\/artikel\/lokal\/fira-pi-dagen\">\n\t\t\t\t\t\t\t\t\t\tS\u00e5 kan du fira pi-dagen\n\t\t\t\t\t\t\t\t\t<\/a>\n\t\t\t\t\t\t\t\t\t\t\t\t\t\t\t<\/h3>\n\t\t\t\t\t\t\n\t\t\t\t\t\t\t\t\t\t\t\t\t<p class=\"c-card__text l-stack-xs u-font-body\">\n\t\t\t\t\t\t\t\t14 mars \u00e4r det pi-dagen och internationella matematikdagen. Det \u00e4r sj\u00e4lvklart n\u00e5got vi firar!\n\t\t\t\t\t\t\t<\/p>\n\t\t\t\t\t\t\n\t\t\t\t\t\t\t\t\t\t\t\t\t<ul class=\"c-card__tags l-stack-grow u-list-none u-pt-md\" aria-label=\"Kategorier\">\n\t\t\t\t\t\t\t\t\t\t\t\t\t\t\t\t\t<li><span class=\"c-tag\" data-variant=\"outline\">Allm\u00e4nt<\/span><\/li>\n\t\t\t\t\t\t\t\t\t\t\t\t\t\t\t<\/ul>\n\t\t\t\t\t\t\n\t\t\t\t\t\t<div class=\"c-card__icon\">\n\t\t\t\t\t\t\t\t\t\t\t\t\t\t<svg class=\"ams-icon ams-icon--arrow-right\" width=\"32\" height=\"32\" viewbox=\"0 0 32 32\" fill=\"currentColor\" aria-hidden=\"true\" xmlns=\"http:\/\/www.w3.org\/2000\/svg\">\n\t\t\t\t\t\t\t\t\t\t\t\t\t\t\t\t<path d=\"M15.4617 0.252159L14.9567 0.75931C14.6219 1.09545 14.6219 1.64048 14.9567 1.97669L27.7062 14.7806H0.857144C0.383786 14.7806 0 15.166 0 15.6414V16.3587C0 16.8341 0.383786 17.2195 0.857144 17.2195H27.7062L14.9567 30.0234C14.6219 30.3595 14.6219 30.9045 14.9567 31.2407L15.4617 31.7479C15.7964 32.084 16.3392 32.084 16.6739 31.7479L31.749 16.6087C32.0837 16.2725 32.0837 15.7275 31.749 15.3913L16.6739 0.252159C16.3392 -0.084053 15.7964 -0.084053 15.4617 0.252159Z\"\/>\n\t\t\t\t\t\t\t\n\t\t\t\t\t\t\t<\/svg>\n\t\t\t\t\t\t<\/div>\n\t\t\t\t\t<\/div>\n\n\t\t\t\t\t<div class=\"c-card__media \" style=\" \">\n\t\t\t\t\t\t<img decoding=\"async\" width=\"400\" height=\"167\" src=\"https:\/\/noblaskolan.se\/wp-content\/uploads\/2022\/03\/noblaskolandynamicsutskickbilderpidagen600x250px-400x167.jpeg\" class=\"attachment-sm size-sm\" alt=\"\" sizes=\"(min-width: 64em) 300px, (min-width: 48em) calc(.50 * (100vw - 224px)), calc(100vw - 160px)\" srcset=\"https:\/\/noblaskolan.se\/wp-content\/uploads\/2022\/03\/noblaskolandynamicsutskickbilderpidagen600x250px-400x167.jpeg 400w, https:\/\/noblaskolan.se\/wp-content\/uploads\/2022\/03\/noblaskolandynamicsutskickbilderpidagen600x250px-300x125.jpeg 300w, https:\/\/noblaskolan.se\/wp-content\/uploads\/2022\/03\/noblaskolandynamicsutskickbilderpidagen600x250px.jpeg 600w\" \/>\n\t\t\t\t\t<\/div>\n\t\t\t\t<\/article>\n\t\t\t<\/li>\n\t\t\t\t\t\t\t\t\t\t\t\t\t\t\t\t\t\n\t\t\t\n\t\t\t\n\t\t\t<li class=\"l-col-6@md l-col-4@lg \" data-filter=\"allmant februari-2023\">\n\t\t\t\t<article class=\"c-card  has-media-zoom  \" data-variant=\"border\" data-style=\"square\" data-click-area>\n\t\t\t\t\t<div class=\"c-card__content l-stack l-stack-sm\">\n\n\t\t\t\t\t\t\t\t\t\t\t\t\t<time class=\"c-card__date u-font-small\" datetime=\"2023-02-15\">15 februari, 2023<\/time>\n\t\t\t\t\t\t\n\t\t\t\t\t\t\t\t\t\t\t\t\t<h3 class=\"c-card__title u-font-title-3\">\n\t\t\t\t\t\t\t\t\t\t\t\t\t\t\t\t\t<a class=\"c-card__link\" href=\"https:\/\/noblaskolan.se\/taby\/artikel\/lokal\/schack-i-skolan-bade-kul-och-nyttigt\">\n\t\t\t\t\t\t\t\t\t\tSchack i skolan \u2013 b\u00e5de kul och nyttigt\n\t\t\t\t\t\t\t\t\t<\/a>\n\t\t\t\t\t\t\t\t\t\t\t\t\t\t\t<\/h3>\n\t\t\t\t\t\t\n\t\t\t\t\t\t\t\t\t\t\t\t\t<p class=\"c-card__text l-stack-xs u-font-body\">\n\t\t\t\t\t\t\t\tEtt verktyg f\u00f6r att tr\u00e4na p\u00e5 strategi, matematik och det sociala.\n\t\t\t\t\t\t\t<\/p>\n\t\t\t\t\t\t\n\t\t\t\t\t\t\t\t\t\t\t\t\t<ul class=\"c-card__tags l-stack-grow u-list-none u-pt-md\" aria-label=\"Kategorier\">\n\t\t\t\t\t\t\t\t\t\t\t\t\t\t\t\t\t<li><span class=\"c-tag\" data-variant=\"outline\">Allm\u00e4nt<\/span><\/li>\n\t\t\t\t\t\t\t\t\t\t\t\t\t\t\t<\/ul>\n\t\t\t\t\t\t\n\t\t\t\t\t\t<div class=\"c-card__icon\">\n\t\t\t\t\t\t\t\t\t\t\t\t\t\t<svg class=\"ams-icon ams-icon--arrow-right\" width=\"32\" height=\"32\" viewbox=\"0 0 32 32\" fill=\"currentColor\" aria-hidden=\"true\" xmlns=\"http:\/\/www.w3.org\/2000\/svg\">\n\t\t\t\t\t\t\t\t\t\t\t\t\t\t\t\t<path d=\"M15.4617 0.252159L14.9567 0.75931C14.6219 1.09545 14.6219 1.64048 14.9567 1.97669L27.7062 14.7806H0.857144C0.383786 14.7806 0 15.166 0 15.6414V16.3587C0 16.8341 0.383786 17.2195 0.857144 17.2195H27.7062L14.9567 30.0234C14.6219 30.3595 14.6219 30.9045 14.9567 31.2407L15.4617 31.7479C15.7964 32.084 16.3392 32.084 16.6739 31.7479L31.749 16.6087C32.0837 16.2725 32.0837 15.7275 31.749 15.3913L16.6739 0.252159C16.3392 -0.084053 15.7964 -0.084053 15.4617 0.252159Z\"\/>\n\t\t\t\t\t\t\t\n\t\t\t\t\t\t\t<\/svg>\n\t\t\t\t\t\t<\/div>\n\t\t\t\t\t<\/div>\n\n\t\t\t\t\t<div class=\"c-card__media \" style=\" \">\n\t\t\t\t\t\t<img decoding=\"async\" width=\"400\" height=\"267\" src=\"https:\/\/noblaskolan.se\/wp-content\/uploads\/2023\/01\/noblaskolanhagabergfotoschackfyran1-scaled-400x267.jpg\" class=\"attachment-sm size-sm\" alt=\"Elever p\u00e5 Noblaskolan sitter vid ett bord och spelar tv\u00e5 olika schackmatcher.\" sizes=\"(min-width: 64em) 300px, (min-width: 48em) calc(.50 * (100vw - 224px)), calc(100vw - 160px)\" srcset=\"https:\/\/noblaskolan.se\/wp-content\/uploads\/2023\/01\/noblaskolanhagabergfotoschackfyran1-scaled-400x267.jpg 400w, https:\/\/noblaskolan.se\/wp-content\/uploads\/2023\/01\/noblaskolanhagabergfotoschackfyran1-scaled-300x200.jpg 300w, https:\/\/noblaskolan.se\/wp-content\/uploads\/2023\/01\/noblaskolanhagabergfotoschackfyran1-scaled-600x400.jpg 600w, https:\/\/noblaskolan.se\/wp-content\/uploads\/2023\/01\/noblaskolanhagabergfotoschackfyran1-scaled-800x533.jpg 800w, https:\/\/noblaskolan.se\/wp-content\/uploads\/2023\/01\/noblaskolanhagabergfotoschackfyran1-scaled-1024x683.jpg 1024w, https:\/\/noblaskolan.se\/wp-content\/uploads\/2023\/01\/noblaskolanhagabergfotoschackfyran1-scaled-1200x800.jpg 1200w\" \/>\n\t\t\t\t\t<\/div>\n\t\t\t\t<\/article>\n\t\t\t<\/li>\n\t\t\t\t\t\t\t\t\t\t\t\t\t\t\t\t\t\n\t\t\t\n\t\t\t\n\t\t\t<li class=\"l-col-6@md l-col-4@lg \" data-filter=\"allmant oktober-2022\">\n\t\t\t\t<article class=\"c-card  has-media-zoom  \" data-variant=\"border\" data-style=\"square\" data-click-area>\n\t\t\t\t\t<div class=\"c-card__content l-stack l-stack-sm\">\n\n\t\t\t\t\t\t\t\t\t\t\t\t\t<time class=\"c-card__date u-font-small\" datetime=\"2022-10-14\">14 oktober, 2022<\/time>\n\t\t\t\t\t\t\n\t\t\t\t\t\t\t\t\t\t\t\t\t<h3 class=\"c-card__title u-font-title-3\">\n\t\t\t\t\t\t\t\t\t\t\t\t\t\t\t\t\t<a class=\"c-card__link\" href=\"https:\/\/noblaskolan.se\/taby\/artikel\/lokal\/nobladagen-2022\">\n\t\t\t\t\t\t\t\t\t\tIdag \u00e4r det Nobladagen!\n\t\t\t\t\t\t\t\t\t<\/a>\n\t\t\t\t\t\t\t\t\t\t\t\t\t\t\t<\/h3>\n\t\t\t\t\t\t\n\t\t\t\t\t\t\t\t\t\t\t\t\t<p class=\"c-card__text l-stack-xs u-font-body\">\n\t\t\t\t\t\t\t\t14 oktober firar vi Nobladagen p\u00e5 alla v\u00e5ra skolor.\n\t\t\t\t\t\t\t<\/p>\n\t\t\t\t\t\t\n\t\t\t\t\t\t\t\t\t\t\t\t\t<ul class=\"c-card__tags l-stack-grow u-list-none u-pt-md\" aria-label=\"Kategorier\">\n\t\t\t\t\t\t\t\t\t\t\t\t\t\t\t\t\t<li><span class=\"c-tag\" data-variant=\"outline\">Allm\u00e4nt<\/span><\/li>\n\t\t\t\t\t\t\t\t\t\t\t\t\t\t\t<\/ul>\n\t\t\t\t\t\t\n\t\t\t\t\t\t<div class=\"c-card__icon\">\n\t\t\t\t\t\t\t\t\t\t\t\t\t\t<svg class=\"ams-icon ams-icon--arrow-right\" width=\"32\" height=\"32\" viewbox=\"0 0 32 32\" fill=\"currentColor\" aria-hidden=\"true\" xmlns=\"http:\/\/www.w3.org\/2000\/svg\">\n\t\t\t\t\t\t\t\t\t\t\t\t\t\t\t\t<path d=\"M15.4617 0.252159L14.9567 0.75931C14.6219 1.09545 14.6219 1.64048 14.9567 1.97669L27.7062 14.7806H0.857144C0.383786 14.7806 0 15.166 0 15.6414V16.3587C0 16.8341 0.383786 17.2195 0.857144 17.2195H27.7062L14.9567 30.0234C14.6219 30.3595 14.6219 30.9045 14.9567 31.2407L15.4617 31.7479C15.7964 32.084 16.3392 32.084 16.6739 31.7479L31.749 16.6087C32.0837 16.2725 32.0837 15.7275 31.749 15.3913L16.6739 0.252159C16.3392 -0.084053 15.7964 -0.084053 15.4617 0.252159Z\"\/>\n\t\t\t\t\t\t\t\n\t\t\t\t\t\t\t<\/svg>\n\t\t\t\t\t\t<\/div>\n\t\t\t\t\t<\/div>\n\n\t\t\t\t\t<div class=\"c-card__media \" style=\" \">\n\t\t\t\t\t\t<img decoding=\"async\" width=\"400\" height=\"283\" src=\"https:\/\/noblaskolan.se\/wp-content\/uploads\/2022\/10\/noblawebboktnobladagenljusgron-e1665731303917-400x283.jpg\" class=\"attachment-sm size-sm\" alt=\"Tv\u00e5 mellanstadieelever p\u00e5 Noblaskolan sitter i ett klassrum.\" sizes=\"(min-width: 64em) 300px, (min-width: 48em) calc(.50 * (100vw - 224px)), calc(100vw - 160px)\" srcset=\"https:\/\/noblaskolan.se\/wp-content\/uploads\/2022\/10\/noblawebboktnobladagenljusgron-e1665731303917-400x283.jpg 400w, https:\/\/noblaskolan.se\/wp-content\/uploads\/2022\/10\/noblawebboktnobladagenljusgron-e1665731303917-300x212.jpg 300w, https:\/\/noblaskolan.se\/wp-content\/uploads\/2022\/10\/noblawebboktnobladagenljusgron-e1665731303917-600x424.jpg 600w, https:\/\/noblaskolan.se\/wp-content\/uploads\/2022\/10\/noblawebboktnobladagenljusgron-e1665731303917-800x565.jpg 800w, https:\/\/noblaskolan.se\/wp-content\/uploads\/2022\/10\/noblawebboktnobladagenljusgron-e1665731303917.jpg 954w\" \/>\n\t\t\t\t\t<\/div>\n\t\t\t\t<\/article>\n\t\t\t<\/li>\n\t\t\t\t\t\t\t\t\t\t\t\t\t\t\t\t\t\n\t\t\t\n\t\t\t\n\t\t\t<li class=\"l-col-6@md l-col-4@lg \" data-filter=\"allmant september-2022\">\n\t\t\t\t<article class=\"c-card  has-media-zoom  \" data-variant=\"border\" data-style=\"square\" data-click-area>\n\t\t\t\t\t<div class=\"c-card__content l-stack l-stack-sm\">\n\n\t\t\t\t\t\t\t\t\t\t\t\t\t<time class=\"c-card__date u-font-small\" datetime=\"2022-09-14\">14 september, 2022<\/time>\n\t\t\t\t\t\t\n\t\t\t\t\t\t\t\t\t\t\t\t\t<h3 class=\"c-card__title u-font-title-3\">\n\t\t\t\t\t\t\t\t\t\t\t\t\t\t\t\t\t<a class=\"c-card__link\" href=\"https:\/\/noblaskolan.se\/taby\/artikel\/lokal\/pa-noblaskolan-siktar-vi-hogt\">\n\t\t\t\t\t\t\t\t\t\tP\u00e5 Noblaskolan siktar vi h\u00f6gt\n\t\t\t\t\t\t\t\t\t<\/a>\n\t\t\t\t\t\t\t\t\t\t\t\t\t\t\t<\/h3>\n\t\t\t\t\t\t\n\t\t\t\t\t\t\t\t\t\t\t\t\t<p class=\"c-card__text l-stack-xs u-font-body\">\n\t\t\t\t\t\t\t\tVi vill ge v\u00e5ra elever de b\u00e4sta t\u00e4nkbara f\u00f6ruts\u00e4ttningarna \n\t\t\t\t\t\t\t<\/p>\n\t\t\t\t\t\t\n\t\t\t\t\t\t\t\t\t\t\t\t\t<ul class=\"c-card__tags l-stack-grow u-list-none u-pt-md\" aria-label=\"Kategorier\">\n\t\t\t\t\t\t\t\t\t\t\t\t\t\t\t\t\t<li><span class=\"c-tag\" data-variant=\"outline\">Allm\u00e4nt<\/span><\/li>\n\t\t\t\t\t\t\t\t\t\t\t\t\t\t\t<\/ul>\n\t\t\t\t\t\t\n\t\t\t\t\t\t<div class=\"c-card__icon\">\n\t\t\t\t\t\t\t\t\t\t\t\t\t\t<svg class=\"ams-icon ams-icon--arrow-right\" width=\"32\" height=\"32\" viewbox=\"0 0 32 32\" fill=\"currentColor\" aria-hidden=\"true\" xmlns=\"http:\/\/www.w3.org\/2000\/svg\">\n\t\t\t\t\t\t\t\t\t\t\t\t\t\t\t\t<path d=\"M15.4617 0.252159L14.9567 0.75931C14.6219 1.09545 14.6219 1.64048 14.9567 1.97669L27.7062 14.7806H0.857144C0.383786 14.7806 0 15.166 0 15.6414V16.3587C0 16.8341 0.383786 17.2195 0.857144 17.2195H27.7062L14.9567 30.0234C14.6219 30.3595 14.6219 30.9045 14.9567 31.2407L15.4617 31.7479C15.7964 32.084 16.3392 32.084 16.6739 31.7479L31.749 16.6087C32.0837 16.2725 32.0837 15.7275 31.749 15.3913L16.6739 0.252159C16.3392 -0.084053 15.7964 -0.084053 15.4617 0.252159Z\"\/>\n\t\t\t\t\t\t\t\n\t\t\t\t\t\t\t<\/svg>\n\t\t\t\t\t\t<\/div>\n\t\t\t\t\t<\/div>\n\n\t\t\t\t\t<div class=\"c-card__media \" style=\" \">\n\t\t\t\t\t\t<img decoding=\"async\" width=\"362\" height=\"272\" src=\"https:\/\/noblaskolan.se\/wp-content\/uploads\/2024\/04\/noblaskolan-artikelkort-363x272-1.png\" class=\"attachment-sm size-sm\" alt=\"Logotyp Noblaskolan.\" sizes=\"(min-width: 64em) 300px, (min-width: 48em) calc(.50 * (100vw - 224px)), calc(100vw - 160px)\" srcset=\"https:\/\/noblaskolan.se\/wp-content\/uploads\/2024\/04\/noblaskolan-artikelkort-363x272-1.png 362w, https:\/\/noblaskolan.se\/wp-content\/uploads\/2024\/04\/noblaskolan-artikelkort-363x272-1-300x225.png 300w\" \/>\n\t\t\t\t\t<\/div>\n\t\t\t\t<\/article>\n\t\t\t<\/li>\n\t\t\t\t\t\t\t\t\t\t\t\t\t\t\t\t\t\n\t\t\t\n\t\t\t\n\t\t\t<li class=\"l-col-6@md l-col-4@lg \" data-filter=\"allmant april-2022\">\n\t\t\t\t<article class=\"c-card  has-media-zoom  \" data-variant=\"border\" data-style=\"square\" data-click-area>\n\t\t\t\t\t<div class=\"c-card__content l-stack l-stack-sm\">\n\n\t\t\t\t\t\t\t\t\t\t\t\t\t<time class=\"c-card__date u-font-small\" datetime=\"2022-04-21\">21 april, 2022<\/time>\n\t\t\t\t\t\t\n\t\t\t\t\t\t\t\t\t\t\t\t\t<h3 class=\"c-card__title u-font-title-3\">\n\t\t\t\t\t\t\t\t\t\t\t\t\t\t\t\t\t<a class=\"c-card__link\" href=\"https:\/\/noblaskolan.se\/taby\/artikel\/lokal\/5-tips-for-att-fa-till-laxlasningen-hemma\">\n\t\t\t\t\t\t\t\t\t\t5 l\u00e4xl\u00e4sningstips\n\t\t\t\t\t\t\t\t\t<\/a>\n\t\t\t\t\t\t\t\t\t\t\t\t\t\t\t<\/h3>\n\t\t\t\t\t\t\n\t\t\t\t\t\t\t\t\t\t\t\t\t<p class=\"c-card__text l-stack-xs u-font-body\">\n\t\t\t\t\t\t\t\t5 tips som underl\u00e4ttar l\u00e4xl\u00e4sningen hemm&#8230;\n\t\t\t\t\t\t\t<\/p>\n\t\t\t\t\t\t\n\t\t\t\t\t\t\t\t\t\t\t\t\t<ul class=\"c-card__tags l-stack-grow u-list-none u-pt-md\" aria-label=\"Kategorier\">\n\t\t\t\t\t\t\t\t\t\t\t\t\t\t\t\t\t<li><span class=\"c-tag\" data-variant=\"outline\">Allm\u00e4nt<\/span><\/li>\n\t\t\t\t\t\t\t\t\t\t\t\t\t\t\t<\/ul>\n\t\t\t\t\t\t\n\t\t\t\t\t\t<div class=\"c-card__icon\">\n\t\t\t\t\t\t\t\t\t\t\t\t\t\t<svg class=\"ams-icon ams-icon--arrow-right\" width=\"32\" height=\"32\" viewbox=\"0 0 32 32\" fill=\"currentColor\" aria-hidden=\"true\" xmlns=\"http:\/\/www.w3.org\/2000\/svg\">\n\t\t\t\t\t\t\t\t\t\t\t\t\t\t\t\t<path d=\"M15.4617 0.252159L14.9567 0.75931C14.6219 1.09545 14.6219 1.64048 14.9567 1.97669L27.7062 14.7806H0.857144C0.383786 14.7806 0 15.166 0 15.6414V16.3587C0 16.8341 0.383786 17.2195 0.857144 17.2195H27.7062L14.9567 30.0234C14.6219 30.3595 14.6219 30.9045 14.9567 31.2407L15.4617 31.7479C15.7964 32.084 16.3392 32.084 16.6739 31.7479L31.749 16.6087C32.0837 16.2725 32.0837 15.7275 31.749 15.3913L16.6739 0.252159C16.3392 -0.084053 15.7964 -0.084053 15.4617 0.252159Z\"\/>\n\t\t\t\t\t\t\t\n\t\t\t\t\t\t\t<\/svg>\n\t\t\t\t\t\t<\/div>\n\t\t\t\t\t<\/div>\n\n\t\t\t\t\t<div class=\"c-card__media \" style=\" \">\n\t\t\t\t\t\t<img decoding=\"async\" width=\"400\" height=\"257\" src=\"https:\/\/noblaskolan.se\/wp-content\/uploads\/2022\/04\/noblaskolanlaxlasningartikelbild2-e1650522816507-400x257.jpg\" class=\"attachment-sm size-sm\" alt=\"\" sizes=\"(min-width: 64em) 300px, (min-width: 48em) calc(.50 * (100vw - 224px)), calc(100vw - 160px)\" srcset=\"https:\/\/noblaskolan.se\/wp-content\/uploads\/2022\/04\/noblaskolanlaxlasningartikelbild2-e1650522816507-400x257.jpg 400w, https:\/\/noblaskolan.se\/wp-content\/uploads\/2022\/04\/noblaskolanlaxlasningartikelbild2-e1650522816507-300x192.jpg 300w, https:\/\/noblaskolan.se\/wp-content\/uploads\/2022\/04\/noblaskolanlaxlasningartikelbild2-e1650522816507-600x385.jpg 600w, https:\/\/noblaskolan.se\/wp-content\/uploads\/2022\/04\/noblaskolanlaxlasningartikelbild2-e1650522816507-800x513.jpg 800w, https:\/\/noblaskolan.se\/wp-content\/uploads\/2022\/04\/noblaskolanlaxlasningartikelbild2-e1650522816507.jpg 812w\" \/>\n\t\t\t\t\t<\/div>\n\t\t\t\t<\/article>\n\t\t\t<\/li>\n\t\t\t\t\t\t\t\t\t\t\t\t\t\t\t\t\t\n\t\t\t\n\t\t\t\n\t\t\t<li class=\"l-col-6@md l-col-4@lg \" data-filter=\"allmant februari-2022\">\n\t\t\t\t<article class=\"c-card  has-media-zoom  \" data-variant=\"border\" data-style=\"square\" data-click-area>\n\t\t\t\t\t<div class=\"c-card__content l-stack l-stack-sm\">\n\n\t\t\t\t\t\t\t\t\t\t\t\t\t<time class=\"c-card__date u-font-small\" datetime=\"2022-02-28\">28 februari, 2022<\/time>\n\t\t\t\t\t\t\n\t\t\t\t\t\t\t\t\t\t\t\t\t<h3 class=\"c-card__title u-font-title-3\">\n\t\t\t\t\t\t\t\t\t\t\t\t\t\t\t\t\t<a class=\"c-card__link\" href=\"https:\/\/noblaskolan.se\/taby\/artikel\/lokal\/noblautmaningen-2\">\n\t\t\t\t\t\t\t\t\t\tNoblautmaningen\n\t\t\t\t\t\t\t\t\t<\/a>\n\t\t\t\t\t\t\t\t\t\t\t\t\t\t\t<\/h3>\n\t\t\t\t\t\t\n\t\t\t\t\t\t\t\t\t\t\t\t\t<p class=\"c-card__text l-stack-xs u-font-body\">\n\t\t\t\t\t\t\t\tP\u00e5 Noblaskolan tycker vi att det \u00e4r vikt&#8230;\n\t\t\t\t\t\t\t<\/p>\n\t\t\t\t\t\t\n\t\t\t\t\t\t\t\t\t\t\t\t\t<ul class=\"c-card__tags l-stack-grow u-list-none u-pt-md\" aria-label=\"Kategorier\">\n\t\t\t\t\t\t\t\t\t\t\t\t\t\t\t\t\t<li><span class=\"c-tag\" data-variant=\"outline\">Allm\u00e4nt<\/span><\/li>\n\t\t\t\t\t\t\t\t\t\t\t\t\t\t\t<\/ul>\n\t\t\t\t\t\t\n\t\t\t\t\t\t<div class=\"c-card__icon\">\n\t\t\t\t\t\t\t\t\t\t\t\t\t\t<svg class=\"ams-icon ams-icon--arrow-right\" width=\"32\" height=\"32\" viewbox=\"0 0 32 32\" fill=\"currentColor\" aria-hidden=\"true\" xmlns=\"http:\/\/www.w3.org\/2000\/svg\">\n\t\t\t\t\t\t\t\t\t\t\t\t\t\t\t\t<path d=\"M15.4617 0.252159L14.9567 0.75931C14.6219 1.09545 14.6219 1.64048 14.9567 1.97669L27.7062 14.7806H0.857144C0.383786 14.7806 0 15.166 0 15.6414V16.3587C0 16.8341 0.383786 17.2195 0.857144 17.2195H27.7062L14.9567 30.0234C14.6219 30.3595 14.6219 30.9045 14.9567 31.2407L15.4617 31.7479C15.7964 32.084 16.3392 32.084 16.6739 31.7479L31.749 16.6087C32.0837 16.2725 32.0837 15.7275 31.749 15.3913L16.6739 0.252159C16.3392 -0.084053 15.7964 -0.084053 15.4617 0.252159Z\"\/>\n\t\t\t\t\t\t\t\n\t\t\t\t\t\t\t<\/svg>\n\t\t\t\t\t\t<\/div>\n\t\t\t\t\t<\/div>\n\n\t\t\t\t\t<div class=\"c-card__media \" style=\" \">\n\t\t\t\t\t\t<img decoding=\"async\" width=\"362\" height=\"272\" src=\"https:\/\/noblaskolan.se\/wp-content\/uploads\/2024\/04\/noblaskolan-artikelkort-363x272-1.png\" class=\"attachment-sm size-sm\" alt=\"Logotyp Noblaskolan.\" sizes=\"(min-width: 64em) 300px, (min-width: 48em) calc(.50 * (100vw - 224px)), calc(100vw - 160px)\" srcset=\"https:\/\/noblaskolan.se\/wp-content\/uploads\/2024\/04\/noblaskolan-artikelkort-363x272-1.png 362w, https:\/\/noblaskolan.se\/wp-content\/uploads\/2024\/04\/noblaskolan-artikelkort-363x272-1-300x225.png 300w\" \/>\n\t\t\t\t\t<\/div>\n\t\t\t\t<\/article>\n\t\t\t<\/li>\n\t\t\t\t\t\t\t\t\t\t\t\t\t\t\t\t\t\n\t\t\t\n\t\t\t\n\t\t\t<li class=\"l-col-6@md l-col-4@lg \" data-filter=\"allmant december-2021\">\n\t\t\t\t<article class=\"c-card  has-media-zoom  \" data-variant=\"border\" data-style=\"square\" data-click-area>\n\t\t\t\t\t<div class=\"c-card__content l-stack l-stack-sm\">\n\n\t\t\t\t\t\t\t\t\t\t\t\t\t<time class=\"c-card__date u-font-small\" datetime=\"2021-12-10\">10 december, 2021<\/time>\n\t\t\t\t\t\t\n\t\t\t\t\t\t\t\t\t\t\t\t\t<h3 class=\"c-card__title u-font-title-3\">\n\t\t\t\t\t\t\t\t\t\t\t\t\t\t\t\t\t<a class=\"c-card__link\" href=\"https:\/\/noblaskolan.se\/taby\/artikel\/lokal\/nobeldagen-2021\">\n\t\t\t\t\t\t\t\t\t\tNobeldagen 2021\n\t\t\t\t\t\t\t\t\t<\/a>\n\t\t\t\t\t\t\t\t\t\t\t\t\t\t\t<\/h3>\n\t\t\t\t\t\t\n\t\t\t\t\t\t\t\t\t\t\t\t\t<p class=\"c-card__text l-stack-xs u-font-body\">\n\t\t\t\t\t\t\t\tIdag firas Nobeldagen p\u00e5 m\u00e5nga skolor ru&#8230;\n\t\t\t\t\t\t\t<\/p>\n\t\t\t\t\t\t\n\t\t\t\t\t\t\t\t\t\t\t\t\t<ul class=\"c-card__tags l-stack-grow u-list-none u-pt-md\" aria-label=\"Kategorier\">\n\t\t\t\t\t\t\t\t\t\t\t\t\t\t\t\t\t<li><span class=\"c-tag\" data-variant=\"outline\">Allm\u00e4nt<\/span><\/li>\n\t\t\t\t\t\t\t\t\t\t\t\t\t\t\t<\/ul>\n\t\t\t\t\t\t\n\t\t\t\t\t\t<div class=\"c-card__icon\">\n\t\t\t\t\t\t\t\t\t\t\t\t\t\t<svg class=\"ams-icon ams-icon--arrow-right\" width=\"32\" height=\"32\" viewbox=\"0 0 32 32\" fill=\"currentColor\" aria-hidden=\"true\" xmlns=\"http:\/\/www.w3.org\/2000\/svg\">\n\t\t\t\t\t\t\t\t\t\t\t\t\t\t\t\t<path d=\"M15.4617 0.252159L14.9567 0.75931C14.6219 1.09545 14.6219 1.64048 14.9567 1.97669L27.7062 14.7806H0.857144C0.383786 14.7806 0 15.166 0 15.6414V16.3587C0 16.8341 0.383786 17.2195 0.857144 17.2195H27.7062L14.9567 30.0234C14.6219 30.3595 14.6219 30.9045 14.9567 31.2407L15.4617 31.7479C15.7964 32.084 16.3392 32.084 16.6739 31.7479L31.749 16.6087C32.0837 16.2725 32.0837 15.7275 31.749 15.3913L16.6739 0.252159C16.3392 -0.084053 15.7964 -0.084053 15.4617 0.252159Z\"\/>\n\t\t\t\t\t\t\t\n\t\t\t\t\t\t\t<\/svg>\n\t\t\t\t\t\t<\/div>\n\t\t\t\t\t<\/div>\n\n\t\t\t\t\t<div class=\"c-card__media \" style=\" \">\n\t\t\t\t\t\t<img decoding=\"async\" width=\"400\" height=\"400\" src=\"https:\/\/noblaskolan.se\/wp-content\/uploads\/2021\/11\/1-400x400.jpg\" class=\"attachment-sm size-sm\" alt=\"Bild med texten: N\u00e5got du kanske inte visste om Nobeldagen!\" sizes=\"(min-width: 64em) 300px, (min-width: 48em) calc(.50 * (100vw - 224px)), calc(100vw - 160px)\" srcset=\"https:\/\/noblaskolan.se\/wp-content\/uploads\/2021\/11\/1-400x400.jpg 400w, https:\/\/noblaskolan.se\/wp-content\/uploads\/2021\/11\/1-150x150.jpg 150w, https:\/\/noblaskolan.se\/wp-content\/uploads\/2021\/11\/1-300x300.jpg 300w, https:\/\/noblaskolan.se\/wp-content\/uploads\/2021\/11\/1-600x600.jpg 600w, https:\/\/noblaskolan.se\/wp-content\/uploads\/2021\/11\/1-800x800.jpg 800w, https:\/\/noblaskolan.se\/wp-content\/uploads\/2021\/11\/1-1024x1024.jpg 1024w, https:\/\/noblaskolan.se\/wp-content\/uploads\/2021\/11\/1.jpg 1080w\" \/>\n\t\t\t\t\t<\/div>\n\t\t\t\t<\/article>\n\t\t\t<\/li>\n\t\t\t\t\t\t\t\t\t\t\t\t\t\t\t\t\t\n\t\t\t\n\t\t\t\n\t\t\t<li class=\"l-col-6@md l-col-4@lg \" data-filter=\"allmant november-2021\">\n\t\t\t\t<article class=\"c-card  has-media-zoom  \" data-variant=\"border\" data-style=\"square\" data-click-area>\n\t\t\t\t\t<div class=\"c-card__content l-stack l-stack-sm\">\n\n\t\t\t\t\t\t\t\t\t\t\t\t\t<time class=\"c-card__date u-font-small\" datetime=\"2021-11-18\">18 november, 2021<\/time>\n\t\t\t\t\t\t\n\t\t\t\t\t\t\t\t\t\t\t\t\t<h3 class=\"c-card__title u-font-title-3\">\n\t\t\t\t\t\t\t\t\t\t\t\t\t\t\t\t\t<a class=\"c-card__link\" href=\"https:\/\/noblaskolan.se\/taby\/artikel\/lokal\/noblakoden\">\n\t\t\t\t\t\t\t\t\t\tNoblakoden\n\t\t\t\t\t\t\t\t\t<\/a>\n\t\t\t\t\t\t\t\t\t\t\t\t\t\t\t<\/h3>\n\t\t\t\t\t\t\n\t\t\t\t\t\t\t\t\t\t\t\t\t<p class=\"c-card__text l-stack-xs u-font-body\">\n\t\t\t\t\t\t\t\tNoblakoden \u00e4r en gemensam f\u00f6rv\u00e4ntansbild&#8230;\n\t\t\t\t\t\t\t<\/p>\n\t\t\t\t\t\t\n\t\t\t\t\t\t\t\t\t\t\t\t\t<ul class=\"c-card__tags l-stack-grow u-list-none u-pt-md\" aria-label=\"Kategorier\">\n\t\t\t\t\t\t\t\t\t\t\t\t\t\t\t\t\t<li><span class=\"c-tag\" data-variant=\"outline\">Allm\u00e4nt<\/span><\/li>\n\t\t\t\t\t\t\t\t\t\t\t\t\t\t\t<\/ul>\n\t\t\t\t\t\t\n\t\t\t\t\t\t<div class=\"c-card__icon\">\n\t\t\t\t\t\t\t\t\t\t\t\t\t\t<svg class=\"ams-icon ams-icon--arrow-right\" width=\"32\" height=\"32\" viewbox=\"0 0 32 32\" fill=\"currentColor\" aria-hidden=\"true\" xmlns=\"http:\/\/www.w3.org\/2000\/svg\">\n\t\t\t\t\t\t\t\t\t\t\t\t\t\t\t\t<path d=\"M15.4617 0.252159L14.9567 0.75931C14.6219 1.09545 14.6219 1.64048 14.9567 1.97669L27.7062 14.7806H0.857144C0.383786 14.7806 0 15.166 0 15.6414V16.3587C0 16.8341 0.383786 17.2195 0.857144 17.2195H27.7062L14.9567 30.0234C14.6219 30.3595 14.6219 30.9045 14.9567 31.2407L15.4617 31.7479C15.7964 32.084 16.3392 32.084 16.6739 31.7479L31.749 16.6087C32.0837 16.2725 32.0837 15.7275 31.749 15.3913L16.6739 0.252159C16.3392 -0.084053 15.7964 -0.084053 15.4617 0.252159Z\"\/>\n\t\t\t\t\t\t\t\n\t\t\t\t\t\t\t<\/svg>\n\t\t\t\t\t\t<\/div>\n\t\t\t\t\t<\/div>\n\n\t\t\t\t\t<div class=\"c-card__media \" style=\" \">\n\t\t\t\t\t\t<img decoding=\"async\" width=\"362\" height=\"272\" src=\"https:\/\/noblaskolan.se\/wp-content\/uploads\/2024\/04\/noblaskolan-artikelkort-363x272-1.png\" class=\"attachment-sm size-sm\" alt=\"Logotyp Noblaskolan.\" sizes=\"(min-width: 64em) 300px, (min-width: 48em) calc(.50 * (100vw - 224px)), calc(100vw - 160px)\" srcset=\"https:\/\/noblaskolan.se\/wp-content\/uploads\/2024\/04\/noblaskolan-artikelkort-363x272-1.png 362w, https:\/\/noblaskolan.se\/wp-content\/uploads\/2024\/04\/noblaskolan-artikelkort-363x272-1-300x225.png 300w\" \/>\n\t\t\t\t\t<\/div>\n\t\t\t\t<\/article>\n\t\t\t<\/li>\n\t\t\t\t\t\t\t\t\t\t\t\t\t\t\t\t\t\n\t\t\t\n\t\t\t\n\t\t\t<li class=\"l-col-6@md l-col-4@lg \" data-filter=\"allmant september-2021\">\n\t\t\t\t<article class=\"c-card  has-media-zoom  \" data-variant=\"border\" data-style=\"square\" data-click-area>\n\t\t\t\t\t<div class=\"c-card__content l-stack l-stack-sm\">\n\n\t\t\t\t\t\t\t\t\t\t\t\t\t<time class=\"c-card__date u-font-small\" datetime=\"2021-09-16\">16 september, 2021<\/time>\n\t\t\t\t\t\t\n\t\t\t\t\t\t\t\t\t\t\t\t\t<h3 class=\"c-card__title u-font-title-3\">\n\t\t\t\t\t\t\t\t\t\t\t\t\t\t\t\t\t<a class=\"c-card__link\" href=\"https:\/\/noblaskolan.se\/taby\/artikel\/lokal\/noblautmaningen\">\n\t\t\t\t\t\t\t\t\t\tNoblautmaningen\n\t\t\t\t\t\t\t\t\t<\/a>\n\t\t\t\t\t\t\t\t\t\t\t\t\t\t\t<\/h3>\n\t\t\t\t\t\t\n\t\t\t\t\t\t\t\t\t\t\t\t\t<p class=\"c-card__text l-stack-xs u-font-body\">\n\t\t\t\t\t\t\t\tVi vill l\u00e4gga den b\u00e4sta t\u00e4nkbara grunden&#8230;\n\t\t\t\t\t\t\t<\/p>\n\t\t\t\t\t\t\n\t\t\t\t\t\t\t\t\t\t\t\t\t<ul class=\"c-card__tags l-stack-grow u-list-none u-pt-md\" aria-label=\"Kategorier\">\n\t\t\t\t\t\t\t\t\t\t\t\t\t\t\t\t\t<li><span class=\"c-tag\" data-variant=\"outline\">Allm\u00e4nt<\/span><\/li>\n\t\t\t\t\t\t\t\t\t\t\t\t\t\t\t<\/ul>\n\t\t\t\t\t\t\n\t\t\t\t\t\t<div class=\"c-card__icon\">\n\t\t\t\t\t\t\t\t\t\t\t\t\t\t<svg class=\"ams-icon ams-icon--arrow-right\" width=\"32\" height=\"32\" viewbox=\"0 0 32 32\" fill=\"currentColor\" aria-hidden=\"true\" xmlns=\"http:\/\/www.w3.org\/2000\/svg\">\n\t\t\t\t\t\t\t\t\t\t\t\t\t\t\t\t<path d=\"M15.4617 0.252159L14.9567 0.75931C14.6219 1.09545 14.6219 1.64048 14.9567 1.97669L27.7062 14.7806H0.857144C0.383786 14.7806 0 15.166 0 15.6414V16.3587C0 16.8341 0.383786 17.2195 0.857144 17.2195H27.7062L14.9567 30.0234C14.6219 30.3595 14.6219 30.9045 14.9567 31.2407L15.4617 31.7479C15.7964 32.084 16.3392 32.084 16.6739 31.7479L31.749 16.6087C32.0837 16.2725 32.0837 15.7275 31.749 15.3913L16.6739 0.252159C16.3392 -0.084053 15.7964 -0.084053 15.4617 0.252159Z\"\/>\n\t\t\t\t\t\t\t\n\t\t\t\t\t\t\t<\/svg>\n\t\t\t\t\t\t<\/div>\n\t\t\t\t\t<\/div>\n\n\t\t\t\t\t<div class=\"c-card__media \" style=\" \">\n\t\t\t\t\t\t<img decoding=\"async\" width=\"362\" height=\"272\" src=\"https:\/\/noblaskolan.se\/wp-content\/uploads\/2024\/04\/noblaskolan-artikelkort-363x272-1.png\" class=\"attachment-sm size-sm\" alt=\"Logotyp Noblaskolan.\" sizes=\"(min-width: 64em) 300px, (min-width: 48em) calc(.50 * (100vw - 224px)), calc(100vw - 160px)\" srcset=\"https:\/\/noblaskolan.se\/wp-content\/uploads\/2024\/04\/noblaskolan-artikelkort-363x272-1.png 362w, https:\/\/noblaskolan.se\/wp-content\/uploads\/2024\/04\/noblaskolan-artikelkort-363x272-1-300x225.png 300w\" \/>\n\t\t\t\t\t<\/div>\n\t\t\t\t<\/article>\n\t\t\t<\/li>\n\t\t\t\t\t\t\t\t\t\t\t\t\t\t\t\t\t\n\t\t\t\n\t\t\t\n\t\t\t<li class=\"l-col-6@md l-col-4@lg \" data-filter=\"allmant maj-2021\">\n\t\t\t\t<article class=\"c-card  has-media-zoom  \" data-variant=\"border\" data-style=\"square\" data-click-area>\n\t\t\t\t\t<div class=\"c-card__content l-stack l-stack-sm\">\n\n\t\t\t\t\t\t\t\t\t\t\t\t\t<time class=\"c-card__date u-font-small\" datetime=\"2021-05-11\">11 maj, 2021<\/time>\n\t\t\t\t\t\t\n\t\t\t\t\t\t\t\t\t\t\t\t\t<h3 class=\"c-card__title u-font-title-3\">\n\t\t\t\t\t\t\t\t\t\t\t\t\t\t\t\t\t<a class=\"c-card__link\" href=\"https:\/\/noblaskolan.se\/taby\/artikel\/lokal\/idag-firas-fritidshemmens-dag\">\n\t\t\t\t\t\t\t\t\t\tIdag firas fritidshemmens dag\n\t\t\t\t\t\t\t\t\t<\/a>\n\t\t\t\t\t\t\t\t\t\t\t\t\t\t\t<\/h3>\n\t\t\t\t\t\t\n\t\t\t\t\t\t\t\t\t\t\t\t\t<p class=\"c-card__text l-stack-xs u-font-body\">\n\t\t\t\t\t\t\t\tFritidshemmets undervisningsform \u00e4r en b&#8230;\n\t\t\t\t\t\t\t<\/p>\n\t\t\t\t\t\t\n\t\t\t\t\t\t\t\t\t\t\t\t\t<ul class=\"c-card__tags l-stack-grow u-list-none u-pt-md\" aria-label=\"Kategorier\">\n\t\t\t\t\t\t\t\t\t\t\t\t\t\t\t\t\t<li><span class=\"c-tag\" data-variant=\"outline\">Allm\u00e4nt<\/span><\/li>\n\t\t\t\t\t\t\t\t\t\t\t\t\t\t\t<\/ul>\n\t\t\t\t\t\t\n\t\t\t\t\t\t<div class=\"c-card__icon\">\n\t\t\t\t\t\t\t\t\t\t\t\t\t\t<svg class=\"ams-icon ams-icon--arrow-right\" width=\"32\" height=\"32\" viewbox=\"0 0 32 32\" fill=\"currentColor\" aria-hidden=\"true\" xmlns=\"http:\/\/www.w3.org\/2000\/svg\">\n\t\t\t\t\t\t\t\t\t\t\t\t\t\t\t\t<path d=\"M15.4617 0.252159L14.9567 0.75931C14.6219 1.09545 14.6219 1.64048 14.9567 1.97669L27.7062 14.7806H0.857144C0.383786 14.7806 0 15.166 0 15.6414V16.3587C0 16.8341 0.383786 17.2195 0.857144 17.2195H27.7062L14.9567 30.0234C14.6219 30.3595 14.6219 30.9045 14.9567 31.2407L15.4617 31.7479C15.7964 32.084 16.3392 32.084 16.6739 31.7479L31.749 16.6087C32.0837 16.2725 32.0837 15.7275 31.749 15.3913L16.6739 0.252159C16.3392 -0.084053 15.7964 -0.084053 15.4617 0.252159Z\"\/>\n\t\t\t\t\t\t\t\n\t\t\t\t\t\t\t<\/svg>\n\t\t\t\t\t\t<\/div>\n\t\t\t\t\t<\/div>\n\n\t\t\t\t\t<div class=\"c-card__media \" style=\" \">\n\t\t\t\t\t\t<img decoding=\"async\" width=\"362\" height=\"272\" src=\"https:\/\/noblaskolan.se\/wp-content\/uploads\/2024\/04\/noblaskolan-artikelkort-363x272-1.png\" class=\"attachment-sm size-sm\" alt=\"Logotyp Noblaskolan.\" sizes=\"(min-width: 64em) 300px, (min-width: 48em) calc(.50 * (100vw - 224px)), calc(100vw - 160px)\" srcset=\"https:\/\/noblaskolan.se\/wp-content\/uploads\/2024\/04\/noblaskolan-artikelkort-363x272-1.png 362w, https:\/\/noblaskolan.se\/wp-content\/uploads\/2024\/04\/noblaskolan-artikelkort-363x272-1-300x225.png 300w\" \/>\n\t\t\t\t\t<\/div>\n\t\t\t\t<\/article>\n\t\t\t<\/li>\n\t\t\t\t\t\t\t\t\t\t\t\t\t\t\t\t\t\n\t\t\t\n\t\t\t\n\t\t\t<li class=\"l-col-6@md l-col-4@lg \" data-filter=\"allmant december-2020\">\n\t\t\t\t<article class=\"c-card  has-media-zoom  \" data-variant=\"border\" data-style=\"square\" data-click-area>\n\t\t\t\t\t<div class=\"c-card__content l-stack l-stack-sm\">\n\n\t\t\t\t\t\t\t\t\t\t\t\t\t<time class=\"c-card__date u-font-small\" datetime=\"2020-12-10\">10 december, 2020<\/time>\n\t\t\t\t\t\t\n\t\t\t\t\t\t\t\t\t\t\t\t\t<h3 class=\"c-card__title u-font-title-3\">\n\t\t\t\t\t\t\t\t\t\t\t\t\t\t\t\t\t<a class=\"c-card__link\" href=\"https:\/\/noblaskolan.se\/taby\/artikel\/lokal\/noblaskolan-uppmarksammar-nobeldagen\">\n\t\t\t\t\t\t\t\t\t\tNobeldagen p\u00e5 Noblaskolan Nya &#8230;\n\t\t\t\t\t\t\t\t\t<\/a>\n\t\t\t\t\t\t\t\t\t\t\t\t\t\t\t<\/h3>\n\t\t\t\t\t\t\n\t\t\t\t\t\t\t\t\t\t\t\t\t<p class=\"c-card__text l-stack-xs u-font-body\">\n\t\t\t\t\t\t\t\tNoblaskolan uppm\u00e4rksammar Nobeldagen! P\u00e5 Noblaskolan Nya Hov\u00e5s har eleverna arbetat&#8230;\n\t\t\t\t\t\t\t<\/p>\n\t\t\t\t\t\t\n\t\t\t\t\t\t\t\t\t\t\t\t\t<ul class=\"c-card__tags l-stack-grow u-list-none u-pt-md\" aria-label=\"Kategorier\">\n\t\t\t\t\t\t\t\t\t\t\t\t\t\t\t\t\t<li><span class=\"c-tag\" data-variant=\"outline\">Allm\u00e4nt<\/span><\/li>\n\t\t\t\t\t\t\t\t\t\t\t\t\t\t\t<\/ul>\n\t\t\t\t\t\t\n\t\t\t\t\t\t<div class=\"c-card__icon\">\n\t\t\t\t\t\t\t\t\t\t\t\t\t\t<svg class=\"ams-icon ams-icon--arrow-right\" width=\"32\" height=\"32\" viewbox=\"0 0 32 32\" fill=\"currentColor\" aria-hidden=\"true\" xmlns=\"http:\/\/www.w3.org\/2000\/svg\">\n\t\t\t\t\t\t\t\t\t\t\t\t\t\t\t\t<path d=\"M15.4617 0.252159L14.9567 0.75931C14.6219 1.09545 14.6219 1.64048 14.9567 1.97669L27.7062 14.7806H0.857144C0.383786 14.7806 0 15.166 0 15.6414V16.3587C0 16.8341 0.383786 17.2195 0.857144 17.2195H27.7062L14.9567 30.0234C14.6219 30.3595 14.6219 30.9045 14.9567 31.2407L15.4617 31.7479C15.7964 32.084 16.3392 32.084 16.6739 31.7479L31.749 16.6087C32.0837 16.2725 32.0837 15.7275 31.749 15.3913L16.6739 0.252159C16.3392 -0.084053 15.7964 -0.084053 15.4617 0.252159Z\"\/>\n\t\t\t\t\t\t\t\n\t\t\t\t\t\t\t<\/svg>\n\t\t\t\t\t\t<\/div>\n\t\t\t\t\t<\/div>\n\n\t\t\t\t\t<div class=\"c-card__media \" style=\" \">\n\t\t\t\t\t\t<img decoding=\"async\" width=\"400\" height=\"420\" src=\"https:\/\/noblaskolan.se\/wp-content\/uploads\/2020\/12\/skarmavbild-2020-12-10-kl-162840-400x420.png\" class=\"attachment-sm size-sm\" alt=\"Elev p\u00e5 Noblaskolan som h\u00e5ller ett pris\" sizes=\"(min-width: 64em) 300px, (min-width: 48em) calc(.50 * (100vw - 224px)), calc(100vw - 160px)\" srcset=\"https:\/\/noblaskolan.se\/wp-content\/uploads\/2020\/12\/skarmavbild-2020-12-10-kl-162840-400x420.png 400w, https:\/\/noblaskolan.se\/wp-content\/uploads\/2020\/12\/skarmavbild-2020-12-10-kl-162840-300x315.png 300w, https:\/\/noblaskolan.se\/wp-content\/uploads\/2020\/12\/skarmavbild-2020-12-10-kl-162840-600x630.png 600w, https:\/\/noblaskolan.se\/wp-content\/uploads\/2020\/12\/skarmavbild-2020-12-10-kl-162840.png 629w\" \/>\n\t\t\t\t\t<\/div>\n\t\t\t\t<\/article>\n\t\t\t<\/li>\n\t\t\t\t\t\t\t\t\t\t\t\t\t\t\t\t\t\n\t\t\t\n\t\t\t\n\t\t\t<li class=\"l-col-6@md l-col-4@lg \" data-filter=\"allmant intervjuer oktober-2020\">\n\t\t\t\t<article class=\"c-card  has-media-zoom  \" data-variant=\"border\" data-style=\"square\" data-click-area>\n\t\t\t\t\t<div class=\"c-card__content l-stack l-stack-sm\">\n\n\t\t\t\t\t\t\t\t\t\t\t\t\t<time class=\"c-card__date u-font-small\" datetime=\"2020-10-14\">14 oktober, 2020<\/time>\n\t\t\t\t\t\t\n\t\t\t\t\t\t\t\t\t\t\t\t\t<h3 class=\"c-card__title u-font-title-3\">\n\t\t\t\t\t\t\t\t\t\t\t\t\t\t\t\t\t<a class=\"c-card__link\" href=\"https:\/\/noblaskolan.se\/taby\/artikel\/lokal\/nu-lanseras-noblaskolan\">\n\t\t\t\t\t\t\t\t\t\tNu lanseras Noblaskolan!\n\t\t\t\t\t\t\t\t\t<\/a>\n\t\t\t\t\t\t\t\t\t\t\t\t\t\t\t<\/h3>\n\t\t\t\t\t\t\n\t\t\t\t\t\t\t\t\t\t\t\t\t<p class=\"c-card__text l-stack-xs u-font-body\">\n\t\t\t\t\t\t\t\tSkolchef Eva-Lotte Stavle om den nya profilen.\n\t\t\t\t\t\t\t<\/p>\n\t\t\t\t\t\t\n\t\t\t\t\t\t\t\t\t\t\t\t\t<ul class=\"c-card__tags l-stack-grow u-list-none u-pt-md\" aria-label=\"Kategorier\">\n\t\t\t\t\t\t\t\t\t\t\t\t\t\t\t\t\t<li><span class=\"c-tag\" data-variant=\"outline\">Allm\u00e4nt<\/span><\/li>\n\t\t\t\t\t\t\t\t\t\t\t\t\t\t\t\t\t<li><span class=\"c-tag\" data-variant=\"outline\">Intervjuer<\/span><\/li>\n\t\t\t\t\t\t\t\t\t\t\t\t\t\t\t<\/ul>\n\t\t\t\t\t\t\n\t\t\t\t\t\t<div class=\"c-card__icon\">\n\t\t\t\t\t\t\t\t\t\t\t\t\t\t<svg class=\"ams-icon ams-icon--arrow-right\" width=\"32\" height=\"32\" viewbox=\"0 0 32 32\" fill=\"currentColor\" aria-hidden=\"true\" xmlns=\"http:\/\/www.w3.org\/2000\/svg\">\n\t\t\t\t\t\t\t\t\t\t\t\t\t\t\t\t<path d=\"M15.4617 0.252159L14.9567 0.75931C14.6219 1.09545 14.6219 1.64048 14.9567 1.97669L27.7062 14.7806H0.857144C0.383786 14.7806 0 15.166 0 15.6414V16.3587C0 16.8341 0.383786 17.2195 0.857144 17.2195H27.7062L14.9567 30.0234C14.6219 30.3595 14.6219 30.9045 14.9567 31.2407L15.4617 31.7479C15.7964 32.084 16.3392 32.084 16.6739 31.7479L31.749 16.6087C32.0837 16.2725 32.0837 15.7275 31.749 15.3913L16.6739 0.252159C16.3392 -0.084053 15.7964 -0.084053 15.4617 0.252159Z\"\/>\n\t\t\t\t\t\t\t\n\t\t\t\t\t\t\t<\/svg>\n\t\t\t\t\t\t<\/div>\n\t\t\t\t\t<\/div>\n\n\t\t\t\t\t<div class=\"c-card__media \" style=\" \">\n\t\t\t\t\t\t<img decoding=\"async\" width=\"400\" height=\"326\" src=\"https:\/\/noblaskolan.se\/wp-content\/uploads\/2020\/10\/eva-lotte-400x326.jpg\" class=\"attachment-sm size-sm\" alt=\"En l\u00e4rare p\u00e5 Noblaskolan\" sizes=\"(min-width: 64em) 300px, (min-width: 48em) calc(.50 * (100vw - 224px)), calc(100vw - 160px)\" srcset=\"https:\/\/noblaskolan.se\/wp-content\/uploads\/2020\/10\/eva-lotte-400x326.jpg 400w, https:\/\/noblaskolan.se\/wp-content\/uploads\/2020\/10\/eva-lotte-300x245.jpg 300w, https:\/\/noblaskolan.se\/wp-content\/uploads\/2020\/10\/eva-lotte-600x489.jpg 600w, https:\/\/noblaskolan.se\/wp-content\/uploads\/2020\/10\/eva-lotte.jpg 682w\" \/>\n\t\t\t\t\t<\/div>\n\t\t\t\t<\/article>\n\t\t\t<\/li>\n\t\t\t<\/ul>\n\n\t<div class=\"no-results u-mt-0 u-hide\" data-filter-fallback-id=\"ams-article-list-69ef2d6f72b48\">\n\t<p>Det finns inga resultat som matchar din filtrering.<\/p>\n<\/div>\n\n\t\n\n\t\t\n\t\t\t<\/div>\n\n\t\t\n\n<\/section>\n","protected":false},"template":"","article_category":[14,10],"yoast_head":"<!-- This site is optimized with the Yoast SEO plugin v22.0 - https:\/\/yoast.com\/wordpress\/plugins\/seo\/ -->\n<title>T\u00e4by<\/title>\n<meta name=\"robots\" content=\"index, follow, max-snippet:-1, max-image-preview:large, max-video-preview:-1\" \/>\n<link rel=\"canonical\" href=\"https:\/\/noblaskolan.se\/taby\/artikel\/elevroster\/\" \/>\n<meta property=\"og:locale\" content=\"sv_SE\" \/>\n<meta property=\"og:type\" content=\"article\" \/>\n<meta property=\"og:url\" content=\"https:\/\/noblaskolan.se\/taby\/artikel\/elevroster\/\" \/>\n<meta property=\"og:site_name\" content=\"T\u00e4by\" \/>\n<meta property=\"article:modified_time\" content=\"2026-04-20T08:29:59+00:00\" \/>\n<meta name=\"twitter:card\" content=\"summary_large_image\" \/>\n<meta name=\"twitter:label1\" content=\"Ber\u00e4knad l\u00e4stid\" \/>\n\t<meta name=\"twitter:data1\" content=\"5 minuter\" \/>\n<script type=\"application\/ld+json\" class=\"yoast-schema-graph\">{\"@context\":\"https:\/\/schema.org\",\"@graph\":[{\"@type\":\"WebPage\",\"@id\":\"https:\/\/noblaskolan.se\/taby\/artikel\/elevroster\/\",\"url\":\"https:\/\/noblaskolan.se\/taby\/artikel\/elevroster\/\",\"name\":\"Elevr\u00f6ster | T\u00e4by\",\"isPartOf\":{\"@id\":\"https:\/\/noblaskolan.se\/taby\/#website\"},\"datePublished\":\"2026-04-17T08:47:42+00:00\",\"dateModified\":\"2026-04-20T08:29:59+00:00\",\"breadcrumb\":{\"@id\":\"https:\/\/noblaskolan.se\/taby\/artikel\/elevroster\/#breadcrumb\"},\"inLanguage\":\"sv-SE\",\"potentialAction\":[{\"@type\":\"ReadAction\",\"target\":[\"https:\/\/noblaskolan.se\/taby\/artikel\/elevroster\/\"]}]},{\"@type\":\"BreadcrumbList\",\"@id\":\"https:\/\/noblaskolan.se\/taby\/artikel\/elevroster\/#breadcrumb\",\"itemListElement\":[{\"@type\":\"ListItem\",\"position\":1,\"name\":\"Start\",\"item\":\"https:\/\/noblaskolan.se\/taby\"},{\"@type\":\"ListItem\",\"position\":2,\"name\":\"Nyheter\"}]},{\"@type\":\"WebSite\",\"@id\":\"https:\/\/noblaskolan.se\/taby\/#website\",\"url\":\"https:\/\/noblaskolan.se\/taby\/\",\"name\":\"T\u00e4by\",\"description\":\"Noblaskolan T\u00e4by\",\"potentialAction\":[{\"@type\":\"SearchAction\",\"target\":{\"@type\":\"EntryPoint\",\"urlTemplate\":\"https:\/\/noblaskolan.se\/taby\/?s={search_term_string}\"},\"query-input\":\"required name=search_term_string\"}],\"inLanguage\":\"sv-SE\"}]}<\/script>\n<!-- \/ Yoast SEO plugin. -->","yoast_head_json":{"title":"T\u00e4by","robots":{"index":"index","follow":"follow","max-snippet":"max-snippet:-1","max-image-preview":"max-image-preview:large","max-video-preview":"max-video-preview:-1"},"canonical":"https:\/\/noblaskolan.se\/taby\/artikel\/elevroster\/","og_locale":"sv_SE","og_type":"article","og_url":"https:\/\/noblaskolan.se\/taby\/artikel\/elevroster\/","og_site_name":"T\u00e4by","article_modified_time":"2026-04-20T08:29:59+00:00","twitter_card":"summary_large_image","twitter_misc":{"Ber\u00e4knad l\u00e4stid":"5 minuter"},"schema":{"@context":"https:\/\/schema.org","@graph":[{"@type":"WebPage","@id":"https:\/\/noblaskolan.se\/taby\/artikel\/elevroster\/","url":"https:\/\/noblaskolan.se\/taby\/artikel\/elevroster\/","name":"Elevr\u00f6ster | T\u00e4by","isPartOf":{"@id":"https:\/\/noblaskolan.se\/taby\/#website"},"datePublished":"2026-04-17T08:47:42+00:00","dateModified":"2026-04-20T08:29:59+00:00","breadcrumb":{"@id":"https:\/\/noblaskolan.se\/taby\/artikel\/elevroster\/#breadcrumb"},"inLanguage":"sv-SE","potentialAction":[{"@type":"ReadAction","target":["https:\/\/noblaskolan.se\/taby\/artikel\/elevroster\/"]}]},{"@type":"BreadcrumbList","@id":"https:\/\/noblaskolan.se\/taby\/artikel\/elevroster\/#breadcrumb","itemListElement":[{"@type":"ListItem","position":1,"name":"Start","item":"https:\/\/noblaskolan.se\/taby"},{"@type":"ListItem","position":2,"name":"Nyheter"}]},{"@type":"WebSite","@id":"https:\/\/noblaskolan.se\/taby\/#website","url":"https:\/\/noblaskolan.se\/taby\/","name":"T\u00e4by","description":"Noblaskolan T\u00e4by","potentialAction":[{"@type":"SearchAction","target":{"@type":"EntryPoint","urlTemplate":"https:\/\/noblaskolan.se\/taby\/?s={search_term_string}"},"query-input":"required name=search_term_string"}],"inLanguage":"sv-SE"}]}},"_links":{"self":[{"href":"https:\/\/noblaskolan.se\/taby\/wp-json\/wp\/v2\/article\/2173"}],"collection":[{"href":"https:\/\/noblaskolan.se\/taby\/wp-json\/wp\/v2\/article"}],"about":[{"href":"https:\/\/noblaskolan.se\/taby\/wp-json\/wp\/v2\/types\/article"}],"wp:attachment":[{"href":"https:\/\/noblaskolan.se\/taby\/wp-json\/wp\/v2\/media?parent=2173"}],"wp:term":[{"taxonomy":"article_category","embeddable":true,"href":"https:\/\/noblaskolan.se\/taby\/wp-json\/wp\/v2\/article_category?post=2173"}],"curies":[{"name":"wp","href":"https:\/\/api.w.org\/{rel}","templated":true}]}}