{"id":2113,"date":"2025-11-13T14:30:46","date_gmt":"2025-11-13T13:30:46","guid":{"rendered":"https:\/\/noblaskolan.se\/taby\/?post_type=article&#038;p=2113"},"modified":"2025-11-18T14:20:24","modified_gmt":"2025-11-18T13:20:24","slug":"valkommen-pa-mattekvall-for-foraldrar","status":"publish","type":"article","link":"https:\/\/noblaskolan.se\/taby\/artikel\/valkommen-pa-mattekvall-for-foraldrar\/","title":{"rendered":"V\u00e4lkommen p\u00e5 mattekv\u00e4ll f\u00f6r f\u00f6r\u00e4ldrar"},"content":{"rendered":"\n<div class=\"wp-block-group is-layout-constrained wp-container-core-group-layout-1 wp-block-group-is-layout-constrained\">\n<h1 class=\"wp-block-heading\">Vad kr\u00e4vs f\u00f6r ett A i matte? V\u00e4lkommen p\u00e5 mattekv\u00e4ll f\u00f6r v\u00e5rdnadshavare<\/h1>\n\n\n\n<p   class=\"site__ingress container text-left  site__text-color--dark  site__free_text--ingress p-0\">\n\tTa plats i skolb\u00e4nken f\u00f6r en kv\u00e4ll. Under v\u00e5r mattekv\u00e4ll p\u00e5 Noblaskolan T\u00e4by f\u00e5r du veta hur vi undervisar, vad vi tittar efter n\u00e4r vi bed\u00f6mer och hur du kan g\u00f6ra skillnad i ditt barns l\u00e4rande.<\/p>\n\n\n\n\n\t<div\n\t\t class=\"module_wrapper container-fluid images-module\" >\n\t\t<div class=\"row\">\n\t\t\t<div\n\t\t\t\t\tclass=\"col-12 m-0 p-0 position-relative images_module__slideshow images_module__slideshow-container module-expand \">\n\n\t\t\t\t<div class=\"images_module__slide \" data-slide=\"\"\n\t\t\t\t\t data-duration=\"\"><\/div>\n\t\t\t\t\t\t\t\t\t<div\n\t\t\t\t\t\t class=\"images_module__slides \">\n\n\n\t\t\t\t\t\t<div class=\"images__wrapper\"\n\t\t\t\t\t\t\t style=\"aspect-ratio: 1200 \/ 531;\">\n\t\t\t\t\t\t\t<img decoding=\"async\" width=\"1000\" height=\"667\" src=\"https:\/\/noblaskolan.se\/wp-content\/uploads\/sites\/32\/2025\/11\/noblaskolantaby202504hogstadiewebb6.jpg\" class=\"images__image_ratio  \" alt=\"L\u00e4rare hj\u00e4lper tv\u00e5 elever vid b\u00e4nken.\" style=\"aspect-ratio: 1200 \/ 531;object-position: center center;\" srcset=\"https:\/\/noblaskolan.se\/wp-content\/uploads\/sites\/32\/2025\/11\/noblaskolantaby202504hogstadiewebb6.jpg 1000w, https:\/\/noblaskolan.se\/wp-content\/uploads\/sites\/32\/2025\/11\/noblaskolantaby202504hogstadiewebb6-300x200.jpg 300w, https:\/\/noblaskolan.se\/wp-content\/uploads\/sites\/32\/2025\/11\/noblaskolantaby202504hogstadiewebb6-400x267.jpg 400w, https:\/\/noblaskolan.se\/wp-content\/uploads\/sites\/32\/2025\/11\/noblaskolantaby202504hogstadiewebb6-600x400.jpg 600w, https:\/\/noblaskolan.se\/wp-content\/uploads\/sites\/32\/2025\/11\/noblaskolantaby202504hogstadiewebb6-800x534.jpg 800w\" sizes=\"(max-width: 1000px) 100vw, 1000px\" \/>\t\t\t\t\t\t<\/div>\n\n\t\t\t\t\t\t\n\t\t\t\t\t\t\t\t\t\t\t<\/div>\n\t\t\t\t\n\t\t\t\t<div class=\"images_module__container_dot \">\n\t\t\t\t\t<div style=\"text-align:center\">\n\t\t\t\t\t\t\t\t\t\t\t\t\t<span   data-i=\"0\"\n\t\t\t\t\t\t\t\t  class=\"images_module__dot\n\t\t\t\t\t\t\t\t\t\t\t\t\t  \"><\/span>\n\t\t\t\t\t\t\t\t\t\t\t<\/div>\n\t\t\t\t<\/div>\n\n\t\t\t<\/div>\n\t\t<\/div>\n\t<\/div>\n\n\n\t\n\n\n<script>\n\tvar images_display_descriptive_text = \"\";\n<\/script>\n\n\n\n<div style=\"height:23px\" aria-hidden=\"true\" class=\"wp-block-spacer\"><\/div>\n\n\n\n<p>V\u00e4lkommen till en inspirerande mattekv\u00e4ll f\u00f6r dig som v\u00e5rdnadshavare! Vi pratar metoder, l\u00e4romedel och bed\u00f6mning, med m\u00e5let att g\u00f6ra det l\u00e4ttare f\u00f6r dig att st\u00f6tta ditt barn hemma. Tv\u00e5 parallella f\u00f6rel\u00e4sningar d\u00e4r du v\u00e4ljer det som du \u00e4r nyfiken p\u00e5, fika och gott om tid f\u00f6r fr\u00e5gor.<\/p>\n\n\n\n<p><strong>N\u00e4r?<\/strong><br>Torsdag 27 november<br>Kl. 17.30\u201319.30<br>Noblaskolan T\u00e4by<\/p>\n\n\n\n<h2 class=\"wp-block-heading\"><strong>Kv\u00e4llens program<\/strong><\/h2>\n\n\n\n<ul>\n<li>Start i matsalen f\u00f6r kort info, sedan g\u00e5r vi till klassrummen p\u00e5 h\u00f6gstadiet<\/li>\n<\/ul>\n\n\n\n<h4 class=\"wp-block-heading\">V\u00e4lj en av f\u00f6rel\u00e4sningarna<\/h4>\n\n\n\n<div style=\"height:9px\" aria-hidden=\"true\" class=\"wp-block-spacer\"><\/div>\n\n\n\n<ul>\n<li>Betyg och bed\u00f6mning<em> <\/em><br><em>&#8211; Hur fungerar bed\u00f6mningen i matematik och vad ligger till grund f\u00f6r betygen<\/em><\/li>\n\n\n\n<li>Matematikboken och tips <br>&#8211; <em>Genomg\u00e5ng av hur boken anv\u00e4nds i undervisningen och praktiska tips f\u00f6r att st\u00f6tta elevernas l\u00e4rande.<\/em><\/li>\n<\/ul>\n\n\n\n<h4 class=\"wp-block-heading\">Fika<\/h4>\n\n\n\n<p>Vi tar en paus f\u00f6r fika, mingel och fr\u00e5gor.<\/p>\n\n\n\n<h4 class=\"wp-block-heading\">V\u00e4lj en av f\u00f6rel\u00e4sningarna<\/h4>\n\n\n\n<ul>\n<li>Matematikboken och tips <br>&#8211; <em>Genomg\u00e5ng av hur boken anv\u00e4nds i undervisningen och praktiska tips f\u00f6r att st\u00f6tta elevernas l\u00e4rande.<\/em><\/li>\n\n\n\n<li>Metodf\u00f6rm\u00e5gan med fokus p\u00e5 kortdivision <br>&#8211; <em>Vi tittar n\u00e4rmare p\u00e5 metodtr\u00e4ning och strategier.<\/em><\/li>\n<\/ul>\n\n\n\n<h4 class=\"wp-block-heading\">Avslutning ca klockan 20:00<\/h4>\n\n\n\n<p>Anm\u00e4l ditt deltagande via e-post till: <a href=\"mailto:jonas.bergman@noblaskolan.se\"><strong>jonas.bergman@noblaskolan.se<\/strong><br><\/a>Har du fr\u00e5gor \u00e4r du ocks\u00e5 varmt v\u00e4lkommen att kontakta Jonas Bergman. <\/p>\n\n\n\n<p><strong>Vi ser fram emot att tr\u00e4ffa er och prata matematik!<\/strong><br>Noblaskolan T\u00e4by<\/p>\n<\/div>\n","protected":false},"template":"","article_category":[14],"yoast_head":"<!-- This site is optimized with the Yoast SEO plugin v22.0 - https:\/\/yoast.com\/wordpress\/plugins\/seo\/ -->\n<title>Mattekv\u00e4ll f\u00f6r f\u00f6r\u00e4ldrar \u2013 Noblaskolan T\u00e4by<\/title>\n<meta name=\"description\" content=\"L\u00e4r dig hur du kan hj\u00e4lpa ditt barn med mattel\u00e4xan p\u00e5 r\u00e4tt s\u00e4tt \u2013 V\u00e4lkommen till en mattekv\u00e4ll f\u00f6r f\u00f6r\u00e4ldrar p\u00e5 Noblaskolan T\u00e4by.\" \/>\n<meta name=\"robots\" content=\"index, follow, max-snippet:-1, max-image-preview:large, max-video-preview:-1\" \/>\n<link rel=\"canonical\" href=\"https:\/\/noblaskolan.se\/taby\/artikel\/valkommen-pa-mattekvall-for-foraldrar\/\" \/>\n<meta property=\"og:locale\" content=\"sv_SE\" \/>\n<meta property=\"og:type\" content=\"article\" \/>\n<meta property=\"og:title\" content=\"Mattekv\u00e4ll f\u00f6r f\u00f6r\u00e4ldrar \u2013 Noblaskolan T\u00e4by\" \/>\n<meta property=\"og:description\" content=\"L\u00e4r dig hur du kan hj\u00e4lpa ditt barn med mattel\u00e4xan p\u00e5 r\u00e4tt s\u00e4tt \u2013 V\u00e4lkommen till en mattekv\u00e4ll f\u00f6r f\u00f6r\u00e4ldrar p\u00e5 Noblaskolan T\u00e4by.\" \/>\n<meta property=\"og:url\" content=\"https:\/\/noblaskolan.se\/taby\/artikel\/valkommen-pa-mattekvall-for-foraldrar\/\" \/>\n<meta property=\"og:site_name\" content=\"T\u00e4by\" \/>\n<meta property=\"article:modified_time\" content=\"2025-11-18T13:20:24+00:00\" \/>\n<meta name=\"twitter:card\" content=\"summary_large_image\" \/>\n<meta name=\"twitter:title\" content=\"Mattekv\u00e4ll f\u00f6r f\u00f6r\u00e4ldrar \u2013 Noblaskolan T\u00e4by\" \/>\n<meta name=\"twitter:description\" content=\"L\u00e4r dig hur du kan hj\u00e4lpa ditt barn med mattel\u00e4xan p\u00e5 r\u00e4tt s\u00e4tt \u2013 V\u00e4lkommen till en mattekv\u00e4ll f\u00f6r f\u00f6r\u00e4ldrar p\u00e5 Noblaskolan T\u00e4by.\" \/>\n<meta name=\"twitter:image\" content=\"https:\/\/noblaskolan.se\/wp-content\/uploads\/sites\/32\/2025\/11\/noblaskolantaby202504hogstadiewebb6-1000x630.jpg\" \/>\n<meta name=\"twitter:label1\" content=\"Ber\u00e4knad l\u00e4stid\" \/>\n\t<meta name=\"twitter:data1\" content=\"2 minuter\" \/>\n<script type=\"application\/ld+json\" class=\"yoast-schema-graph\">{\"@context\":\"https:\/\/schema.org\",\"@graph\":[{\"@type\":\"WebPage\",\"@id\":\"https:\/\/noblaskolan.se\/taby\/artikel\/valkommen-pa-mattekvall-for-foraldrar\/\",\"url\":\"https:\/\/noblaskolan.se\/taby\/artikel\/valkommen-pa-mattekvall-for-foraldrar\/\",\"name\":\"Mattekv\u00e4ll f\u00f6r f\u00f6r\u00e4ldrar \u2013 Noblaskolan T\u00e4by\",\"isPartOf\":{\"@id\":\"https:\/\/noblaskolan.se\/taby\/#website\"},\"datePublished\":\"2025-11-13T13:30:46+00:00\",\"dateModified\":\"2025-11-18T13:20:24+00:00\",\"description\":\"L\u00e4r dig hur du kan hj\u00e4lpa ditt barn med mattel\u00e4xan p\u00e5 r\u00e4tt s\u00e4tt \u2013 V\u00e4lkommen till en mattekv\u00e4ll f\u00f6r f\u00f6r\u00e4ldrar p\u00e5 Noblaskolan T\u00e4by.\",\"breadcrumb\":{\"@id\":\"https:\/\/noblaskolan.se\/taby\/artikel\/valkommen-pa-mattekvall-for-foraldrar\/#breadcrumb\"},\"inLanguage\":\"sv-SE\",\"potentialAction\":[{\"@type\":\"ReadAction\",\"target\":[\"https:\/\/noblaskolan.se\/taby\/artikel\/valkommen-pa-mattekvall-for-foraldrar\/\"]}]},{\"@type\":\"BreadcrumbList\",\"@id\":\"https:\/\/noblaskolan.se\/taby\/artikel\/valkommen-pa-mattekvall-for-foraldrar\/#breadcrumb\",\"itemListElement\":[{\"@type\":\"ListItem\",\"position\":1,\"name\":\"Start\",\"item\":\"https:\/\/noblaskolan.se\/taby\"},{\"@type\":\"ListItem\",\"position\":2,\"name\":\"Nyheter\"}]},{\"@type\":\"WebSite\",\"@id\":\"https:\/\/noblaskolan.se\/taby\/#website\",\"url\":\"https:\/\/noblaskolan.se\/taby\/\",\"name\":\"T\u00e4by\",\"description\":\"Noblaskolan T\u00e4by\",\"potentialAction\":[{\"@type\":\"SearchAction\",\"target\":{\"@type\":\"EntryPoint\",\"urlTemplate\":\"https:\/\/noblaskolan.se\/taby\/?s={search_term_string}\"},\"query-input\":\"required name=search_term_string\"}],\"inLanguage\":\"sv-SE\"}]}<\/script>\n<!-- \/ Yoast SEO plugin. -->","yoast_head_json":{"title":"Mattekv\u00e4ll f\u00f6r f\u00f6r\u00e4ldrar \u2013 Noblaskolan T\u00e4by","description":"L\u00e4r dig hur du kan hj\u00e4lpa ditt barn med mattel\u00e4xan p\u00e5 r\u00e4tt s\u00e4tt \u2013 V\u00e4lkommen till en mattekv\u00e4ll f\u00f6r f\u00f6r\u00e4ldrar p\u00e5 Noblaskolan T\u00e4by.","robots":{"index":"index","follow":"follow","max-snippet":"max-snippet:-1","max-image-preview":"max-image-preview:large","max-video-preview":"max-video-preview:-1"},"canonical":"https:\/\/noblaskolan.se\/taby\/artikel\/valkommen-pa-mattekvall-for-foraldrar\/","og_locale":"sv_SE","og_type":"article","og_title":"Mattekv\u00e4ll f\u00f6r f\u00f6r\u00e4ldrar \u2013 Noblaskolan T\u00e4by","og_description":"L\u00e4r dig hur du kan hj\u00e4lpa ditt barn med mattel\u00e4xan p\u00e5 r\u00e4tt s\u00e4tt \u2013 V\u00e4lkommen till en mattekv\u00e4ll f\u00f6r f\u00f6r\u00e4ldrar p\u00e5 Noblaskolan T\u00e4by.","og_url":"https:\/\/noblaskolan.se\/taby\/artikel\/valkommen-pa-mattekvall-for-foraldrar\/","og_site_name":"T\u00e4by","article_modified_time":"2025-11-18T13:20:24+00:00","twitter_card":"summary_large_image","twitter_title":"Mattekv\u00e4ll f\u00f6r f\u00f6r\u00e4ldrar \u2013 Noblaskolan T\u00e4by","twitter_description":"L\u00e4r dig hur du kan hj\u00e4lpa ditt barn med mattel\u00e4xan p\u00e5 r\u00e4tt s\u00e4tt \u2013 V\u00e4lkommen till en mattekv\u00e4ll f\u00f6r f\u00f6r\u00e4ldrar p\u00e5 Noblaskolan T\u00e4by.","twitter_image":"https:\/\/noblaskolan.se\/wp-content\/uploads\/sites\/32\/2025\/11\/noblaskolantaby202504hogstadiewebb6-1000x630.jpg","twitter_misc":{"Ber\u00e4knad l\u00e4stid":"2 minuter"},"schema":{"@context":"https:\/\/schema.org","@graph":[{"@type":"WebPage","@id":"https:\/\/noblaskolan.se\/taby\/artikel\/valkommen-pa-mattekvall-for-foraldrar\/","url":"https:\/\/noblaskolan.se\/taby\/artikel\/valkommen-pa-mattekvall-for-foraldrar\/","name":"Mattekv\u00e4ll f\u00f6r f\u00f6r\u00e4ldrar \u2013 Noblaskolan T\u00e4by","isPartOf":{"@id":"https:\/\/noblaskolan.se\/taby\/#website"},"datePublished":"2025-11-13T13:30:46+00:00","dateModified":"2025-11-18T13:20:24+00:00","description":"L\u00e4r dig hur du kan hj\u00e4lpa ditt barn med mattel\u00e4xan p\u00e5 r\u00e4tt s\u00e4tt \u2013 V\u00e4lkommen till en mattekv\u00e4ll f\u00f6r f\u00f6r\u00e4ldrar p\u00e5 Noblaskolan T\u00e4by.","breadcrumb":{"@id":"https:\/\/noblaskolan.se\/taby\/artikel\/valkommen-pa-mattekvall-for-foraldrar\/#breadcrumb"},"inLanguage":"sv-SE","potentialAction":[{"@type":"ReadAction","target":["https:\/\/noblaskolan.se\/taby\/artikel\/valkommen-pa-mattekvall-for-foraldrar\/"]}]},{"@type":"BreadcrumbList","@id":"https:\/\/noblaskolan.se\/taby\/artikel\/valkommen-pa-mattekvall-for-foraldrar\/#breadcrumb","itemListElement":[{"@type":"ListItem","position":1,"name":"Start","item":"https:\/\/noblaskolan.se\/taby"},{"@type":"ListItem","position":2,"name":"Nyheter"}]},{"@type":"WebSite","@id":"https:\/\/noblaskolan.se\/taby\/#website","url":"https:\/\/noblaskolan.se\/taby\/","name":"T\u00e4by","description":"Noblaskolan T\u00e4by","potentialAction":[{"@type":"SearchAction","target":{"@type":"EntryPoint","urlTemplate":"https:\/\/noblaskolan.se\/taby\/?s={search_term_string}"},"query-input":"required name=search_term_string"}],"inLanguage":"sv-SE"}]}},"_links":{"self":[{"href":"https:\/\/noblaskolan.se\/taby\/wp-json\/wp\/v2\/article\/2113"}],"collection":[{"href":"https:\/\/noblaskolan.se\/taby\/wp-json\/wp\/v2\/article"}],"about":[{"href":"https:\/\/noblaskolan.se\/taby\/wp-json\/wp\/v2\/types\/article"}],"wp:attachment":[{"href":"https:\/\/noblaskolan.se\/taby\/wp-json\/wp\/v2\/media?parent=2113"}],"wp:term":[{"taxonomy":"article_category","embeddable":true,"href":"https:\/\/noblaskolan.se\/taby\/wp-json\/wp\/v2\/article_category?post=2113"}],"curies":[{"name":"wp","href":"https:\/\/api.w.org\/{rel}","templated":true}]}}