{"id":2079,"date":"2025-12-03T17:08:35","date_gmt":"2025-12-03T16:08:35","guid":{"rendered":"https:\/\/noblaskolan.se\/taby\/?post_type=article&#038;p=2079"},"modified":"2025-12-03T17:08:36","modified_gmt":"2025-12-03T16:08:36","slug":"pedagoger","status":"publish","type":"article","link":"https:\/\/noblaskolan.se\/taby\/artikel\/pedagoger\/","title":{"rendered":"Pedagoger"},"content":{"rendered":"\n<div class=\"wp-block-group is-layout-constrained wp-block-group-is-layout-constrained\">\n<h1 class=\"wp-block-heading\">L\u00e4r k\u00e4nna v\u00e5ra pedagoger<\/h1>\n\n\n\n<p   class=\"site__ingress container text-left  site__text-color--dark  site__free_text--ingress p-0\">\n\tL\u00e4r k\u00e4nna v\u00e5ra pedagoger och l\u00e4rare lite b\u00e4ttre! H\u00e4r f\u00e5r du veta mer om deras drivkrafter och hur de arbetar f\u00f6r att g\u00f6ra undervisningen intressant och utmanande.<\/p>\n\n\n\n\n\n<h2 class=\"wp-block-heading\"><em>Sofia Bennet<\/em> \u2013 L\u00e4rare p\u00e5 mellanstadiet<\/h2>\n\n\n\n<h3 class=\"wp-block-heading\">Vad \u00e4r mest givande med att undervisa i mellanstadiet, och vad \u00f6nskar du att varje elev tar med sig fr\u00e5n dina lektioner?<\/h3>\n\n\n\n<p>Mellanstadiet \u00e4r en fantastisk \u00e5lder att undervisa i. Eleverna \u00e4r ofta nyfikna och sugna p\u00e5 att l\u00e4ra sig. De st\u00e4ller fr\u00e5gor och \u00e4r f\u00f6r det mesta \u00f6ppna och vill dela med sig. Jag hade t\u00e4nkt undervisa i h\u00f6gstadiet och gymnasiet men har blivit kvar i mellanstadiet i 15 \u00e5r f\u00f6r att det \u00e4r s\u00e5 roligt. Det \u00e4r en stor utveckling fr\u00e5n b\u00f6rjan av \u00e5rskurs 4 till slutet av \u00e5rskurs 6, d\u00e5 de mognar och v\u00e4xer mycket. Att f\u00e5 bygga dessa relationer, k\u00e4nna tillit till varandra och kunna ge dem allt st\u00f6rre ansvar &#8211; det \u00e4r en fantastisk process. <\/p>\n\n\n\n<h3 class=\"wp-block-heading\">Vad hoppas du att eleverna minns fr\u00e5n dina lektioner efter att de slutat?<\/h3>\n\n\n\n<p>N\u00e4r jag t\u00e4nker p\u00e5 vad jag vill att mina elever ska ta med sig handlar det om engagemang, energi och gl\u00e4djen i att l\u00e4ra. Att vi hade roligt tillsammans och att de uppt\u00e4ckte att det finns m\u00e5nga olika s\u00e4tt att l\u00e4ra sig p\u00e5. Jag hoppas ocks\u00e5 att de har nytta av de studiestrategier vi tr\u00e4nat, att de f\u00f6rst\u00e5r samh\u00e4llet lite b\u00e4ttre \u2013 och k\u00e4nner att de har en sj\u00e4lvklar plats i det. Ett engagemang f\u00f6r sin egen framtid och f\u00f6r v\u00e5rt gemensamma \u201cprojekt\u201d.<\/p>\n\n\n\n<h3 class=\"wp-block-heading\">Vad betyder akademisk ambition f\u00f6r dig som l\u00e4rare?<\/h3>\n\n\n\n<p>Akademisk ambition i mellanstadiet inneb\u00e4r f\u00f6r mig i mitt yrke att vara p\u00e5l\u00e4st, ha koll p\u00e5 nya r\u00f6n, k\u00e4nna till forskning kring pedagogik, och att forts\u00e4tta utveckla hur jag ska l\u00e4ra ut. Akademisk ambition inneb\u00e4r ocks\u00e5 att f\u00f6rs\u00f6ka f\u00f6rm\u00e5 eleverna att vilja studera, l\u00e4ra sig knep och strategier, och kunna s\u00e4tta m\u00e5l f\u00f6r sin egen framtid i skolan, s\u00e5v\u00e4l som l\u00e4ngre fram.<\/p>\n\n\n\n<h3 class=\"wp-block-heading\">Vad i v\u00e5r undervisning eller skolkultur \u00e4r du extra stolt \u00f6ver och som fler borde f\u00e5 veta om?<\/h3>\n\n\n\n<p>Jag \u00e4r v\u00e4ldigt stolt \u00f6ver den tydliga strukturen kring skoldagen och lektionerna. Det skapar lugn och trygghet f\u00f6r b\u00e5de elever och personal. Jag v\u00e4rdes\u00e4tter ocks\u00e5 att vi \u00e4r en mindre skola d\u00e4r alla vuxna l\u00e4r k\u00e4nna eleverna oavsett \u00e5rskurs, och att vi har god samsyn och n\u00e4ra samarbete oss emellan. Det minskar risken att n\u00e5gon faller mellan stolarna och skapar en trygg och inkluderande skolmilj\u00f6.<\/p>\n\n\n\n\t<style>\n\t\t.inner {\n\n\t\t\tmargin: 0 auto;\n\n\n\t\t}\n\t<\/style>\n\t<div\n\t\t class=\"container images-module\" >\n\t\t<div class=\"row images_module__slideshow\">\n\n\t\t\t<div\n\t\t\t\t\tclass=\"col-md-12 p-0 position-relative images_module__slideshow images_module__slideshow-container  \">\n\t\t\t\t<div class=\"images_module__slide\" data-slide=\"\"\n\t\t\t\t\t data-duration=\"\"><\/div>\n\t\t\t\t\t\t\t\t\t<div\n\t\t\t\t\t\t class=\"images_module__slides\n\n\t\t\t\t\t   \"\n\t\t\t\t\t>\n\n\t\t\t\t\t\t<div class=\"images__wrapper\" style=\"aspect-ratio: 851 \/ 851;\">\n\t\t\t\t\t\t\t<img decoding=\"async\" width=\"400\" height=\"490\" src=\"https:\/\/noblaskolan.se\/wp-content\/uploads\/sites\/32\/2025\/10\/sofia-bennet-e1762333391358.jpg\" class=\"images__image_ratio  \" alt=\"Portr\u00e4ttbild p\u00e5 Sofia\" style=\"aspect-ratio: 851 \/ 851;object-position: center center;\" srcset=\"https:\/\/noblaskolan.se\/wp-content\/uploads\/sites\/32\/2025\/10\/sofia-bennet-e1762333391358.jpg 400w, https:\/\/noblaskolan.se\/wp-content\/uploads\/sites\/32\/2025\/10\/sofia-bennet-e1762333391358-300x368.jpg 300w\" sizes=\"(max-width: 400px) 100vw, 400px\" \/>\t\t\t\t\t\t<\/div>\n\t\t\t\t\t\t\n\n\t\t\t\t\t\t\t\t\t\t\t<\/div>\n\t\t\t\t\n\t\t\t\t<div class=\"images_module__container_dot\">\n\t\t\t\t\t<div style=\"text-align:center\">\n\n\n\t\t\t\t\t\t\t\t\t\t\t\t\t<span   data-i=\"0\"\n\t\t\t\t\t\t\t\t  class=\"\n\t\t\t\t\t\t\timages_module__dot\n\t\t\t\t\t\t\t\t\t\t\t\t\t\t\"\n\t\t\t\t\t\t\t><\/span>\n\t\t\t\t\t\t\t\t\t\t\t<\/div>\n\t\t\t\t<\/div>\n\n\n\t\t\t<\/div>\n\t\t<\/div>\n\t<\/div>\n\n\t\n\n\n<script>\n\tvar images_display_descriptive_text = \"\";\n<\/script>\n\n\n\n<h2 class=\"wp-block-heading\"><em>Kiana Allde<\/em> \u2013 L\u00e4rare p\u00e5 h\u00f6gstadiet<\/h2>\n\n\n\n<h3 class=\"wp-block-heading\">Hur arbetar du med h\u00f6ga f\u00f6rv\u00e4ntningar utan att skapa stress f\u00f6r eleverna?<\/h3>\n\n\n\n<p>Jag arbetar med h\u00f6ga f\u00f6rv\u00e4ntningar genom att tydligt visa att jag tror p\u00e5 varje elevs f\u00f6rm\u00e5ga och potential. F\u00f6r mig handlar det om att f\u00f6rv\u00e4nta mig att alla alltid g\u00f6r sitt b\u00e4sta, inte att de alltid lyckas perfekt. Jag betonar att misstag och felsvar \u00e4r en naturlig del av l\u00e4randeprocessen och en chans att utvecklas. P\u00e5 s\u00e5 s\u00e4tt v\u00e5gar eleverna ta ansvar f\u00f6r sitt l\u00e4rande och prova nya utmaningar utan att k\u00e4nna press eller stress.<\/p>\n\n\n\n<h3 class=\"wp-block-heading\">Vad \u00e4r det b\u00e4sta med att jobba som h\u00f6gstadiel\u00e4rare?<\/h3>\n\n\n\n<p>Det b\u00e4sta med att vara h\u00f6gstadiel\u00e4rare \u00e4r att f\u00e5 f\u00f6lja elever som \u00e4r p\u00e5 v\u00e4g att bli unga vuxna. Att kunna samtala p\u00e5 djupet, utmana dem och m\u00f6ta deras individuella behov k\u00e4nns meningsfullt. Att f\u00e5 vara en del av deras utveckling under en s\u00e5rbar men viktig tid \u00e4r verkligen givande.<\/p>\n\n\n\n<h3 class=\"wp-block-heading\">Hur brukar du skapa engagemang i klassrummet n\u00e4r eleverna tycker att ett \u00e4mne \u00e4r sv\u00e5rt eller tr\u00e5kigt?<\/h3>\n\n\n\n<p>Jag skapar engagemang genom att koppla \u00e4mnet till elevernas vardag s\u00e5 kunskapen k\u00e4nns relevant h\u00e4r och nu. I idrott och h\u00e4lsa arbetar vi praktiskt med motorik, s\u00e4kerhet och h\u00e4lsa. Eleverna f\u00e5r \u00e4ven diskutera b\u00e5de fysisk och psykisk h\u00e4lsa, n\u00e5got som \u00e4r h\u00f6gaktuellt bland dagens ungdomar.<\/p>\n\n\n\n<h3 class=\"wp-block-heading\">Vad i v\u00e5r undervisning eller skolkultur \u00e4r du extra stolt \u00f6ver och som fler borde f\u00e5 veta om?<\/h3>\n\n\n\n<p>Jag \u00e4r extra stolt \u00f6ver det engagemang och den kunskap som finns bland alla kollegor. Oavsett klassrum g\u00f6r vi allt f\u00f6r att eleverna ska l\u00e4ra sig maximalt. V\u00e5r skola pr\u00e4glas av trygghet, v\u00e4rme och struktur, vilket m\u00e4rks f\u00f6r alla bes\u00f6kare. Att f\u00e5 arbeta h\u00e4r, med kollegor och elever som g\u00f6r varje dag b\u00e5de rolig och utvecklande, \u00e4r n\u00e5got jag v\u00e4rderar h\u00f6gt.<\/p>\n\n\n\n\t<style>\n\t\t.inner {\n\n\t\t\tmargin: 0 auto;\n\n\n\t\t}\n\t<\/style>\n\t<div\n\t\t class=\"container images-module\" >\n\t\t<div class=\"row images_module__slideshow\">\n\n\t\t\t<div\n\t\t\t\t\tclass=\"col-md-12 p-0 position-relative images_module__slideshow images_module__slideshow-container  \">\n\t\t\t\t<div class=\"images_module__slide\" data-slide=\"\"\n\t\t\t\t\t data-duration=\"\"><\/div>\n\t\t\t\t\t\t\t\t\t<div\n\t\t\t\t\t\t class=\"images_module__slides\n\n\t\t\t\t\t   \"\n\t\t\t\t\t>\n\n\t\t\t\t\t\t<div class=\"images__wrapper\" style=\"aspect-ratio: 851 \/ 851;\">\n\t\t\t\t\t\t\t<img decoding=\"async\" width=\"1080\" height=\"1350\" src=\"https:\/\/noblaskolan.se\/wp-content\/uploads\/sites\/32\/2025\/11\/namnlos-design-39.png\" class=\"images__image_ratio  \" alt=\"Portr\u00e4ttbild p\u00e5 Kiana\" style=\"aspect-ratio: 851 \/ 851;object-position: center center;\" srcset=\"https:\/\/noblaskolan.se\/wp-content\/uploads\/sites\/32\/2025\/11\/namnlos-design-39.png 1080w, https:\/\/noblaskolan.se\/wp-content\/uploads\/sites\/32\/2025\/11\/namnlos-design-39-300x375.png 300w, https:\/\/noblaskolan.se\/wp-content\/uploads\/sites\/32\/2025\/11\/namnlos-design-39-400x500.png 400w, https:\/\/noblaskolan.se\/wp-content\/uploads\/sites\/32\/2025\/11\/namnlos-design-39-600x750.png 600w, https:\/\/noblaskolan.se\/wp-content\/uploads\/sites\/32\/2025\/11\/namnlos-design-39-800x1000.png 800w, https:\/\/noblaskolan.se\/wp-content\/uploads\/sites\/32\/2025\/11\/namnlos-design-39-1024x1280.png 1024w\" sizes=\"(max-width: 1080px) 100vw, 1080px\" \/>\t\t\t\t\t\t<\/div>\n\t\t\t\t\t\t\n\n\t\t\t\t\t\t\t\t\t\t\t<\/div>\n\t\t\t\t\n\t\t\t\t<div class=\"images_module__container_dot\">\n\t\t\t\t\t<div style=\"text-align:center\">\n\n\n\t\t\t\t\t\t\t\t\t\t\t\t\t<span   data-i=\"0\"\n\t\t\t\t\t\t\t\t  class=\"\n\t\t\t\t\t\t\timages_module__dot\n\t\t\t\t\t\t\t\t\t\t\t\t\t\t\"\n\t\t\t\t\t\t\t><\/span>\n\t\t\t\t\t\t\t\t\t\t\t<\/div>\n\t\t\t\t<\/div>\n\n\n\t\t\t<\/div>\n\t\t<\/div>\n\t<\/div>\n\n\t\n\n\n<script>\n\tvar images_display_descriptive_text = \"\";\n<\/script>\n<\/div>\n","protected":false},"template":"","article_category":[14,10],"yoast_head":"<!-- This site is optimized with the Yoast SEO plugin v22.0 - https:\/\/yoast.com\/wordpress\/plugins\/seo\/ -->\n<title>L\u00e4r k\u00e4nna v\u00e5ra l\u00e4rare och pedagoger | Noblaskolan T\u00e4by<\/title>\n<meta name=\"description\" content=\"L\u00e4r k\u00e4nna v\u00e5ra pedagoger p\u00e5 Noblaskolan T\u00e4by. L\u00e4s mer hur de arbetar med trygghet, h\u00f6ga f\u00f6rv\u00e4ntningar och engagemang i klassrummen.\" \/>\n<meta name=\"robots\" content=\"index, follow, max-snippet:-1, max-image-preview:large, max-video-preview:-1\" \/>\n<link rel=\"canonical\" href=\"https:\/\/noblaskolan.se\/taby\/artikel\/pedagoger\/\" \/>\n<meta property=\"og:locale\" content=\"sv_SE\" \/>\n<meta property=\"og:type\" content=\"article\" \/>\n<meta property=\"og:title\" content=\"L\u00e4r k\u00e4nna v\u00e5ra l\u00e4rare och pedagoger | Noblaskolan T\u00e4by\" \/>\n<meta property=\"og:description\" content=\"L\u00e4r k\u00e4nna v\u00e5ra pedagoger p\u00e5 Noblaskolan T\u00e4by. L\u00e4s mer hur de arbetar med trygghet, h\u00f6ga f\u00f6rv\u00e4ntningar och engagemang i klassrummen.\" \/>\n<meta property=\"og:url\" content=\"https:\/\/noblaskolan.se\/taby\/artikel\/pedagoger\/\" \/>\n<meta property=\"og:site_name\" content=\"T\u00e4by\" \/>\n<meta property=\"article:modified_time\" content=\"2025-12-03T16:08:36+00:00\" \/>\n<meta name=\"twitter:card\" content=\"summary_large_image\" \/>\n<meta name=\"twitter:title\" content=\"L\u00e4r k\u00e4nna v\u00e5ra l\u00e4rare och pedagoger | Noblaskolan T\u00e4by\" \/>\n<meta name=\"twitter:description\" content=\"L\u00e4r k\u00e4nna v\u00e5ra pedagoger p\u00e5 Noblaskolan T\u00e4by. L\u00e4s mer hur de arbetar med trygghet, h\u00f6ga f\u00f6rv\u00e4ntningar och engagemang i klassrummen.\" \/>\n<meta name=\"twitter:image\" content=\"https:\/\/noblaskolan.se\/wp-content\/uploads\/sites\/32\/2025\/10\/sofia-bennet-e1762333391358.jpg\" \/>\n<meta name=\"twitter:label1\" content=\"Ber\u00e4knad l\u00e4stid\" \/>\n\t<meta name=\"twitter:data1\" content=\"5 minuter\" \/>\n<script type=\"application\/ld+json\" class=\"yoast-schema-graph\">{\"@context\":\"https:\/\/schema.org\",\"@graph\":[{\"@type\":\"WebPage\",\"@id\":\"https:\/\/noblaskolan.se\/taby\/artikel\/pedagoger\/\",\"url\":\"https:\/\/noblaskolan.se\/taby\/artikel\/pedagoger\/\",\"name\":\"L\u00e4r k\u00e4nna v\u00e5ra l\u00e4rare och pedagoger | Noblaskolan T\u00e4by\",\"isPartOf\":{\"@id\":\"https:\/\/noblaskolan.se\/taby\/#website\"},\"datePublished\":\"2025-12-03T16:08:35+00:00\",\"dateModified\":\"2025-12-03T16:08:36+00:00\",\"description\":\"L\u00e4r k\u00e4nna v\u00e5ra pedagoger p\u00e5 Noblaskolan T\u00e4by. L\u00e4s mer hur de arbetar med trygghet, h\u00f6ga f\u00f6rv\u00e4ntningar och engagemang i klassrummen.\",\"breadcrumb\":{\"@id\":\"https:\/\/noblaskolan.se\/taby\/artikel\/pedagoger\/#breadcrumb\"},\"inLanguage\":\"sv-SE\",\"potentialAction\":[{\"@type\":\"ReadAction\",\"target\":[\"https:\/\/noblaskolan.se\/taby\/artikel\/pedagoger\/\"]}]},{\"@type\":\"BreadcrumbList\",\"@id\":\"https:\/\/noblaskolan.se\/taby\/artikel\/pedagoger\/#breadcrumb\",\"itemListElement\":[{\"@type\":\"ListItem\",\"position\":1,\"name\":\"Start\",\"item\":\"https:\/\/noblaskolan.se\/taby\"},{\"@type\":\"ListItem\",\"position\":2,\"name\":\"Nyheter\"}]},{\"@type\":\"WebSite\",\"@id\":\"https:\/\/noblaskolan.se\/taby\/#website\",\"url\":\"https:\/\/noblaskolan.se\/taby\/\",\"name\":\"T\u00e4by\",\"description\":\"Noblaskolan T\u00e4by\",\"potentialAction\":[{\"@type\":\"SearchAction\",\"target\":{\"@type\":\"EntryPoint\",\"urlTemplate\":\"https:\/\/noblaskolan.se\/taby\/?s={search_term_string}\"},\"query-input\":\"required name=search_term_string\"}],\"inLanguage\":\"sv-SE\"}]}<\/script>\n<!-- \/ Yoast SEO plugin. -->","yoast_head_json":{"title":"L\u00e4r k\u00e4nna v\u00e5ra l\u00e4rare och pedagoger | Noblaskolan T\u00e4by","description":"L\u00e4r k\u00e4nna v\u00e5ra pedagoger p\u00e5 Noblaskolan T\u00e4by. L\u00e4s mer hur de arbetar med trygghet, h\u00f6ga f\u00f6rv\u00e4ntningar och engagemang i klassrummen.","robots":{"index":"index","follow":"follow","max-snippet":"max-snippet:-1","max-image-preview":"max-image-preview:large","max-video-preview":"max-video-preview:-1"},"canonical":"https:\/\/noblaskolan.se\/taby\/artikel\/pedagoger\/","og_locale":"sv_SE","og_type":"article","og_title":"L\u00e4r k\u00e4nna v\u00e5ra l\u00e4rare och pedagoger | Noblaskolan T\u00e4by","og_description":"L\u00e4r k\u00e4nna v\u00e5ra pedagoger p\u00e5 Noblaskolan T\u00e4by. L\u00e4s mer hur de arbetar med trygghet, h\u00f6ga f\u00f6rv\u00e4ntningar och engagemang i klassrummen.","og_url":"https:\/\/noblaskolan.se\/taby\/artikel\/pedagoger\/","og_site_name":"T\u00e4by","article_modified_time":"2025-12-03T16:08:36+00:00","twitter_card":"summary_large_image","twitter_title":"L\u00e4r k\u00e4nna v\u00e5ra l\u00e4rare och pedagoger | Noblaskolan T\u00e4by","twitter_description":"L\u00e4r k\u00e4nna v\u00e5ra pedagoger p\u00e5 Noblaskolan T\u00e4by. L\u00e4s mer hur de arbetar med trygghet, h\u00f6ga f\u00f6rv\u00e4ntningar och engagemang i klassrummen.","twitter_image":"https:\/\/noblaskolan.se\/wp-content\/uploads\/sites\/32\/2025\/10\/sofia-bennet-e1762333391358.jpg","twitter_misc":{"Ber\u00e4knad l\u00e4stid":"5 minuter"},"schema":{"@context":"https:\/\/schema.org","@graph":[{"@type":"WebPage","@id":"https:\/\/noblaskolan.se\/taby\/artikel\/pedagoger\/","url":"https:\/\/noblaskolan.se\/taby\/artikel\/pedagoger\/","name":"L\u00e4r k\u00e4nna v\u00e5ra l\u00e4rare och pedagoger | Noblaskolan T\u00e4by","isPartOf":{"@id":"https:\/\/noblaskolan.se\/taby\/#website"},"datePublished":"2025-12-03T16:08:35+00:00","dateModified":"2025-12-03T16:08:36+00:00","description":"L\u00e4r k\u00e4nna v\u00e5ra pedagoger p\u00e5 Noblaskolan T\u00e4by. L\u00e4s mer hur de arbetar med trygghet, h\u00f6ga f\u00f6rv\u00e4ntningar och engagemang i klassrummen.","breadcrumb":{"@id":"https:\/\/noblaskolan.se\/taby\/artikel\/pedagoger\/#breadcrumb"},"inLanguage":"sv-SE","potentialAction":[{"@type":"ReadAction","target":["https:\/\/noblaskolan.se\/taby\/artikel\/pedagoger\/"]}]},{"@type":"BreadcrumbList","@id":"https:\/\/noblaskolan.se\/taby\/artikel\/pedagoger\/#breadcrumb","itemListElement":[{"@type":"ListItem","position":1,"name":"Start","item":"https:\/\/noblaskolan.se\/taby"},{"@type":"ListItem","position":2,"name":"Nyheter"}]},{"@type":"WebSite","@id":"https:\/\/noblaskolan.se\/taby\/#website","url":"https:\/\/noblaskolan.se\/taby\/","name":"T\u00e4by","description":"Noblaskolan T\u00e4by","potentialAction":[{"@type":"SearchAction","target":{"@type":"EntryPoint","urlTemplate":"https:\/\/noblaskolan.se\/taby\/?s={search_term_string}"},"query-input":"required name=search_term_string"}],"inLanguage":"sv-SE"}]}},"_links":{"self":[{"href":"https:\/\/noblaskolan.se\/taby\/wp-json\/wp\/v2\/article\/2079"}],"collection":[{"href":"https:\/\/noblaskolan.se\/taby\/wp-json\/wp\/v2\/article"}],"about":[{"href":"https:\/\/noblaskolan.se\/taby\/wp-json\/wp\/v2\/types\/article"}],"wp:attachment":[{"href":"https:\/\/noblaskolan.se\/taby\/wp-json\/wp\/v2\/media?parent=2079"}],"wp:term":[{"taxonomy":"article_category","embeddable":true,"href":"https:\/\/noblaskolan.se\/taby\/wp-json\/wp\/v2\/article_category?post=2079"}],"curies":[{"name":"wp","href":"https:\/\/api.w.org\/{rel}","templated":true}]}}