{"id":1552,"date":"2020-10-12T15:50:55","date_gmt":"2020-10-12T13:50:55","guid":{"rendered":"https:\/\/noblaskolan.se\/saltsjo-boo\/?post_type=article&#038;p=1552"},"modified":"2024-02-16T16:03:24","modified_gmt":"2024-02-16T15:03:24","slug":"intervju-med-rektor","status":"publish","type":"article","link":"https:\/\/noblaskolan.se\/saltsjo-boo\/artikel\/intervju-med-rektor\/","title":{"rendered":"Intervju med rektor"},"content":{"rendered":"\n<div class=\"wp-block-group is-style-narrow is-layout-flow wp-block-group-is-layout-flow\">\n<h1 class=\"wp-block-heading\">S\u00e4g hej till rektor Ulrika<\/h1>\n\n\n\n<p><strong>\u201cAtt f\u00e5 jobba med skolutveckling och att se elever v\u00e4xa och utvecklas \u00e4r det b\u00e4sta med mitt jobb\u201d. N\u00e4r Ulrika Z\u00e4tterqvist \u00e5r 2007 b\u00f6rjade jobba som l\u00e4rare p\u00e5 det som skulle komma att bli Noblaskolan Saltsj\u00f6-Boo, gjorde hon det med f\u00f6rhoppningen om att f\u00e5 vara med och utveckla Nackas b\u00e4sta skola. Sedan 3 \u00e5r tillbaka arbetar Ulrika som rektor p\u00e5 Noblaskolan och i den h\u00e4r intervjun delar hon med sig av tips inf\u00f6r skolvalet, d\u00e4r hon ber\u00e4ttar vad hon tror \u00e4r nyckeln till en bra skolg\u00e5ng.<\/strong><\/p>\n\n\n\n<h2 class=\"wp-block-heading\">Vad \u00e4r det b\u00e4sta med ditt jobb?<\/h2>\n\n\n\n<p>Att f\u00e5 jobba med skolutveckling och att se elever v\u00e4xa och utvecklas \u00e4r det b\u00e4sta med mitt jobb.<\/p>\n\n\n\n<h2 class=\"wp-block-heading\">N\u00e4r k\u00e4nner du dig som mest stolt \u00f6ver att vara rektor?<\/h2>\n\n\n\n<p>Jag k\u00e4nner mig alltid stolt n\u00e4r jag ser min engagerade personal och n\u00e4r jag deltar p\u00e5 olika aktiviteter eller lektioner med v\u00e5ra barn och elever.<\/p>\n\n\n\n<h2 class=\"wp-block-heading\">Vad tycker du \u00e4r viktigast f\u00f6r att skapa en bra skolg\u00e5ng?<\/h2>\n\n\n\n<p>Engagerade och utbildade l\u00e4rare samt en samverkan mellan personalen \u00e4r j\u00e4tteviktigt. \u00c4ven f\u00f6rst\u00e5s att barn och elever k\u00e4nner trygghet och studiero. N\u00e4r v\u00e5ra elever l\u00e4mnar Noblaskolan vill jag att de g\u00f6r det med goda f\u00f6ruts\u00e4ttningar inf\u00f6r sin fortsatta skolg\u00e5ng \u2013 s\u00e5v\u00e4l kunskapsm\u00e4ssigt som socialt. G\u00f6r dem det vet jag att vi har gett dem en bra skolg\u00e5ng.<\/p>\n\n\n\n<h2 class=\"wp-block-heading\">Vad \u00e4r ditt b\u00e4sta tips till v\u00e5rdnadshavare inf\u00f6r skolvalet?<\/h2>\n\n\n\n<p>Inf\u00f6r skolvalet \u00e4r det viktigt att l\u00e4sa p\u00e5 om de olika skolorna, att komma p\u00e5 informationsm\u00f6ten och att passa p\u00e5 att h\u00f6ra av sig till skolorna f\u00f6r att st\u00e4lla fr\u00e5gor.<\/p>\n\n\n\n<h2 class=\"wp-block-heading\">Hur skulle du beskriva Noblaskolan?<\/h2>\n\n\n\n<p>Som en skola d\u00e4r studiero, trygghet och h\u00f6ga akademiska resultat st\u00e5r i fokus, Vi \u00e4r ocks\u00e5 en skola som alltid str\u00e4var efter att m\u00f6ta varje barn utefter dess unika behov.<\/p>\n\n\n\t<div\n\t\t class=\"container images-module \" >\n\n\t\t\t\t<div   id=\"images_col\" style=\"display:none\"\n\t\t\t class=\"col-md-6 p-4 position-relative \">\n\t\t<\/div>\n\n\t\t\t\t\n\t\t\n\t\t\t\t<div class=\"row images-module__row\">\n\n\t\t\t\t\t\t\t\t\t\t\n\t\t\t\t<div   data-url=\"https:\/\/noblaskolan.se\/wp-content\/uploads\/sites\/28\/2020\/10\/ulrikaz1.jpg\"\n\t\t\t\t\t data-description=\"\"\n\t\t\t\t\t data-styl=\"aspect-ratio: 625 \/ 567;object-position: center center;\"\n\t\t\t\t\t data-alt=\"Personportr\u00e4tt.\"\n\t\t\t\t\t class=\" \"\n\t\t\t\t>\n\t\t\t\t<\/div>\n\n\t\t\t\t\t<\/div>\n\n\n\t\t\t\t<div class=\"row\" id=\"images-module-gallery\">\n\t\t\t<div class=\"col-md-12 text-center\">\n\n\t\t\t\t<button   class=\"\n\t\t\t\td-none\t\t\t\tbtn px-4\n\t\t\t\t\t\t\t\tmy-2\n\t\t\t\tm-m-auto\n\t\t\t\ttext-center\">\n\t\t\t\t\tVisa alla bilder\n\t\t\t\t<\/button>\n\t\t\t<\/div>\n\t\t<\/div>\n\n\n\t<\/div>\n\n\t\n\n\n<script>\n\tvar images_display_descriptive_text = \"\";\n<\/script>\n<\/div>\n","protected":false},"template":"","article_category":[10],"yoast_head":"<!-- This site is optimized with the Yoast SEO plugin v22.0 - https:\/\/yoast.com\/wordpress\/plugins\/seo\/ -->\n<title>Intervju med skolans rektor | Noblaskolan Saltsj\u00f6-Boo<\/title>\n<meta name=\"description\" content=\"&quot;Att f\u00e5 jobba med skolutveckling och att se elever v\u00e4xa och utvecklas \u00e4r det b\u00e4sta med mitt jobb.&quot;\" \/>\n<meta name=\"robots\" content=\"index, follow, max-snippet:-1, max-image-preview:large, max-video-preview:-1\" \/>\n<link rel=\"canonical\" href=\"https:\/\/noblaskolan.se\/saltsjo-boo\/artikel\/intervju-med-rektor\/\" \/>\n<meta property=\"og:locale\" content=\"sv_SE\" \/>\n<meta property=\"og:type\" content=\"article\" \/>\n<meta property=\"og:title\" content=\"Intervju med skolans rektor | Noblaskolan Saltsj\u00f6-Boo\" \/>\n<meta property=\"og:description\" content=\"&quot;Att f\u00e5 jobba med skolutveckling och att se elever v\u00e4xa och utvecklas \u00e4r det b\u00e4sta med mitt jobb.&quot;\" \/>\n<meta property=\"og:url\" content=\"https:\/\/noblaskolan.se\/saltsjo-boo\/artikel\/intervju-med-rektor\/\" \/>\n<meta property=\"og:site_name\" content=\"Saltsj\u00f6-Boo\" \/>\n<meta property=\"article:modified_time\" content=\"2024-02-16T15:03:24+00:00\" \/>\n<meta name=\"twitter:card\" content=\"summary_large_image\" \/>\n<meta name=\"twitter:title\" content=\"Intervju med skolans rektor | Noblaskolan Saltsj\u00f6-Boo\" \/>\n<meta name=\"twitter:description\" content=\"&quot;Att f\u00e5 jobba med skolutveckling och att se elever v\u00e4xa och utvecklas \u00e4r det b\u00e4sta med mitt jobb.&quot;\" \/>\n<meta name=\"twitter:image\" content=\"https:\/\/noblaskolan.se\/wp-content\/uploads\/sites\/28\/2020\/10\/ulrikaz1-1200x630.jpg\" \/>\n<meta name=\"twitter:label1\" content=\"Ber\u00e4knad l\u00e4stid\" \/>\n\t<meta name=\"twitter:data1\" content=\"2 minuter\" \/>\n<script type=\"application\/ld+json\" class=\"yoast-schema-graph\">{\"@context\":\"https:\/\/schema.org\",\"@graph\":[{\"@type\":\"WebPage\",\"@id\":\"https:\/\/noblaskolan.se\/saltsjo-boo\/artikel\/intervju-med-rektor\/\",\"url\":\"https:\/\/noblaskolan.se\/saltsjo-boo\/artikel\/intervju-med-rektor\/\",\"name\":\"Intervju med skolans rektor | Noblaskolan Saltsj\u00f6-Boo\",\"isPartOf\":{\"@id\":\"https:\/\/noblaskolan.se\/saltsjo-boo\/#website\"},\"datePublished\":\"2020-10-12T13:50:55+00:00\",\"dateModified\":\"2024-02-16T15:03:24+00:00\",\"description\":\"\\\"Att f\u00e5 jobba med skolutveckling och att se elever v\u00e4xa och utvecklas \u00e4r det b\u00e4sta med mitt jobb.\\\"\",\"breadcrumb\":{\"@id\":\"https:\/\/noblaskolan.se\/saltsjo-boo\/artikel\/intervju-med-rektor\/#breadcrumb\"},\"inLanguage\":\"sv-SE\",\"potentialAction\":[{\"@type\":\"ReadAction\",\"target\":[\"https:\/\/noblaskolan.se\/saltsjo-boo\/artikel\/intervju-med-rektor\/\"]}]},{\"@type\":\"BreadcrumbList\",\"@id\":\"https:\/\/noblaskolan.se\/saltsjo-boo\/artikel\/intervju-med-rektor\/#breadcrumb\",\"itemListElement\":[{\"@type\":\"ListItem\",\"position\":1,\"name\":\"Start\",\"item\":\"https:\/\/noblaskolan.se\/saltsjo-boo\"},{\"@type\":\"ListItem\",\"position\":2,\"name\":\"Nyheter\"}]},{\"@type\":\"WebSite\",\"@id\":\"https:\/\/noblaskolan.se\/saltsjo-boo\/#website\",\"url\":\"https:\/\/noblaskolan.se\/saltsjo-boo\/\",\"name\":\"Saltsj\u00f6-Boo\",\"description\":\"Noblaskolan Saltsj\u00f6-Boo\",\"potentialAction\":[{\"@type\":\"SearchAction\",\"target\":{\"@type\":\"EntryPoint\",\"urlTemplate\":\"https:\/\/noblaskolan.se\/saltsjo-boo\/?s={search_term_string}\"},\"query-input\":\"required name=search_term_string\"}],\"inLanguage\":\"sv-SE\"}]}<\/script>\n<!-- \/ Yoast SEO plugin. -->","yoast_head_json":{"title":"Intervju med skolans rektor | Noblaskolan Saltsj\u00f6-Boo","description":"\"Att f\u00e5 jobba med skolutveckling och att se elever v\u00e4xa och utvecklas \u00e4r det b\u00e4sta med mitt jobb.\"","robots":{"index":"index","follow":"follow","max-snippet":"max-snippet:-1","max-image-preview":"max-image-preview:large","max-video-preview":"max-video-preview:-1"},"canonical":"https:\/\/noblaskolan.se\/saltsjo-boo\/artikel\/intervju-med-rektor\/","og_locale":"sv_SE","og_type":"article","og_title":"Intervju med skolans rektor | Noblaskolan Saltsj\u00f6-Boo","og_description":"\"Att f\u00e5 jobba med skolutveckling och att se elever v\u00e4xa och utvecklas \u00e4r det b\u00e4sta med mitt jobb.\"","og_url":"https:\/\/noblaskolan.se\/saltsjo-boo\/artikel\/intervju-med-rektor\/","og_site_name":"Saltsj\u00f6-Boo","article_modified_time":"2024-02-16T15:03:24+00:00","twitter_card":"summary_large_image","twitter_title":"Intervju med skolans rektor | Noblaskolan Saltsj\u00f6-Boo","twitter_description":"\"Att f\u00e5 jobba med skolutveckling och att se elever v\u00e4xa och utvecklas \u00e4r det b\u00e4sta med mitt jobb.\"","twitter_image":"https:\/\/noblaskolan.se\/wp-content\/uploads\/sites\/28\/2020\/10\/ulrikaz1-1200x630.jpg","twitter_misc":{"Ber\u00e4knad l\u00e4stid":"2 minuter"},"schema":{"@context":"https:\/\/schema.org","@graph":[{"@type":"WebPage","@id":"https:\/\/noblaskolan.se\/saltsjo-boo\/artikel\/intervju-med-rektor\/","url":"https:\/\/noblaskolan.se\/saltsjo-boo\/artikel\/intervju-med-rektor\/","name":"Intervju med skolans rektor | Noblaskolan Saltsj\u00f6-Boo","isPartOf":{"@id":"https:\/\/noblaskolan.se\/saltsjo-boo\/#website"},"datePublished":"2020-10-12T13:50:55+00:00","dateModified":"2024-02-16T15:03:24+00:00","description":"\"Att f\u00e5 jobba med skolutveckling och att se elever v\u00e4xa och utvecklas \u00e4r det b\u00e4sta med mitt jobb.\"","breadcrumb":{"@id":"https:\/\/noblaskolan.se\/saltsjo-boo\/artikel\/intervju-med-rektor\/#breadcrumb"},"inLanguage":"sv-SE","potentialAction":[{"@type":"ReadAction","target":["https:\/\/noblaskolan.se\/saltsjo-boo\/artikel\/intervju-med-rektor\/"]}]},{"@type":"BreadcrumbList","@id":"https:\/\/noblaskolan.se\/saltsjo-boo\/artikel\/intervju-med-rektor\/#breadcrumb","itemListElement":[{"@type":"ListItem","position":1,"name":"Start","item":"https:\/\/noblaskolan.se\/saltsjo-boo"},{"@type":"ListItem","position":2,"name":"Nyheter"}]},{"@type":"WebSite","@id":"https:\/\/noblaskolan.se\/saltsjo-boo\/#website","url":"https:\/\/noblaskolan.se\/saltsjo-boo\/","name":"Saltsj\u00f6-Boo","description":"Noblaskolan Saltsj\u00f6-Boo","potentialAction":[{"@type":"SearchAction","target":{"@type":"EntryPoint","urlTemplate":"https:\/\/noblaskolan.se\/saltsjo-boo\/?s={search_term_string}"},"query-input":"required name=search_term_string"}],"inLanguage":"sv-SE"}]}},"_links":{"self":[{"href":"https:\/\/noblaskolan.se\/saltsjo-boo\/wp-json\/wp\/v2\/article\/1552"}],"collection":[{"href":"https:\/\/noblaskolan.se\/saltsjo-boo\/wp-json\/wp\/v2\/article"}],"about":[{"href":"https:\/\/noblaskolan.se\/saltsjo-boo\/wp-json\/wp\/v2\/types\/article"}],"wp:attachment":[{"href":"https:\/\/noblaskolan.se\/saltsjo-boo\/wp-json\/wp\/v2\/media?parent=1552"}],"wp:term":[{"taxonomy":"article_category","embeddable":true,"href":"https:\/\/noblaskolan.se\/saltsjo-boo\/wp-json\/wp\/v2\/article_category?post=1552"}],"curies":[{"name":"wp","href":"https:\/\/api.w.org\/{rel}","templated":true}]}}