{"id":2306,"date":"2025-12-03T16:56:49","date_gmt":"2025-12-03T15:56:49","guid":{"rendered":"https:\/\/noblaskolan.se\/nacka-strand\/?post_type=article&#038;p=2306"},"modified":"2025-12-03T16:58:19","modified_gmt":"2025-12-03T15:58:19","slug":"pedagoger","status":"publish","type":"article","link":"https:\/\/noblaskolan.se\/nacka-strand\/artikel\/pedagoger\/","title":{"rendered":"pedagoger"},"content":{"rendered":"\n<div class=\"wp-block-group is-layout-constrained wp-block-group-is-layout-constrained\">\n<h1 class=\"wp-block-heading\">L\u00e4r k\u00e4nna v\u00e5ra pedagoger<\/h1>\n\n\n\n<p   class=\"site__ingress container text-left  site__text-color--dark  site__free_text--ingress p-0\">\n\tL\u00e4r k\u00e4nna v\u00e5ra pedagoger och l\u00e4rare lite b\u00e4ttre! H\u00e4r f\u00e5r du veta mer om deras drivkrafter och hur de arbetar f\u00f6r att g\u00f6ra undervisningen intressant och utmanande.<\/p>\n\n\n\n\n\n<h2 class=\"wp-block-heading\"><em>Emilia Kahlbom<\/em> \u2013 Pedagog p\u00e5 f\u00f6rskolan<\/h2>\n\n\n\n<h3 class=\"wp-block-heading\">Hur jobbar ni med att skapa trygghet och struktur i f\u00f6rskolan?<\/h3>\n\n\n\n<p>I f\u00f6rskolan skapar vi trygghet och struktur som grund f\u00f6r l\u00e4rande. Undervisningen integreras i det dagliga arbetet genom lek, skapande och utforskande. Trygghet och struktur i rutinaktiviteterna \u00e4r avg\u00f6rande byggstenar som bidrar till att barnen blir mottagliga f\u00f6r l\u00e4rande och kunskap. I det dagliga v\u00e4rdegrundsarbetet genom &#8221;M\u00e5nadens fundering&#8221; och pedagogernas teater med v\u00e4rdegrundsfigurerna &#8221;Kanin, Groda, Igelkott&#8221; l\u00e4r sig barnen konkret om empati och samspel f\u00f6r hur vi \u00e4r med och mot varandra.<\/p>\n\n\n\n<h3 class=\"wp-block-heading\">Vad \u00e4r det b\u00e4sta med att jobba inom f\u00f6rskolan p\u00e5 Noblaskolan?<\/h3>\n\n\n\n<p>Som f\u00f6rskoll\u00e4rare p\u00e5 Noblaskolan f\u00e5r jag vara med och skapa en lekfull och l\u00e4rorik vardag d\u00e4r barnen f\u00e5r v\u00e4xa. Jag f\u00e5r arbeta i en milj\u00f6 med gl\u00e4dje, engagemang och h\u00f6ga ambitioner d\u00e4r jag kan bidra till att g\u00f6ra skillnad f\u00f6r barnen.<\/p>\n\n\n\n<h3 class=\"wp-block-heading\">Vad i ditt arbetss\u00e4tt och i Noblas vardag skiljer sig fr\u00e5n m\u00e5nga andra skolor?<\/h3>\n\n\n\n<p>P\u00e5 Noblaskolan m\u00f6ts tydlig struktur och v\u00e4l genomt\u00e4nkta riktlinjer med en \u00f6ppenhet f\u00f6r nyt\u00e4nkande, vilket ger mig en trygg grund i min roll som pedagog samtidigt som jag uppmuntras att utveckla mitt arbetss\u00e4tt. Det som g\u00f6r Noblaskolan unik \u00e4r den integrerade kopplingen mellan f\u00f6rskolan och grundskolan som bidrar med att skapa en smidig och trygg \u00f6verg\u00e5ng f\u00f6r barnen. Denna samverkan st\u00e4rker ocks\u00e5 k\u00e4nslan av gemenskap bland personalen och barnen och erbjuder ett v\u00e4rdefullt kollegialt utbyte d\u00e4r erfarenheter och id\u00e9er delas och utvecklas.<\/p>\n\n\n\n\t<style>\n\t\t.inner {\n\n\t\t\tmargin: 0 auto;\n\n\n\t\t}\n\t<\/style>\n\t<div\n\t\t class=\"container images-module\" >\n\t\t<div class=\"row images_module__slideshow\">\n\n\t\t\t<div\n\t\t\t\t\tclass=\"col-md-12 p-0 position-relative images_module__slideshow images_module__slideshow-container  \">\n\t\t\t\t<div class=\"images_module__slide\" data-slide=\"\"\n\t\t\t\t\t data-duration=\"\"><\/div>\n\t\t\t\t\t\t\t\t\t<div\n\t\t\t\t\t\t class=\"images_module__slides\n\n\t\t\t\t\t   \"\n\t\t\t\t\t>\n\n\t\t\t\t\t\t<div class=\"images__wrapper\" style=\"aspect-ratio: 851 \/ 851;\">\n\t\t\t\t\t\t\t<img decoding=\"async\" width=\"352\" height=\"416\" src=\"https:\/\/noblaskolan.se\/wp-content\/uploads\/sites\/25\/2025\/11\/skarmavbild-2025-11-26-kl-110608.png\" class=\"images__image_ratio  \" alt=\"Portr\u00e4ttbild Emilia\" style=\"aspect-ratio: 851 \/ 851;object-position: center center;\" srcset=\"https:\/\/noblaskolan.se\/wp-content\/uploads\/sites\/25\/2025\/11\/skarmavbild-2025-11-26-kl-110608.png 352w, https:\/\/noblaskolan.se\/wp-content\/uploads\/sites\/25\/2025\/11\/skarmavbild-2025-11-26-kl-110608-300x355.png 300w\" sizes=\"(max-width: 352px) 100vw, 352px\" \/>\t\t\t\t\t\t<\/div>\n\t\t\t\t\t\t\n\n\t\t\t\t\t\t\t\t\t\t\t<\/div>\n\t\t\t\t\n\t\t\t\t<div class=\"images_module__container_dot\">\n\t\t\t\t\t<div style=\"text-align:center\">\n\n\n\t\t\t\t\t\t\t\t\t\t\t\t\t<span   data-i=\"0\"\n\t\t\t\t\t\t\t\t  class=\"\n\t\t\t\t\t\t\timages_module__dot\n\t\t\t\t\t\t\t\t\t\t\t\t\t\t\"\n\t\t\t\t\t\t\t><\/span>\n\t\t\t\t\t\t\t\t\t\t\t<\/div>\n\t\t\t\t<\/div>\n\n\n\t\t\t<\/div>\n\t\t<\/div>\n\t<\/div>\n\n\t\n\n\n<script>\n\tvar images_display_descriptive_text = \"\";\n<\/script>\n\n\n\n<h2 class=\"wp-block-heading\"><em>Sylvie H\u00f6glind <\/em>\u2013 L\u00e4rare p\u00e5 l\u00e5gstadiet<\/h2>\n\n\n\n<h3 class=\"wp-block-heading\">Vad \u00e4r mest givande med att undervisa i l\u00e5gstadiet?<\/h3>\n\n\n\n<p>Det b\u00e4sta med att undervisa p\u00e5 l\u00e5gstadiet \u00e4r att f\u00e5 f\u00f6lja elevernas resa under flera \u00e5r. Jag \u00e4lskar att f\u00e5 se deras nyfikenhet och kunskapst\u00f6rst och att f\u00e5 st\u00f6tta dem i att uppt\u00e4cka och l\u00e4ra sig nya saker. Arbetet \u00e4r flexibelt och varierande, \u00e4ven om rutiner finns.<\/p>\n\n\n\n<h3 class=\"wp-block-heading\">Vad \u00f6nskar du att varje elev tar med sig fr\u00e5n dina lektioner?<\/h3>\n\n\n\n<p>Min f\u00f6rhoppning \u00e4r att eleverna minns gl\u00e4djen och v\u00e4rmen fr\u00e5n v\u00e5r tid tillsammans. Jag hoppas att de beh\u00e5ller sin nyfikenhet, forts\u00e4tter att l\u00e4ra f\u00f6r livet och inser att det \u00e4r v\u00e4rt att k\u00e4mpa f\u00f6r ny kunskap.<\/p>\n\n\n\n<h3 class=\"wp-block-heading\">Vad betyder akademisk ambition f\u00f6r dig som l\u00e4rare?<\/h3>\n\n\n\n<p>Akademisk ambition f\u00f6r mig inneb\u00e4r att eleverna ska bli trygga i skolans milj\u00f6 och i kunskapsinl\u00e4rningen i stort. F\u00f6r mig inneb\u00e4r det \u00e4ven att ha ett l\u00e4rande-fokus i det vi g\u00f6r.<\/p>\n\n\n\n<h3 class=\"wp-block-heading\">Vad i ditt arbetss\u00e4tt och i Noblas vardag skiljer sig fr\u00e5n m\u00e5nga andra skolor?<\/h3>\n\n\n\n<p>Det som \u00e4r skillnaden p\u00e5 att arbeta inom Noblaskolan \u00e4r att jag i min undervisning har ett stort fokus p\u00e5 v\u00e5ra Noblautmaningar. Att i undervisningen integrera retorik, probleml\u00f6sning och samarbete.<\/p>\n\n\n\n\t<style>\n\t\t.inner {\n\n\t\t\tmargin: 0 auto;\n\n\n\t\t}\n\t<\/style>\n\t<div\n\t\t class=\"container images-module\" >\n\t\t<div class=\"row images_module__slideshow\">\n\n\t\t\t<div\n\t\t\t\t\tclass=\"col-md-12 p-0 position-relative images_module__slideshow images_module__slideshow-container  \">\n\t\t\t\t<div class=\"images_module__slide\" data-slide=\"\"\n\t\t\t\t\t data-duration=\"\"><\/div>\n\t\t\t\t\t\t\t\t\t<div\n\t\t\t\t\t\t class=\"images_module__slides\n\n\t\t\t\t\t   \"\n\t\t\t\t\t>\n\n\t\t\t\t\t\t<div class=\"images__wrapper\" style=\"aspect-ratio: 851 \/ 851;\">\n\t\t\t\t\t\t\t<img decoding=\"async\" width=\"314\" height=\"384\" src=\"https:\/\/noblaskolan.se\/wp-content\/uploads\/sites\/25\/2025\/11\/skarmavbild-2025-11-26-kl-110640.png\" class=\"images__image_ratio  \" alt=\"Portr\u00e4ttbild Sylvie\" style=\"aspect-ratio: 851 \/ 851;object-position: center center;\" srcset=\"https:\/\/noblaskolan.se\/wp-content\/uploads\/sites\/25\/2025\/11\/skarmavbild-2025-11-26-kl-110640.png 314w, https:\/\/noblaskolan.se\/wp-content\/uploads\/sites\/25\/2025\/11\/skarmavbild-2025-11-26-kl-110640-300x367.png 300w\" sizes=\"(max-width: 314px) 100vw, 314px\" \/>\t\t\t\t\t\t<\/div>\n\t\t\t\t\t\t\n\n\t\t\t\t\t\t\t\t\t\t\t<\/div>\n\t\t\t\t\n\t\t\t\t<div class=\"images_module__container_dot\">\n\t\t\t\t\t<div style=\"text-align:center\">\n\n\n\t\t\t\t\t\t\t\t\t\t\t\t\t<span   data-i=\"0\"\n\t\t\t\t\t\t\t\t  class=\"\n\t\t\t\t\t\t\timages_module__dot\n\t\t\t\t\t\t\t\t\t\t\t\t\t\t\"\n\t\t\t\t\t\t\t><\/span>\n\t\t\t\t\t\t\t\t\t\t\t<\/div>\n\t\t\t\t<\/div>\n\n\n\t\t\t<\/div>\n\t\t<\/div>\n\t<\/div>\n\n\t\n\n\n<script>\n\tvar images_display_descriptive_text = \"\";\n<\/script>\n<\/div>\n","protected":false},"template":"","article_category":[14,10],"yoast_head":"<!-- This site is optimized with the Yoast SEO plugin v22.0 - https:\/\/yoast.com\/wordpress\/plugins\/seo\/ -->\n<title>L\u00e4r k\u00e4nna v\u00e5ra l\u00e4rare och pedagoger | Noblaskolan Nacka Strand<\/title>\n<meta name=\"description\" content=\"L\u00e4r k\u00e4nna v\u00e5ra pedagoger p\u00e5 Noblaskolan Nacka Strand. L\u00e4s mer hur de arbetar med trygghet, h\u00f6ga f\u00f6rv\u00e4ntningar och engagemang i klassrummen.\" \/>\n<meta name=\"robots\" content=\"index, follow, max-snippet:-1, max-image-preview:large, max-video-preview:-1\" \/>\n<link rel=\"canonical\" href=\"https:\/\/noblaskolan.se\/nacka-strand\/artikel\/pedagoger\/\" \/>\n<meta property=\"og:locale\" content=\"sv_SE\" \/>\n<meta property=\"og:type\" content=\"article\" \/>\n<meta property=\"og:title\" content=\"L\u00e4r k\u00e4nna v\u00e5ra l\u00e4rare och pedagoger | Noblaskolan Nacka Strand\" \/>\n<meta property=\"og:description\" content=\"L\u00e4r k\u00e4nna v\u00e5ra pedagoger p\u00e5 Noblaskolan Nacka Strand. L\u00e4s mer hur de arbetar med trygghet, h\u00f6ga f\u00f6rv\u00e4ntningar och engagemang i klassrummen.\" \/>\n<meta property=\"og:url\" content=\"https:\/\/noblaskolan.se\/nacka-strand\/artikel\/pedagoger\/\" \/>\n<meta property=\"og:site_name\" content=\"Nacka Strand\" \/>\n<meta property=\"article:modified_time\" content=\"2025-12-03T15:58:19+00:00\" \/>\n<meta name=\"twitter:card\" content=\"summary_large_image\" \/>\n<meta name=\"twitter:title\" content=\"L\u00e4r k\u00e4nna v\u00e5ra l\u00e4rare och pedagoger | Noblaskolan Nacka Strand\" \/>\n<meta name=\"twitter:description\" content=\"L\u00e4r k\u00e4nna v\u00e5ra pedagoger p\u00e5 Noblaskolan Nacka Strand. L\u00e4s mer hur de arbetar med trygghet, h\u00f6ga f\u00f6rv\u00e4ntningar och engagemang i klassrummen.\" \/>\n<meta name=\"twitter:image\" content=\"https:\/\/noblaskolan.se\/wp-content\/uploads\/sites\/25\/2025\/11\/skarmavbild-2025-11-26-kl-110608.png\" \/>\n<meta name=\"twitter:label1\" content=\"Ber\u00e4knad l\u00e4stid\" \/>\n\t<meta name=\"twitter:data1\" content=\"4 minuter\" \/>\n<script type=\"application\/ld+json\" class=\"yoast-schema-graph\">{\"@context\":\"https:\/\/schema.org\",\"@graph\":[{\"@type\":\"WebPage\",\"@id\":\"https:\/\/noblaskolan.se\/nacka-strand\/artikel\/pedagoger\/\",\"url\":\"https:\/\/noblaskolan.se\/nacka-strand\/artikel\/pedagoger\/\",\"name\":\"L\u00e4r k\u00e4nna v\u00e5ra l\u00e4rare och pedagoger | Noblaskolan Nacka Strand\",\"isPartOf\":{\"@id\":\"https:\/\/noblaskolan.se\/nacka-strand\/#website\"},\"datePublished\":\"2025-12-03T15:56:49+00:00\",\"dateModified\":\"2025-12-03T15:58:19+00:00\",\"description\":\"L\u00e4r k\u00e4nna v\u00e5ra pedagoger p\u00e5 Noblaskolan Nacka Strand. L\u00e4s mer hur de arbetar med trygghet, h\u00f6ga f\u00f6rv\u00e4ntningar och engagemang i klassrummen.\",\"breadcrumb\":{\"@id\":\"https:\/\/noblaskolan.se\/nacka-strand\/artikel\/pedagoger\/#breadcrumb\"},\"inLanguage\":\"sv-SE\",\"potentialAction\":[{\"@type\":\"ReadAction\",\"target\":[\"https:\/\/noblaskolan.se\/nacka-strand\/artikel\/pedagoger\/\"]}]},{\"@type\":\"BreadcrumbList\",\"@id\":\"https:\/\/noblaskolan.se\/nacka-strand\/artikel\/pedagoger\/#breadcrumb\",\"itemListElement\":[{\"@type\":\"ListItem\",\"position\":1,\"name\":\"Start\",\"item\":\"https:\/\/noblaskolan.se\/nacka-strand\"},{\"@type\":\"ListItem\",\"position\":2,\"name\":\"Nyheter\"}]},{\"@type\":\"WebSite\",\"@id\":\"https:\/\/noblaskolan.se\/nacka-strand\/#website\",\"url\":\"https:\/\/noblaskolan.se\/nacka-strand\/\",\"name\":\"Nacka Strand\",\"description\":\"Noblaskolan Nacka Strand\",\"potentialAction\":[{\"@type\":\"SearchAction\",\"target\":{\"@type\":\"EntryPoint\",\"urlTemplate\":\"https:\/\/noblaskolan.se\/nacka-strand\/?s={search_term_string}\"},\"query-input\":\"required name=search_term_string\"}],\"inLanguage\":\"sv-SE\"}]}<\/script>\n<!-- \/ Yoast SEO plugin. -->","yoast_head_json":{"title":"L\u00e4r k\u00e4nna v\u00e5ra l\u00e4rare och pedagoger | Noblaskolan Nacka Strand","description":"L\u00e4r k\u00e4nna v\u00e5ra pedagoger p\u00e5 Noblaskolan Nacka Strand. L\u00e4s mer hur de arbetar med trygghet, h\u00f6ga f\u00f6rv\u00e4ntningar och engagemang i klassrummen.","robots":{"index":"index","follow":"follow","max-snippet":"max-snippet:-1","max-image-preview":"max-image-preview:large","max-video-preview":"max-video-preview:-1"},"canonical":"https:\/\/noblaskolan.se\/nacka-strand\/artikel\/pedagoger\/","og_locale":"sv_SE","og_type":"article","og_title":"L\u00e4r k\u00e4nna v\u00e5ra l\u00e4rare och pedagoger | Noblaskolan Nacka Strand","og_description":"L\u00e4r k\u00e4nna v\u00e5ra pedagoger p\u00e5 Noblaskolan Nacka Strand. L\u00e4s mer hur de arbetar med trygghet, h\u00f6ga f\u00f6rv\u00e4ntningar och engagemang i klassrummen.","og_url":"https:\/\/noblaskolan.se\/nacka-strand\/artikel\/pedagoger\/","og_site_name":"Nacka Strand","article_modified_time":"2025-12-03T15:58:19+00:00","twitter_card":"summary_large_image","twitter_title":"L\u00e4r k\u00e4nna v\u00e5ra l\u00e4rare och pedagoger | Noblaskolan Nacka Strand","twitter_description":"L\u00e4r k\u00e4nna v\u00e5ra pedagoger p\u00e5 Noblaskolan Nacka Strand. L\u00e4s mer hur de arbetar med trygghet, h\u00f6ga f\u00f6rv\u00e4ntningar och engagemang i klassrummen.","twitter_image":"https:\/\/noblaskolan.se\/wp-content\/uploads\/sites\/25\/2025\/11\/skarmavbild-2025-11-26-kl-110608.png","twitter_misc":{"Ber\u00e4knad l\u00e4stid":"4 minuter"},"schema":{"@context":"https:\/\/schema.org","@graph":[{"@type":"WebPage","@id":"https:\/\/noblaskolan.se\/nacka-strand\/artikel\/pedagoger\/","url":"https:\/\/noblaskolan.se\/nacka-strand\/artikel\/pedagoger\/","name":"L\u00e4r k\u00e4nna v\u00e5ra l\u00e4rare och pedagoger | Noblaskolan Nacka Strand","isPartOf":{"@id":"https:\/\/noblaskolan.se\/nacka-strand\/#website"},"datePublished":"2025-12-03T15:56:49+00:00","dateModified":"2025-12-03T15:58:19+00:00","description":"L\u00e4r k\u00e4nna v\u00e5ra pedagoger p\u00e5 Noblaskolan Nacka Strand. L\u00e4s mer hur de arbetar med trygghet, h\u00f6ga f\u00f6rv\u00e4ntningar och engagemang i klassrummen.","breadcrumb":{"@id":"https:\/\/noblaskolan.se\/nacka-strand\/artikel\/pedagoger\/#breadcrumb"},"inLanguage":"sv-SE","potentialAction":[{"@type":"ReadAction","target":["https:\/\/noblaskolan.se\/nacka-strand\/artikel\/pedagoger\/"]}]},{"@type":"BreadcrumbList","@id":"https:\/\/noblaskolan.se\/nacka-strand\/artikel\/pedagoger\/#breadcrumb","itemListElement":[{"@type":"ListItem","position":1,"name":"Start","item":"https:\/\/noblaskolan.se\/nacka-strand"},{"@type":"ListItem","position":2,"name":"Nyheter"}]},{"@type":"WebSite","@id":"https:\/\/noblaskolan.se\/nacka-strand\/#website","url":"https:\/\/noblaskolan.se\/nacka-strand\/","name":"Nacka Strand","description":"Noblaskolan Nacka Strand","potentialAction":[{"@type":"SearchAction","target":{"@type":"EntryPoint","urlTemplate":"https:\/\/noblaskolan.se\/nacka-strand\/?s={search_term_string}"},"query-input":"required name=search_term_string"}],"inLanguage":"sv-SE"}]}},"_links":{"self":[{"href":"https:\/\/noblaskolan.se\/nacka-strand\/wp-json\/wp\/v2\/article\/2306"}],"collection":[{"href":"https:\/\/noblaskolan.se\/nacka-strand\/wp-json\/wp\/v2\/article"}],"about":[{"href":"https:\/\/noblaskolan.se\/nacka-strand\/wp-json\/wp\/v2\/types\/article"}],"wp:attachment":[{"href":"https:\/\/noblaskolan.se\/nacka-strand\/wp-json\/wp\/v2\/media?parent=2306"}],"wp:term":[{"taxonomy":"article_category","embeddable":true,"href":"https:\/\/noblaskolan.se\/nacka-strand\/wp-json\/wp\/v2\/article_category?post=2306"}],"curies":[{"name":"wp","href":"https:\/\/api.w.org\/{rel}","templated":true}]}}