{"id":1819,"date":"2022-03-14T08:26:22","date_gmt":"2022-03-14T07:26:22","guid":{"rendered":"https:\/\/noblaskolan.se\/nacka-strand\/?post_type=article&#038;p=1819"},"modified":"2024-02-16T14:46:56","modified_gmt":"2024-02-16T13:46:56","slug":"noblaskolan-uppmarksammar-pi-dagen","status":"publish","type":"article","link":"https:\/\/noblaskolan.se\/nacka-strand\/artikel\/noblaskolan-uppmarksammar-pi-dagen\/","title":{"rendered":"Noblaskolan uppm\u00e4rksammar pi-dagen"},"content":{"rendered":"\n<div class=\"wp-block-columns is-layout-flex wp-container-core-columns-layout-1 wp-block-columns-is-layout-flex\">\n<div class=\"wp-block-column is-layout-flow wp-block-column-is-layout-flow\" style=\"flex-basis:15%\"><\/div>\n\n\n\n<div class=\"wp-block-column is-layout-flow wp-block-column-is-layout-flow\" style=\"flex-basis:70%\">\n<h1 class=\"wp-block-heading\"><meta charset=\"utf-8\">Noblaskolan uppm\u00e4rksammar pi-dagen<\/h1>\n\n\n\n<p   class=\"site__ingress container text-left  site__text-color--dark  site__free_text--ingress p-0\">\n\t14 mars \u00e4r det pi-dagen. Sedan 2020 \u00e4r det ocks\u00e5 internationella matematikdagen. P\u00e5 Noblaskolan \u00e4r matematik och probleml\u00f6sning en viktig del i undervisningen \u2013 f\u00f6r alla \u00e5ldrar och \u00e5rskurser. D\u00e4rf\u00f6r uppm\u00e4rksammar vi pi-dagen p\u00e5 v\u00e5ra skolor runt om i Sverige \u2013 l\u00e4s vidare f\u00f6r att f\u00e5 reda p\u00e5 hur vi och Noblaskolan Nya Hov\u00e5s g\u00f6r detta i \u00e5r.<\/p>\n\n\n\n\n\n<h2 class=\"wp-block-heading\">Decimalt\u00e4vling p\u00e5 Noblaskolan Nya Hov\u00e5s<\/h2>\n\n\n\n<p>F\u00f6r att uppm\u00e4rksamma pi-dagen anordnar Noblaskolan Nya Hov\u00e5s en decimalt\u00e4vling f\u00f6r eleverna i \u00e5rskurs 6-9.<\/p>\n\n\n\n<p>\u2013 T\u00e4vlingen \u00e4r helt valfri att vara med p\u00e5 men vi g\u00f6r det som en \u201chappening\u201d i matsalen f\u00f6r alla som vill vara med, ber\u00e4ttar f\u00f6rstel\u00e4raren Niklas.<\/p>\n\n\n\n<p>T\u00e4vlingen g\u00e5r ut p\u00e5 att skriva ner s\u00e5 m\u00e5nga decimaler man kan ur talet pi p\u00e5 ett papper.<\/p>\n\n\n\n<p>\u2013 Sedan uppm\u00e4rksammas de som lyckats b\u00e4st med en prisutdelning, s\u00e4ger Niklas.<\/p>\n\n\n\n<h3 class=\"wp-block-heading\">Fokus p\u00e5 pi under veckan<\/h3>\n\n\n\n<p>Under veckans matematiklektioner kommer eleverna att f\u00e5 veta mer om talet pi och \u00e4ven \u00f6va p\u00e5 pi-decimalerna. Niklas ber\u00e4ttar att de \u00e4ven kommer att dela med sig av lite kuriosa kring talet pi.<\/p>\n\n\n\n<p>\u2013 Exempel p\u00e5 kuriosa \u00e4r att man faktiskt kan f\u00e5 fram ett n\u00e4rmev\u00e4rde f\u00f6r pi med fyra decimaler genom att utnyttja det engelska alfabetet. Skriv bokst\u00e4verna i ordning i en cirkel och ta sedan bara h\u00e4nsyn till antalet bokst\u00e4ver i varje grupp som inte inneh\u00e5ller symmetriska bokst\u00e4ver. Starta med bokstaven J h\u00f6gst upp i cirkeln. Resultatet blir som synes 3 1 4 1 6 (pi = 3,14159\u2026), f\u00f6rklarar Niklas.<\/p>\n\n\n\n<h2 class=\"wp-block-heading\">Mattefestival p\u00e5 Noblaskolan Nacka Strand<\/h2>\n\n\n\n<p>P\u00e5 Noblaskolan Nacka Strand uppm\u00e4rksammar vi pi-dagen varje \u00e5r ihop med alla barn och elever, fr\u00e5n f\u00f6rskolan upp till \u00e5rskurs 3. Sedan ett \u00e5r tillbaka g\u00f6r vi detta genom en mattefestival som p\u00e5g\u00e5r under en vecka.<\/p>\n\n\n\n<p>\u2013 Detta inneb\u00e4r att vi l\u00e4gger ett st\u00f6rre fokus p\u00e5 matematiken denna vecka utifr\u00e5n olika omr\u00e5den, ber\u00e4ttar Victoria som \u00e4r f\u00f6rstel\u00e4rare p\u00e5 skolan.<\/p>\n\n\n\n<p>Varje dag under veckan f\u00e5r v\u00e5ra elever se en film som presenterar dagens tema och utmaning som g\u00e5r i matematikens tecken. Barnen p\u00e5 f\u00f6rskolan kommer ocks\u00e5 att f\u00e5 utmaningar kopplat till probleml\u00f6sning och utforska kopplingen mellan skapande och matematik. \u00c4ven rastaktiviteter under veckan kopplas till matematik. Alla utmaningar och aktiviteter tar avstamp i fokusomr\u00e5dena probleml\u00f6sning och samarbete. <\/p>\n\n\n\n<p>\u2013 Vi skickar \u00e4ven tips till v\u00e5rdnadshavarna p\u00e5 appar och roliga matteaktiviteter som man kan g\u00f6ra hemma, s\u00e4ger Victoria.<\/p>\n\n\n\n<h3 class=\"wp-block-heading\">Pi-dagen<\/h3>\n\n\n\n<p>Den 14 mars, pi-dagen, jobbar vi med n\u00e5got relaterat till just pi. Victoria ber\u00e4ttar att eleverna f\u00f6rra \u00e5ret fick r\u00e4kna ut talet pi. I \u00e5r kommer eleverna att f\u00e5 r\u00e4kna med pi med hj\u00e4lp av minir\u00e4knare och varandra.<\/p>\n\n\n\n<h3 class=\"wp-block-heading\">\u201cVi vill v\u00e4cka elevernas nyfikenhet\u201d<\/h3>\n\n\n\n<p>Syftet med mattefestivalen och att l\u00e5ta matematik vara i fokus under en hel vecka \u00e4r att v\u00e4cka elevernas nyfikenhet och lust att l\u00e4ra \u2013 b\u00e5de inom lek, samarbete och probleml\u00f6sning.<\/p>\n\n\n\n<p>\u2013 Vi vill visa eleverna att matematik \u00e4r s\u00e5 mycket mer \u00e4n bara n\u00e5gra tal i en bok, f\u00f6rklarar Victoria.<\/p>\n\n\n\n<p>Genom att jobba med olika omr\u00e5den inom matematik under veckan hoppas vi att varje elev ska hitta n\u00e5got omr\u00e5de som de tycker \u00e4r extra roligt. Det kan vara en av utmaningarna, fakta om en k\u00e4nd matematiker eller n\u00e5gon av de matematikrelaterade rastaktiviteterna.<\/p>\n<\/div>\n\n\n\n<div class=\"wp-block-column is-layout-flow wp-block-column-is-layout-flow\" style=\"flex-basis:15%\"><\/div>\n<\/div>\n","protected":false},"template":"","article_category":[14,10],"yoast_head":"<!-- This site is optimized with the Yoast SEO plugin v22.0 - https:\/\/yoast.com\/wordpress\/plugins\/seo\/ -->\n<title>Nacka Strand<\/title>\n<meta name=\"description\" content=\"F\u00f6r att uppm\u00e4rksamma pi-dagen anordnar Noblaskolan Nya Hov\u00e5s en decimalt\u00e4vling f\u00f6r eleverna i \u00e5rskurs 6-9.\" \/>\n<meta name=\"robots\" content=\"index, follow, max-snippet:-1, max-image-preview:large, max-video-preview:-1\" \/>\n<link rel=\"canonical\" href=\"https:\/\/noblaskolan.se\/nacka-strand\/artikel\/noblaskolan-uppmarksammar-pi-dagen\/\" \/>\n<meta property=\"og:locale\" content=\"sv_SE\" \/>\n<meta property=\"og:type\" content=\"article\" \/>\n<meta property=\"og:description\" content=\"F\u00f6r att uppm\u00e4rksamma pi-dagen anordnar Noblaskolan Nya Hov\u00e5s en decimalt\u00e4vling f\u00f6r eleverna i \u00e5rskurs 6-9.\" \/>\n<meta property=\"og:url\" content=\"https:\/\/noblaskolan.se\/nacka-strand\/artikel\/noblaskolan-uppmarksammar-pi-dagen\/\" \/>\n<meta property=\"og:site_name\" content=\"Nacka Strand\" \/>\n<meta property=\"article:modified_time\" content=\"2024-02-16T13:46:56+00:00\" \/>\n<meta name=\"twitter:card\" content=\"summary_large_image\" \/>\n<meta name=\"twitter:description\" content=\"F\u00f6r att uppm\u00e4rksamma pi-dagen anordnar Noblaskolan Nya Hov\u00e5s en decimalt\u00e4vling f\u00f6r eleverna i \u00e5rskurs 6-9.\" \/>\n<meta name=\"twitter:label1\" content=\"Ber\u00e4knad l\u00e4stid\" \/>\n\t<meta name=\"twitter:data1\" content=\"3 minuter\" \/>\n<script type=\"application\/ld+json\" class=\"yoast-schema-graph\">{\"@context\":\"https:\/\/schema.org\",\"@graph\":[{\"@type\":\"WebPage\",\"@id\":\"https:\/\/noblaskolan.se\/nacka-strand\/artikel\/noblaskolan-uppmarksammar-pi-dagen\/\",\"url\":\"https:\/\/noblaskolan.se\/nacka-strand\/artikel\/noblaskolan-uppmarksammar-pi-dagen\/\",\"name\":\"Noblaskolan uppm\u00e4rksammar pi-dagen | Nacka Strand\",\"isPartOf\":{\"@id\":\"https:\/\/noblaskolan.se\/nacka-strand\/#website\"},\"datePublished\":\"2022-03-14T07:26:22+00:00\",\"dateModified\":\"2024-02-16T13:46:56+00:00\",\"description\":\"F\u00f6r att uppm\u00e4rksamma pi-dagen anordnar Noblaskolan Nya Hov\u00e5s en decimalt\u00e4vling f\u00f6r eleverna i \u00e5rskurs 6-9.\",\"breadcrumb\":{\"@id\":\"https:\/\/noblaskolan.se\/nacka-strand\/artikel\/noblaskolan-uppmarksammar-pi-dagen\/#breadcrumb\"},\"inLanguage\":\"sv-SE\",\"potentialAction\":[{\"@type\":\"ReadAction\",\"target\":[\"https:\/\/noblaskolan.se\/nacka-strand\/artikel\/noblaskolan-uppmarksammar-pi-dagen\/\"]}]},{\"@type\":\"BreadcrumbList\",\"@id\":\"https:\/\/noblaskolan.se\/nacka-strand\/artikel\/noblaskolan-uppmarksammar-pi-dagen\/#breadcrumb\",\"itemListElement\":[{\"@type\":\"ListItem\",\"position\":1,\"name\":\"Start\",\"item\":\"https:\/\/noblaskolan.se\/nacka-strand\"},{\"@type\":\"ListItem\",\"position\":2,\"name\":\"Nyheter\"}]},{\"@type\":\"WebSite\",\"@id\":\"https:\/\/noblaskolan.se\/nacka-strand\/#website\",\"url\":\"https:\/\/noblaskolan.se\/nacka-strand\/\",\"name\":\"Nacka Strand\",\"description\":\"Noblaskolan Nacka Strand\",\"potentialAction\":[{\"@type\":\"SearchAction\",\"target\":{\"@type\":\"EntryPoint\",\"urlTemplate\":\"https:\/\/noblaskolan.se\/nacka-strand\/?s={search_term_string}\"},\"query-input\":\"required name=search_term_string\"}],\"inLanguage\":\"sv-SE\"}]}<\/script>\n<!-- \/ Yoast SEO plugin. -->","yoast_head_json":{"title":"Nacka Strand","description":"F\u00f6r att uppm\u00e4rksamma pi-dagen anordnar Noblaskolan Nya Hov\u00e5s en decimalt\u00e4vling f\u00f6r eleverna i \u00e5rskurs 6-9.","robots":{"index":"index","follow":"follow","max-snippet":"max-snippet:-1","max-image-preview":"max-image-preview:large","max-video-preview":"max-video-preview:-1"},"canonical":"https:\/\/noblaskolan.se\/nacka-strand\/artikel\/noblaskolan-uppmarksammar-pi-dagen\/","og_locale":"sv_SE","og_type":"article","og_description":"F\u00f6r att uppm\u00e4rksamma pi-dagen anordnar Noblaskolan Nya Hov\u00e5s en decimalt\u00e4vling f\u00f6r eleverna i \u00e5rskurs 6-9.","og_url":"https:\/\/noblaskolan.se\/nacka-strand\/artikel\/noblaskolan-uppmarksammar-pi-dagen\/","og_site_name":"Nacka Strand","article_modified_time":"2024-02-16T13:46:56+00:00","twitter_card":"summary_large_image","twitter_description":"F\u00f6r att uppm\u00e4rksamma pi-dagen anordnar Noblaskolan Nya Hov\u00e5s en decimalt\u00e4vling f\u00f6r eleverna i \u00e5rskurs 6-9.","twitter_misc":{"Ber\u00e4knad l\u00e4stid":"3 minuter"},"schema":{"@context":"https:\/\/schema.org","@graph":[{"@type":"WebPage","@id":"https:\/\/noblaskolan.se\/nacka-strand\/artikel\/noblaskolan-uppmarksammar-pi-dagen\/","url":"https:\/\/noblaskolan.se\/nacka-strand\/artikel\/noblaskolan-uppmarksammar-pi-dagen\/","name":"Noblaskolan uppm\u00e4rksammar pi-dagen | Nacka Strand","isPartOf":{"@id":"https:\/\/noblaskolan.se\/nacka-strand\/#website"},"datePublished":"2022-03-14T07:26:22+00:00","dateModified":"2024-02-16T13:46:56+00:00","description":"F\u00f6r att uppm\u00e4rksamma pi-dagen anordnar Noblaskolan Nya Hov\u00e5s en decimalt\u00e4vling f\u00f6r eleverna i \u00e5rskurs 6-9.","breadcrumb":{"@id":"https:\/\/noblaskolan.se\/nacka-strand\/artikel\/noblaskolan-uppmarksammar-pi-dagen\/#breadcrumb"},"inLanguage":"sv-SE","potentialAction":[{"@type":"ReadAction","target":["https:\/\/noblaskolan.se\/nacka-strand\/artikel\/noblaskolan-uppmarksammar-pi-dagen\/"]}]},{"@type":"BreadcrumbList","@id":"https:\/\/noblaskolan.se\/nacka-strand\/artikel\/noblaskolan-uppmarksammar-pi-dagen\/#breadcrumb","itemListElement":[{"@type":"ListItem","position":1,"name":"Start","item":"https:\/\/noblaskolan.se\/nacka-strand"},{"@type":"ListItem","position":2,"name":"Nyheter"}]},{"@type":"WebSite","@id":"https:\/\/noblaskolan.se\/nacka-strand\/#website","url":"https:\/\/noblaskolan.se\/nacka-strand\/","name":"Nacka Strand","description":"Noblaskolan Nacka Strand","potentialAction":[{"@type":"SearchAction","target":{"@type":"EntryPoint","urlTemplate":"https:\/\/noblaskolan.se\/nacka-strand\/?s={search_term_string}"},"query-input":"required name=search_term_string"}],"inLanguage":"sv-SE"}]}},"_links":{"self":[{"href":"https:\/\/noblaskolan.se\/nacka-strand\/wp-json\/wp\/v2\/article\/1819"}],"collection":[{"href":"https:\/\/noblaskolan.se\/nacka-strand\/wp-json\/wp\/v2\/article"}],"about":[{"href":"https:\/\/noblaskolan.se\/nacka-strand\/wp-json\/wp\/v2\/types\/article"}],"wp:attachment":[{"href":"https:\/\/noblaskolan.se\/nacka-strand\/wp-json\/wp\/v2\/media?parent=1819"}],"wp:term":[{"taxonomy":"article_category","embeddable":true,"href":"https:\/\/noblaskolan.se\/nacka-strand\/wp-json\/wp\/v2\/article_category?post=1819"}],"curies":[{"name":"wp","href":"https:\/\/api.w.org\/{rel}","templated":true}]}}