{"id":3434,"date":"2025-12-03T16:36:48","date_gmt":"2025-12-03T15:36:48","guid":{"rendered":"https:\/\/noblaskolan.se\/lindholmen\/?post_type=article&#038;p=3434"},"modified":"2025-12-09T13:02:41","modified_gmt":"2025-12-09T12:02:41","slug":"pedagoger","status":"publish","type":"article","link":"https:\/\/noblaskolan.se\/lindholmen\/artikel\/pedagoger\/","title":{"rendered":"Pedagoger"},"content":{"rendered":"\n<div class=\"wp-block-group is-layout-constrained wp-block-group-is-layout-constrained\">\n<h1 class=\"wp-block-heading\">L\u00e4r k\u00e4nna v\u00e5ra pedagoger<\/h1>\n\n\n\n<p   class=\"site__ingress container text-left  site__text-color--dark  site__free_text--ingress p-0\">\n\tL\u00e4r k\u00e4nna v\u00e5ra pedagoger och l\u00e4rare lite b\u00e4ttre! H\u00e4r f\u00e5r du veta mer om deras drivkrafter och hur de arbetar f\u00f6r att g\u00f6ra undervisningen intressant och utmanande.<\/p>\n\n\n\n\n\n<h2 class=\"wp-block-heading\"><em>Viktor Fioriniello<\/em> \u2013 H\u00f6gstadiel\u00e4rare, Idrott och H\u00e4lsa<\/h2>\n\n\n\n<h3 class=\"wp-block-heading\">Hur arbetar du med h\u00f6ga f\u00f6rv\u00e4ntningar utan att skapa stress f\u00f6r eleverna?<\/h3>\n\n\n\n<p>F\u00f6r mig handlar det om att eleverna ska k\u00e4nna att de g\u00f6r sitt b\u00e4sta utifr\u00e5n sina egna f\u00f6ruts\u00e4ttningar. Jag pratar ofta med dem om att varje idrottslektion \u00e4r ett nytt tillf\u00e4lle att visa vad de kan och att det viktiga \u00e4r att&nbsp;<em>f\u00f6rs\u00f6ka<\/em>, \u00e4ven n\u00e4r n\u00e5got k\u00e4nns klurigt, l\u00e4skigt eller mindre roligt. Eftersom vi arbetar med samma betygskriterier genom hela \u00e5k 7\u20139 betonar jag att de har gott om tid och m\u00e5nga chanser att utvecklas och visa sina kunskaper. F\u00f6rhoppningsvis skapar det en trygg milj\u00f6 d\u00e4r eleverna v\u00e5gar utmana sig sj\u00e4lva utan att k\u00e4nna press.<\/p>\n\n\n\n<h3 class=\"wp-block-heading\">Vad \u00e4r det b\u00e4sta med att jobba som h\u00f6gstadiel\u00e4rare?<\/h3>\n\n\n\n<p>Det absolut b\u00e4sta \u00e4r att f\u00e5 l\u00e4ra k\u00e4nna eleverna och f\u00f6lja deras utveckling under en s\u00e5 h\u00e4ndelserik tid i livet. Det \u00e4r kul att f\u00e5 m\u00f6ta s\u00e5 m\u00e5nga olika personligheter och intressen varje dag, s\u00e5 eleverna g\u00f6r helt klart jobbet roligt och meningsfullt!&nbsp;<\/p>\n\n\n\n<h3 class=\"wp-block-heading\">Hur brukar du skapa engagemang i klassrummet n\u00e4r eleverna tappar intresset eller tycker att ett \u00e4mne \u00e4r sv\u00e5rt?<\/h3>\n\n\n\n<p>N\u00e4r jag m\u00e4rker att eleverna tappar fokus f\u00f6rs\u00f6ker jag ofta anv\u00e4nda humor och skapa en mer avslappnad st\u00e4mning. Jag tycker det hj\u00e4lper mycket! En elev sa nyligen att jag har \u201dv\u00e4ldigt torr humor\u201d, och det st\u00e4mmer nog. I idrott och h\u00e4lsa finns ofta en bild av att det bara handlar om att leka, men jag f\u00f6rs\u00f6ker f\u00e5 eleverna att f\u00f6rst\u00e5 sambandet mellan aktivitet, h\u00e4lsa och l\u00e4rande.<\/p>\n\n\n\n<h3 class=\"wp-block-heading\">Vad i v\u00e5r undervisning eller skolkultur \u00e4r du extra stolt \u00f6ver och som fler borde f\u00e5 veta om?<\/h3>\n\n\n\n<p>Jag \u00e4r stolt \u00f6ver att jag och mina kollegor verkligen arbetar tillsammans med elevens b\u00e4sta i fokus varje dag. Det kan l\u00e5ta sj\u00e4lvklart, men v\u00e5r gemensamma vilja att hitta l\u00f6sningar, st\u00f6tta varandra och skapa b\u00e4sta m\u00f6jliga f\u00f6ruts\u00e4ttningar f\u00f6r varje elev genomsyrar verkligen hela skolan. Det g\u00f6r att vi f\u00e5r en trygg, positiv och utvecklande milj\u00f6 f\u00f6r b\u00e5de elever och personal.<\/p>\n\n\n\n\t<style>\n\t\t.inner {\n\n\t\t\tmargin: 0 auto;\n\n\n\t\t}\n\t<\/style>\n\t<div\n\t\t class=\"container images-module\" >\n\t\t<div class=\"row images_module__slideshow\">\n\n\t\t\t<div\n\t\t\t\t\tclass=\"col-md-12 p-0 position-relative images_module__slideshow images_module__slideshow-container  \">\n\t\t\t\t<div class=\"images_module__slide\" data-slide=\"\"\n\t\t\t\t\t data-duration=\"\"><\/div>\n\t\t\t\t\t\t\t\t\t<div\n\t\t\t\t\t\t class=\"images_module__slides\n\n\t\t\t\t\t   \"\n\t\t\t\t\t>\n\n\t\t\t\t\t\t<div class=\"images__wrapper\" style=\"aspect-ratio: 851 \/ 851;\">\n\t\t\t\t\t\t\t<img decoding=\"async\" width=\"400\" height=\"600\" src=\"https:\/\/noblaskolan.se\/wp-content\/uploads\/sites\/35\/2025\/10\/viktor-fioriniello.jpg\" class=\"images__image_ratio  \" alt=\"\" style=\"aspect-ratio: 851 \/ 851;object-position: center top;\" srcset=\"https:\/\/noblaskolan.se\/wp-content\/uploads\/sites\/35\/2025\/10\/viktor-fioriniello.jpg 400w, https:\/\/noblaskolan.se\/wp-content\/uploads\/sites\/35\/2025\/10\/viktor-fioriniello-300x450.jpg 300w\" sizes=\"(max-width: 400px) 100vw, 400px\" \/>\t\t\t\t\t\t<\/div>\n\t\t\t\t\t\t\n\n\t\t\t\t\t\t\t\t\t\t\t<\/div>\n\t\t\t\t\n\t\t\t\t<div class=\"images_module__container_dot\">\n\t\t\t\t\t<div style=\"text-align:center\">\n\n\n\t\t\t\t\t\t\t\t\t\t\t\t\t<span   data-i=\"0\"\n\t\t\t\t\t\t\t\t  class=\"\n\t\t\t\t\t\t\timages_module__dot\n\t\t\t\t\t\t\t\t\t\t\t\t\t\t\"\n\t\t\t\t\t\t\t><\/span>\n\t\t\t\t\t\t\t\t\t\t\t<\/div>\n\t\t\t\t<\/div>\n\n\n\t\t\t<\/div>\n\t\t<\/div>\n\t<\/div>\n\n\t\n\n\n<script>\n\tvar images_display_descriptive_text = \"\";\n<\/script>\n\n\n\n<h2 class=\"wp-block-heading\"><em>Anita Svenninghed <\/em>\u2013 H\u00f6gstadiel\u00e4rare, Svenska och Engelska<\/h2>\n\n\n\n<h3 class=\"wp-block-heading\">Hur arbetar du med h\u00f6ga f\u00f6rv\u00e4ntningar utan att skapa stress f\u00f6r eleverna?<\/h3>\n\n\n\n<p>Jag tror att det f\u00f6rsta och viktigaste steget \u00e4r att eleverna ska k\u00e4nna att jag vill deras b\u00e4sta, tycker om dem oavsett vad de redan kan och vill hj\u00e4lpa dem att utvecklas. Ett tryggt klassrum och ett till\u00e5tande klimat \u00e4r A och O. Jag beh\u00f6ver sedan tydligt kommunicera vad som f\u00f6rv\u00e4ntas av eleverna, vad \u00e4r m\u00e5let och hur ska vi n\u00e5 dit? H\u00f6ga f\u00f6rv\u00e4ntningar betyder ju inte att alla ska prestera p\u00e5 samma niv\u00e5, utan att var och en utvecklas utifr\u00e5n sin startpunkt. Vi fokuserar ist\u00e4llet p\u00e5 vad de kan uppn\u00e5, snarare \u00e4n vad de inte f\u00e5r misslyckas med, och jobbar mycket med anstr\u00e4ngning och strategier kopplat till utveckling. Att k\u00e4nna att n\u00e5got \u00e4r utmanande \u00e4r inget att r\u00e4das, utan \u00e4r till och med n\u00e5got positivt. Arbetslaget som arbetar med \u00e5rskursen tacklar studieteknik fr\u00e5n m\u00e5nga h\u00e5ll \u2013 bland annat planerar vi tillsammans med eleverna varje m\u00e5ndag. H\u00e4r f\u00e5r de planera sin vecka och tid i egen kalender p\u00e5 ett konkret s\u00e4tt och sedan utv\u00e4rderar vi tillsammans. Det \u00e4r viktigt att de f\u00e5r se hur god studiestruktur minskar oro och stress.<\/p>\n\n\n\n<h3 class=\"wp-block-heading\">Hur m\u00e4rks din roll som n\u00e4rvarande l\u00e4rare av i elevernas vardag?<\/h3>\n\n\n\n<p>Det \u00e4r utan tvekan m\u00f6tet med eleverna. H\u00f6gstadiet \u00e4r en speciell tid i elevernas liv \u2013 de utvecklas b\u00e5de kunskapsm\u00e4ssigt och socialt och vi l\u00e4rare f\u00e5r vara med p\u00e5 en h\u00e4ftig resa. Att f\u00e5 f\u00f6lja dem i fyra \u00e5r, se dem g\u00e5 fr\u00e5n barn till unga vuxna och f\u00e5 dela deras med- och<br>motg\u00e5ngar \u00e4r v\u00e4ldigt givande och inspirerande. Sedan \u00e4r variationen i arbetet ett annat plus. Kombinationen av teori och praktik g\u00f6r<br>vardagen dynamisk och hela tiden utvecklande. Man l\u00e4r s\u00e5 l\u00e4nge man har elever!<\/p>\n\n\n\n<h3 class=\"wp-block-heading\">Hur brukar du skapa engagemang i klassrummet n\u00e4r eleverna tycker att ett \u00e4mne \u00e4r sv\u00e5rt eller tr\u00e5kigt? <\/h3>\n\n\n\n<p>F\u00f6rst och fr\u00e4mst tycker jag sj\u00e4lv att det vi ska l\u00e4ra oss \u00e4r roligt! Entusiasm smittar! Men, ut\u00f6ver det \u00e4r det s\u00e5klart viktigt att p\u00e5 olika s\u00e4tt hj\u00e4lpa eleverna f\u00f6rst\u00e5 varf\u00f6r n\u00e5got \u00e4r viktigt. Hur kan det kopplas till deras verklighet? Att l\u00e5ta eleverna vara delaktiga i planeringen och l\u00e5ta dem reflektera \u00f6ver sitt eget l\u00e4rande brukar leda till bra insikter och skapar meningsfullhet. Vid nya, sv\u00e5ra moment f\u00e5r utmaningen h\u00f6jas gradvis och brytas ner i sm\u00e5, hanterbara steg. Generellt \u00e4r variation i undervisningen en ledstj\u00e4rna och vi v\u00e4xlar mellan lyssnande och interaktiva metoder. Ber\u00f6m \u00e4r inte heller att underskatta &#8211; alla m\u00e4nniskor m\u00e5r bra av att bli uppm\u00e4rksammade f\u00f6r sin anstr\u00e4ngning!<\/p>\n\n\n\n<h3 class=\"wp-block-heading\">Vad i v\u00e5r undervisning eller skolkultur \u00e4r du extra stolt \u00f6ver och som fler borde f\u00e5 veta om?<\/h3>\n\n\n\n<p>Jag \u00e4r stolt \u00f6ver mina kollegor som m\u00e5nar om sina elever och g\u00f6r sitt b\u00e4sta f\u00f6r dem varje dag. Jag trivs i v\u00e5r skolkultur. Nyfikenhet och lusten att l\u00e4ra f\u00e5r ta plats. H\u00e4nsyn till sina medm\u00e4nniskor \u00e4r centralt. Jag \u00e4r otroligt stolt \u00f6ver v\u00e5ra fina elever!<\/p>\n\n\n\n\t<style>\n\t\t.inner {\n\n\t\t\tmargin: 0 auto;\n\n\n\t\t}\n\t<\/style>\n\t<div\n\t\t class=\"container images-module\" >\n\t\t<div class=\"row images_module__slideshow\">\n\n\t\t\t<div\n\t\t\t\t\tclass=\"col-md-12 p-0 position-relative images_module__slideshow images_module__slideshow-container  \">\n\t\t\t\t<div class=\"images_module__slide\" data-slide=\"\"\n\t\t\t\t\t data-duration=\"\"><\/div>\n\t\t\t\t\t\t\t\t\t<div\n\t\t\t\t\t\t class=\"images_module__slides\n\n\t\t\t\t\t   \"\n\t\t\t\t\t>\n\n\t\t\t\t\t\t<div class=\"images__wrapper\" style=\"aspect-ratio: 851 \/ 851;\">\n\t\t\t\t\t\t\t<img decoding=\"async\" width=\"764\" height=\"576\" src=\"https:\/\/noblaskolan.se\/wp-content\/uploads\/sites\/35\/2025\/10\/skarmbild-2025-10-09-124846.png\" class=\"images__image_ratio  \" alt=\"\" style=\"aspect-ratio: 851 \/ 851;object-position: center center;\" srcset=\"https:\/\/noblaskolan.se\/wp-content\/uploads\/sites\/35\/2025\/10\/skarmbild-2025-10-09-124846.png 764w, https:\/\/noblaskolan.se\/wp-content\/uploads\/sites\/35\/2025\/10\/skarmbild-2025-10-09-124846-300x226.png 300w, https:\/\/noblaskolan.se\/wp-content\/uploads\/sites\/35\/2025\/10\/skarmbild-2025-10-09-124846-400x302.png 400w, https:\/\/noblaskolan.se\/wp-content\/uploads\/sites\/35\/2025\/10\/skarmbild-2025-10-09-124846-600x452.png 600w\" sizes=\"(max-width: 764px) 100vw, 764px\" \/>\t\t\t\t\t\t<\/div>\n\t\t\t\t\t\t\n\n\t\t\t\t\t\t\t\t\t\t\t<\/div>\n\t\t\t\t\n\t\t\t\t<div class=\"images_module__container_dot\">\n\t\t\t\t\t<div style=\"text-align:center\">\n\n\n\t\t\t\t\t\t\t\t\t\t\t\t\t<span   data-i=\"0\"\n\t\t\t\t\t\t\t\t  class=\"\n\t\t\t\t\t\t\timages_module__dot\n\t\t\t\t\t\t\t\t\t\t\t\t\t\t\"\n\t\t\t\t\t\t\t><\/span>\n\t\t\t\t\t\t\t\t\t\t\t<\/div>\n\t\t\t\t<\/div>\n\n\n\t\t\t<\/div>\n\t\t<\/div>\n\t<\/div>\n\n\t\n\n\n<script>\n\tvar images_display_descriptive_text = \"\";\n<\/script>\n<\/div>\n","protected":false},"template":"","article_category":[14,10],"yoast_head":"<!-- This site is optimized with the Yoast SEO plugin v22.0 - https:\/\/yoast.com\/wordpress\/plugins\/seo\/ -->\n<title>L\u00e4r k\u00e4nna v\u00e5ra l\u00e4rare och pedagoger | Noblaskolan Lindholmen<\/title>\n<meta name=\"description\" content=\"L\u00e4r k\u00e4nna v\u00e5ra pedagoger p\u00e5 Noblaskolan Lindholmen. L\u00e4s mer hur de arbetar med trygghet, h\u00f6ga f\u00f6rv\u00e4ntningar och engagemang i klassrummen.\" \/>\n<meta name=\"robots\" content=\"index, follow, max-snippet:-1, max-image-preview:large, max-video-preview:-1\" \/>\n<link rel=\"canonical\" href=\"https:\/\/noblaskolan.se\/lindholmen\/artikel\/pedagoger\/\" \/>\n<meta property=\"og:locale\" content=\"sv_SE\" \/>\n<meta property=\"og:type\" content=\"article\" \/>\n<meta property=\"og:title\" content=\"L\u00e4r k\u00e4nna v\u00e5ra l\u00e4rare och pedagoger | Noblaskolan Lindholmen\" \/>\n<meta property=\"og:description\" content=\"L\u00e4r k\u00e4nna v\u00e5ra pedagoger p\u00e5 Noblaskolan Lindholmen. L\u00e4s mer hur de arbetar med trygghet, h\u00f6ga f\u00f6rv\u00e4ntningar och engagemang i klassrummen.\" \/>\n<meta property=\"og:url\" content=\"https:\/\/noblaskolan.se\/lindholmen\/artikel\/pedagoger\/\" \/>\n<meta property=\"og:site_name\" content=\"Lindholmen\" \/>\n<meta property=\"article:modified_time\" content=\"2025-12-09T12:02:41+00:00\" \/>\n<meta name=\"twitter:card\" content=\"summary_large_image\" \/>\n<meta name=\"twitter:title\" content=\"L\u00e4r k\u00e4nna v\u00e5ra l\u00e4rare och pedagoger | Noblaskolan Lindholmen\" \/>\n<meta name=\"twitter:description\" content=\"L\u00e4r k\u00e4nna v\u00e5ra pedagoger p\u00e5 Noblaskolan Lindholmen. L\u00e4s mer hur de arbetar med trygghet, h\u00f6ga f\u00f6rv\u00e4ntningar och engagemang i klassrummen.\" \/>\n<meta name=\"twitter:image\" content=\"https:\/\/noblaskolan.se\/wp-content\/uploads\/sites\/35\/2025\/10\/viktor-fioriniello.jpg\" \/>\n<meta name=\"twitter:label1\" content=\"Ber\u00e4knad l\u00e4stid\" \/>\n\t<meta name=\"twitter:data1\" content=\"5 minuter\" \/>\n<script type=\"application\/ld+json\" class=\"yoast-schema-graph\">{\"@context\":\"https:\/\/schema.org\",\"@graph\":[{\"@type\":\"WebPage\",\"@id\":\"https:\/\/noblaskolan.se\/lindholmen\/artikel\/pedagoger\/\",\"url\":\"https:\/\/noblaskolan.se\/lindholmen\/artikel\/pedagoger\/\",\"name\":\"L\u00e4r k\u00e4nna v\u00e5ra l\u00e4rare och pedagoger | Noblaskolan Lindholmen\",\"isPartOf\":{\"@id\":\"https:\/\/noblaskolan.se\/lindholmen\/#website\"},\"datePublished\":\"2025-12-03T15:36:48+00:00\",\"dateModified\":\"2025-12-09T12:02:41+00:00\",\"description\":\"L\u00e4r k\u00e4nna v\u00e5ra pedagoger p\u00e5 Noblaskolan Lindholmen. L\u00e4s mer hur de arbetar med trygghet, h\u00f6ga f\u00f6rv\u00e4ntningar och engagemang i klassrummen.\",\"breadcrumb\":{\"@id\":\"https:\/\/noblaskolan.se\/lindholmen\/artikel\/pedagoger\/#breadcrumb\"},\"inLanguage\":\"sv-SE\",\"potentialAction\":[{\"@type\":\"ReadAction\",\"target\":[\"https:\/\/noblaskolan.se\/lindholmen\/artikel\/pedagoger\/\"]}]},{\"@type\":\"BreadcrumbList\",\"@id\":\"https:\/\/noblaskolan.se\/lindholmen\/artikel\/pedagoger\/#breadcrumb\",\"itemListElement\":[{\"@type\":\"ListItem\",\"position\":1,\"name\":\"Start\",\"item\":\"https:\/\/noblaskolan.se\/lindholmen\"},{\"@type\":\"ListItem\",\"position\":2,\"name\":\"Nyheter\"}]},{\"@type\":\"WebSite\",\"@id\":\"https:\/\/noblaskolan.se\/lindholmen\/#website\",\"url\":\"https:\/\/noblaskolan.se\/lindholmen\/\",\"name\":\"Lindholmen\",\"description\":\"Noblaskolan Boden\",\"potentialAction\":[{\"@type\":\"SearchAction\",\"target\":{\"@type\":\"EntryPoint\",\"urlTemplate\":\"https:\/\/noblaskolan.se\/lindholmen\/?s={search_term_string}\"},\"query-input\":\"required name=search_term_string\"}],\"inLanguage\":\"sv-SE\"}]}<\/script>\n<!-- \/ Yoast SEO plugin. -->","yoast_head_json":{"title":"L\u00e4r k\u00e4nna v\u00e5ra l\u00e4rare och pedagoger | Noblaskolan Lindholmen","description":"L\u00e4r k\u00e4nna v\u00e5ra pedagoger p\u00e5 Noblaskolan Lindholmen. L\u00e4s mer hur de arbetar med trygghet, h\u00f6ga f\u00f6rv\u00e4ntningar och engagemang i klassrummen.","robots":{"index":"index","follow":"follow","max-snippet":"max-snippet:-1","max-image-preview":"max-image-preview:large","max-video-preview":"max-video-preview:-1"},"canonical":"https:\/\/noblaskolan.se\/lindholmen\/artikel\/pedagoger\/","og_locale":"sv_SE","og_type":"article","og_title":"L\u00e4r k\u00e4nna v\u00e5ra l\u00e4rare och pedagoger | Noblaskolan Lindholmen","og_description":"L\u00e4r k\u00e4nna v\u00e5ra pedagoger p\u00e5 Noblaskolan Lindholmen. L\u00e4s mer hur de arbetar med trygghet, h\u00f6ga f\u00f6rv\u00e4ntningar och engagemang i klassrummen.","og_url":"https:\/\/noblaskolan.se\/lindholmen\/artikel\/pedagoger\/","og_site_name":"Lindholmen","article_modified_time":"2025-12-09T12:02:41+00:00","twitter_card":"summary_large_image","twitter_title":"L\u00e4r k\u00e4nna v\u00e5ra l\u00e4rare och pedagoger | Noblaskolan Lindholmen","twitter_description":"L\u00e4r k\u00e4nna v\u00e5ra pedagoger p\u00e5 Noblaskolan Lindholmen. L\u00e4s mer hur de arbetar med trygghet, h\u00f6ga f\u00f6rv\u00e4ntningar och engagemang i klassrummen.","twitter_image":"https:\/\/noblaskolan.se\/wp-content\/uploads\/sites\/35\/2025\/10\/viktor-fioriniello.jpg","twitter_misc":{"Ber\u00e4knad l\u00e4stid":"5 minuter"},"schema":{"@context":"https:\/\/schema.org","@graph":[{"@type":"WebPage","@id":"https:\/\/noblaskolan.se\/lindholmen\/artikel\/pedagoger\/","url":"https:\/\/noblaskolan.se\/lindholmen\/artikel\/pedagoger\/","name":"L\u00e4r k\u00e4nna v\u00e5ra l\u00e4rare och pedagoger | Noblaskolan Lindholmen","isPartOf":{"@id":"https:\/\/noblaskolan.se\/lindholmen\/#website"},"datePublished":"2025-12-03T15:36:48+00:00","dateModified":"2025-12-09T12:02:41+00:00","description":"L\u00e4r k\u00e4nna v\u00e5ra pedagoger p\u00e5 Noblaskolan Lindholmen. L\u00e4s mer hur de arbetar med trygghet, h\u00f6ga f\u00f6rv\u00e4ntningar och engagemang i klassrummen.","breadcrumb":{"@id":"https:\/\/noblaskolan.se\/lindholmen\/artikel\/pedagoger\/#breadcrumb"},"inLanguage":"sv-SE","potentialAction":[{"@type":"ReadAction","target":["https:\/\/noblaskolan.se\/lindholmen\/artikel\/pedagoger\/"]}]},{"@type":"BreadcrumbList","@id":"https:\/\/noblaskolan.se\/lindholmen\/artikel\/pedagoger\/#breadcrumb","itemListElement":[{"@type":"ListItem","position":1,"name":"Start","item":"https:\/\/noblaskolan.se\/lindholmen"},{"@type":"ListItem","position":2,"name":"Nyheter"}]},{"@type":"WebSite","@id":"https:\/\/noblaskolan.se\/lindholmen\/#website","url":"https:\/\/noblaskolan.se\/lindholmen\/","name":"Lindholmen","description":"Noblaskolan Boden","potentialAction":[{"@type":"SearchAction","target":{"@type":"EntryPoint","urlTemplate":"https:\/\/noblaskolan.se\/lindholmen\/?s={search_term_string}"},"query-input":"required name=search_term_string"}],"inLanguage":"sv-SE"}]}},"_links":{"self":[{"href":"https:\/\/noblaskolan.se\/lindholmen\/wp-json\/wp\/v2\/article\/3434"}],"collection":[{"href":"https:\/\/noblaskolan.se\/lindholmen\/wp-json\/wp\/v2\/article"}],"about":[{"href":"https:\/\/noblaskolan.se\/lindholmen\/wp-json\/wp\/v2\/types\/article"}],"wp:attachment":[{"href":"https:\/\/noblaskolan.se\/lindholmen\/wp-json\/wp\/v2\/media?parent=3434"}],"wp:term":[{"taxonomy":"article_category","embeddable":true,"href":"https:\/\/noblaskolan.se\/lindholmen\/wp-json\/wp\/v2\/article_category?post=3434"}],"curies":[{"name":"wp","href":"https:\/\/api.w.org\/{rel}","templated":true}]}}