{"id":2728,"date":"2025-12-03T16:39:21","date_gmt":"2025-12-03T15:39:21","guid":{"rendered":"https:\/\/noblaskolan.se\/lannersta\/?post_type=article&#038;p=2728"},"modified":"2025-12-12T08:25:38","modified_gmt":"2025-12-12T07:25:38","slug":"pedagoger","status":"publish","type":"article","link":"https:\/\/noblaskolan.se\/lannersta\/artikel\/pedagoger\/","title":{"rendered":"pedagoger"},"content":{"rendered":"\n<div class=\"wp-block-group is-layout-constrained wp-block-group-is-layout-constrained\">\n<h1 class=\"wp-block-heading\">L\u00e4r k\u00e4nna v\u00e5ra pedagoger<\/h1>\n\n\n\n<p   class=\"site__ingress container text-left  site__text-color--dark  site__free_text--ingress p-0\">\n\tL\u00e4r k\u00e4nna v\u00e5ra pedagoger och l\u00e4rare lite b\u00e4ttre! H\u00e4r f\u00e5r du veta mer om deras drivkrafter och hur de arbetar f\u00f6r att g\u00f6ra undervisningen intressant och utmanande.<\/p>\n\n\n\n\n\n<h2 class=\"wp-block-heading\"><em>Frida \u00c5strand<\/em> \u2013 Pedagog p\u00e5 f\u00f6rskolan<\/h2>\n\n\n\n<h3 class=\"wp-block-heading\">Hur jobbar ni med att skapa trygghet och struktur i f\u00f6rskolan?<\/h3>\n\n\n\n<p>Genom att ha en veckostruktur med tydliga rutiner, d\u00e5 barnen f\u00e5r en medvetenhet om vad som ska h\u00e4nda. Varje dag har vi en gemensam morgonsamling d\u00e4r vi tydligt kommunicerar om vad som ska h\u00e4nda och varf\u00f6r. V\u00e5ra fysiska l\u00e4rmilj\u00f6er \u00e4r uppdelade i tydliga zoner och inbjudande till olika aktiviteter. Att materialet \u00e4r l\u00e4ttillg\u00e4ngligt och v\u00e4lordnat, d\u00e4r barnen f\u00e5r m\u00f6jlighet att vara delaktiga med och p\u00e5verka och uttrycka sina \u00e5sikter \u00e4r viktigt. Vi l\u00e4gger ner mycket tid p\u00e5 att skapa starka relationer med barnen. Jag \u00e4r n\u00e4rvarande, intresserad av deras tankar och id\u00e9er samt visar att jag finns h\u00e4r och bryr mig om dem.<\/p>\n\n\n\n<h3 class=\"wp-block-heading\">Vad \u00e4r det b\u00e4sta med att jobba inom f\u00f6rskolan p\u00e5 Noblaskolan?<\/h3>\n\n\n\n<p>Att f\u00e5 vara en del av barnens utveckling och l\u00e4rande. Att man som pedagog verkligen f\u00e5r det bekr\u00e4ftat n\u00e4r man h\u00f6r barnen anamma kunskap och begrepp i leken som vi verkligen arbetar med i v\u00e5r pedagogstyrda undervisning.<\/p>\n\n\n\n<h3 class=\"wp-block-heading\">Hur jobbar du med Noblakoden i din undervisning?<\/h3>\n\n\n\n<p>Att se varje enskild individ utifr\u00e5n dina behov och f\u00f6ruts\u00e4ttningar. Detta g\u00f6r jag genom att skapa mindre projekt och arbetsgrupper f\u00f6r att l\u00e5ta varje barn f\u00e5 m\u00f6jlighet att g\u00f6ra sin r\u00f6st h\u00f6rd, samt vikten av att bli lyssnad p\u00e5. Vi p\u00e5 Noblaskolan L\u00e4nnersta f\u00f6rskola har ett v\u00e4rdegrundsarbete som genomsyrar verksamheten, med pedagogstyrd undervisning varje m\u00e5ndag. D\u00e4r f\u00e5r barnen m\u00f6jlighet till delaktighet och f\u00e5r g\u00f6ra sin r\u00f6st h\u00f6rd i samtal som r\u00f6r f\u00f6rh\u00e5llningss\u00e4tt, trygghet och milj\u00f6. Detta f\u00f6r att st\u00e4rka varje individ att bli egna samh\u00e4llsmedborgare.<\/p>\n\n\n\n\t<style>\n\t\t.inner {\n\n\t\t\tmargin: 0 auto;\n\n\n\t\t}\n\t<\/style>\n\t<div\n\t\t class=\"container images-module\" >\n\t\t<div class=\"row images_module__slideshow\">\n\n\t\t\t<div\n\t\t\t\t\tclass=\"col-md-12 p-0 position-relative images_module__slideshow images_module__slideshow-container  \">\n\t\t\t\t<div class=\"images_module__slide\" data-slide=\"\"\n\t\t\t\t\t data-duration=\"\"><\/div>\n\t\t\t\t\t\t\t\t\t<div\n\t\t\t\t\t\t class=\"images_module__slides\n\n\t\t\t\t\t   \"\n\t\t\t\t\t>\n\n\t\t\t\t\t\t<div class=\"images__wrapper\" style=\"aspect-ratio: 851 \/ 851;\">\n\t\t\t\t\t\t\t<img decoding=\"async\" width=\"375\" height=\"509\" src=\"https:\/\/noblaskolan.se\/wp-content\/uploads\/sites\/22\/2025\/10\/img0152.jpg\" class=\"images__image_ratio  \" alt=\"Personportr\u00e4tt.\" style=\"aspect-ratio: 851 \/ 851;object-position: center center;\" srcset=\"https:\/\/noblaskolan.se\/wp-content\/uploads\/sites\/22\/2025\/10\/img0152.jpg 375w, https:\/\/noblaskolan.se\/wp-content\/uploads\/sites\/22\/2025\/10\/img0152-300x407.jpg 300w\" sizes=\"(max-width: 375px) 100vw, 375px\" \/>\t\t\t\t\t\t<\/div>\n\t\t\t\t\t\t\n\n\t\t\t\t\t\t\t\t\t\t\t<\/div>\n\t\t\t\t\n\t\t\t\t<div class=\"images_module__container_dot\">\n\t\t\t\t\t<div style=\"text-align:center\">\n\n\n\t\t\t\t\t\t\t\t\t\t\t\t\t<span   data-i=\"0\"\n\t\t\t\t\t\t\t\t  class=\"\n\t\t\t\t\t\t\timages_module__dot\n\t\t\t\t\t\t\t\t\t\t\t\t\t\t\"\n\t\t\t\t\t\t\t><\/span>\n\t\t\t\t\t\t\t\t\t\t\t<\/div>\n\t\t\t\t<\/div>\n\n\n\t\t\t<\/div>\n\t\t<\/div>\n\t<\/div>\n\n\t\n\n\n<script>\n\tvar images_display_descriptive_text = \"\";\n<\/script>\n\n\n\n<h2 class=\"wp-block-heading\"><em>Ebba Ernow<\/em> \u2013 L\u00e4rare p\u00e5 mellanstadiet<\/h2>\n\n\n\n<h3 class=\"wp-block-heading\">Vad \u00e4r mest givande med att undervisa i mellanstadiet, och vad \u00f6nskar du att varje elev tar med sig fr\u00e5n dina lektioner?<\/h3>\n\n\n\n<p>Jag tycker att det \u00e4r en rolig \u00e5lder f\u00f6r att de flesta fortfarande tycker det \u00e4r roligt att l\u00e4ra sig saker. Samtidigt \u00e4r det en sp\u00e4nnande \u00e5lder att f\u00f6lja med i deras sociala utveckling. Mycket h\u00e4nder d\u00e4r jag som l\u00e4rare f\u00e5r vara med och st\u00f6tta och p\u00e5verka.<\/p>\n\n\n\n<h3 class=\"wp-block-heading\">Vad tror du dina elever tycker b\u00e4st om med dina lektioner?<\/h3>\n\n\n\n<p>Jag hoppas de k\u00e4nner att de l\u00e4r sig mycket under mina lektioner. Samtidigt vill jag att alla ska m\u00e5 bra i mitt klassrum och k\u00e4nna att de accepteras och m\u00f6ts f\u00f6r den de \u00e4r.<\/p>\n\n\n\n<h3 class=\"wp-block-heading\">Vad betyder akademisk ambition f\u00f6r dig som l\u00e4rare?<\/h3>\n\n\n\n<p>Det inneb\u00e4r att lektionerna \u00e4r till f\u00f6r l\u00e4rande. Jag vill att de ska vilja lyckas, samt v\u00e4xa kunskapsm\u00e4ssigt.<\/p>\n\n\n\n\t<style>\n\t\t.inner {\n\n\t\t\tmargin: 0 auto;\n\n\n\t\t}\n\t<\/style>\n\t<div\n\t\t class=\"container images-module\" >\n\t\t<div class=\"row images_module__slideshow\">\n\n\t\t\t<div\n\t\t\t\t\tclass=\"col-md-12 p-0 position-relative images_module__slideshow images_module__slideshow-container  \">\n\t\t\t\t<div class=\"images_module__slide\" data-slide=\"\"\n\t\t\t\t\t data-duration=\"\"><\/div>\n\t\t\t\t\t\t\t\t\t<div\n\t\t\t\t\t\t class=\"images_module__slides\n\n\t\t\t\t\t   \"\n\t\t\t\t\t>\n\n\t\t\t\t\t\t<div class=\"images__wrapper\" style=\"aspect-ratio: 851 \/ 851;\">\n\t\t\t\t\t\t\t<img decoding=\"async\" width=\"480\" height=\"505\" src=\"https:\/\/noblaskolan.se\/wp-content\/uploads\/sites\/22\/2025\/10\/img0151.jpg\" class=\"images__image_ratio  \" alt=\"Personportr\u00e4tt.\" style=\"aspect-ratio: 851 \/ 851;object-position: center center;\" srcset=\"https:\/\/noblaskolan.se\/wp-content\/uploads\/sites\/22\/2025\/10\/img0151.jpg 480w, https:\/\/noblaskolan.se\/wp-content\/uploads\/sites\/22\/2025\/10\/img0151-300x316.jpg 300w, https:\/\/noblaskolan.se\/wp-content\/uploads\/sites\/22\/2025\/10\/img0151-400x421.jpg 400w\" sizes=\"(max-width: 480px) 100vw, 480px\" \/>\t\t\t\t\t\t<\/div>\n\t\t\t\t\t\t\n\n\t\t\t\t\t\t\t\t\t\t\t<\/div>\n\t\t\t\t\n\t\t\t\t<div class=\"images_module__container_dot\">\n\t\t\t\t\t<div style=\"text-align:center\">\n\n\n\t\t\t\t\t\t\t\t\t\t\t\t\t<span   data-i=\"0\"\n\t\t\t\t\t\t\t\t  class=\"\n\t\t\t\t\t\t\timages_module__dot\n\t\t\t\t\t\t\t\t\t\t\t\t\t\t\"\n\t\t\t\t\t\t\t><\/span>\n\t\t\t\t\t\t\t\t\t\t\t<\/div>\n\t\t\t\t<\/div>\n\n\n\t\t\t<\/div>\n\t\t<\/div>\n\t<\/div>\n\n\t\n\n\n<script>\n\tvar images_display_descriptive_text = \"\";\n<\/script>\n<\/div>\n","protected":false},"template":"","article_category":[14,10],"yoast_head":"<!-- This site is optimized with the Yoast SEO plugin v22.0 - https:\/\/yoast.com\/wordpress\/plugins\/seo\/ -->\n<title>L\u00e4r k\u00e4nna v\u00e5ra l\u00e4rare och pedagoger | Noblaskolan L\u00e4nnersta<\/title>\n<meta name=\"description\" content=\"L\u00e4r k\u00e4nna v\u00e5ra pedagoger p\u00e5 Noblaskolan L\u00e4nnersta. L\u00e4s mer hur de arbetar med trygghet, h\u00f6ga f\u00f6rv\u00e4ntningar och engagemang i klassrummen.\" \/>\n<meta name=\"robots\" content=\"index, follow, max-snippet:-1, max-image-preview:large, max-video-preview:-1\" \/>\n<link rel=\"canonical\" href=\"https:\/\/noblaskolan.se\/lannersta\/artikel\/pedagoger\/\" \/>\n<meta property=\"og:locale\" content=\"sv_SE\" \/>\n<meta property=\"og:type\" content=\"article\" \/>\n<meta property=\"og:title\" content=\"L\u00e4r k\u00e4nna v\u00e5ra l\u00e4rare och pedagoger | Noblaskolan L\u00e4nnersta\" \/>\n<meta property=\"og:description\" content=\"L\u00e4r k\u00e4nna v\u00e5ra pedagoger p\u00e5 Noblaskolan L\u00e4nnersta. L\u00e4s mer hur de arbetar med trygghet, h\u00f6ga f\u00f6rv\u00e4ntningar och engagemang i klassrummen.\" \/>\n<meta property=\"og:url\" content=\"https:\/\/noblaskolan.se\/lannersta\/artikel\/pedagoger\/\" \/>\n<meta property=\"og:site_name\" content=\"L\u00e4nnersta\" \/>\n<meta property=\"article:modified_time\" content=\"2025-12-12T07:25:38+00:00\" \/>\n<meta name=\"twitter:card\" content=\"summary_large_image\" \/>\n<meta name=\"twitter:title\" content=\"L\u00e4r k\u00e4nna v\u00e5ra l\u00e4rare och pedagoger | Noblaskolan L\u00e4nnersta\" \/>\n<meta name=\"twitter:description\" content=\"L\u00e4r k\u00e4nna v\u00e5ra pedagoger p\u00e5 Noblaskolan L\u00e4nnersta. L\u00e4s mer hur de arbetar med trygghet, h\u00f6ga f\u00f6rv\u00e4ntningar och engagemang i klassrummen.\" \/>\n<meta name=\"twitter:image\" content=\"https:\/\/noblaskolan.se\/wp-content\/uploads\/sites\/22\/2025\/10\/img0152.jpg\" \/>\n<meta name=\"twitter:label1\" content=\"Ber\u00e4knad l\u00e4stid\" \/>\n\t<meta name=\"twitter:data1\" content=\"3 minuter\" \/>\n<script type=\"application\/ld+json\" class=\"yoast-schema-graph\">{\"@context\":\"https:\/\/schema.org\",\"@graph\":[{\"@type\":\"WebPage\",\"@id\":\"https:\/\/noblaskolan.se\/lannersta\/artikel\/pedagoger\/\",\"url\":\"https:\/\/noblaskolan.se\/lannersta\/artikel\/pedagoger\/\",\"name\":\"L\u00e4r k\u00e4nna v\u00e5ra l\u00e4rare och pedagoger | Noblaskolan L\u00e4nnersta\",\"isPartOf\":{\"@id\":\"https:\/\/noblaskolan.se\/lannersta\/#website\"},\"datePublished\":\"2025-12-03T15:39:21+00:00\",\"dateModified\":\"2025-12-12T07:25:38+00:00\",\"description\":\"L\u00e4r k\u00e4nna v\u00e5ra pedagoger p\u00e5 Noblaskolan L\u00e4nnersta. L\u00e4s mer hur de arbetar med trygghet, h\u00f6ga f\u00f6rv\u00e4ntningar och engagemang i klassrummen.\",\"breadcrumb\":{\"@id\":\"https:\/\/noblaskolan.se\/lannersta\/artikel\/pedagoger\/#breadcrumb\"},\"inLanguage\":\"sv-SE\",\"potentialAction\":[{\"@type\":\"ReadAction\",\"target\":[\"https:\/\/noblaskolan.se\/lannersta\/artikel\/pedagoger\/\"]}]},{\"@type\":\"BreadcrumbList\",\"@id\":\"https:\/\/noblaskolan.se\/lannersta\/artikel\/pedagoger\/#breadcrumb\",\"itemListElement\":[{\"@type\":\"ListItem\",\"position\":1,\"name\":\"Start\",\"item\":\"https:\/\/noblaskolan.se\/lannersta\"},{\"@type\":\"ListItem\",\"position\":2,\"name\":\"Nyheter\"}]},{\"@type\":\"WebSite\",\"@id\":\"https:\/\/noblaskolan.se\/lannersta\/#website\",\"url\":\"https:\/\/noblaskolan.se\/lannersta\/\",\"name\":\"L\u00e4nnersta\",\"description\":\"Noblaskolan L\u00e4nnersta\",\"potentialAction\":[{\"@type\":\"SearchAction\",\"target\":{\"@type\":\"EntryPoint\",\"urlTemplate\":\"https:\/\/noblaskolan.se\/lannersta\/?s={search_term_string}\"},\"query-input\":\"required name=search_term_string\"}],\"inLanguage\":\"sv-SE\"}]}<\/script>\n<!-- \/ Yoast SEO plugin. -->","yoast_head_json":{"title":"L\u00e4r k\u00e4nna v\u00e5ra l\u00e4rare och pedagoger | Noblaskolan L\u00e4nnersta","description":"L\u00e4r k\u00e4nna v\u00e5ra pedagoger p\u00e5 Noblaskolan L\u00e4nnersta. L\u00e4s mer hur de arbetar med trygghet, h\u00f6ga f\u00f6rv\u00e4ntningar och engagemang i klassrummen.","robots":{"index":"index","follow":"follow","max-snippet":"max-snippet:-1","max-image-preview":"max-image-preview:large","max-video-preview":"max-video-preview:-1"},"canonical":"https:\/\/noblaskolan.se\/lannersta\/artikel\/pedagoger\/","og_locale":"sv_SE","og_type":"article","og_title":"L\u00e4r k\u00e4nna v\u00e5ra l\u00e4rare och pedagoger | Noblaskolan L\u00e4nnersta","og_description":"L\u00e4r k\u00e4nna v\u00e5ra pedagoger p\u00e5 Noblaskolan L\u00e4nnersta. L\u00e4s mer hur de arbetar med trygghet, h\u00f6ga f\u00f6rv\u00e4ntningar och engagemang i klassrummen.","og_url":"https:\/\/noblaskolan.se\/lannersta\/artikel\/pedagoger\/","og_site_name":"L\u00e4nnersta","article_modified_time":"2025-12-12T07:25:38+00:00","twitter_card":"summary_large_image","twitter_title":"L\u00e4r k\u00e4nna v\u00e5ra l\u00e4rare och pedagoger | Noblaskolan L\u00e4nnersta","twitter_description":"L\u00e4r k\u00e4nna v\u00e5ra pedagoger p\u00e5 Noblaskolan L\u00e4nnersta. L\u00e4s mer hur de arbetar med trygghet, h\u00f6ga f\u00f6rv\u00e4ntningar och engagemang i klassrummen.","twitter_image":"https:\/\/noblaskolan.se\/wp-content\/uploads\/sites\/22\/2025\/10\/img0152.jpg","twitter_misc":{"Ber\u00e4knad l\u00e4stid":"3 minuter"},"schema":{"@context":"https:\/\/schema.org","@graph":[{"@type":"WebPage","@id":"https:\/\/noblaskolan.se\/lannersta\/artikel\/pedagoger\/","url":"https:\/\/noblaskolan.se\/lannersta\/artikel\/pedagoger\/","name":"L\u00e4r k\u00e4nna v\u00e5ra l\u00e4rare och pedagoger | Noblaskolan L\u00e4nnersta","isPartOf":{"@id":"https:\/\/noblaskolan.se\/lannersta\/#website"},"datePublished":"2025-12-03T15:39:21+00:00","dateModified":"2025-12-12T07:25:38+00:00","description":"L\u00e4r k\u00e4nna v\u00e5ra pedagoger p\u00e5 Noblaskolan L\u00e4nnersta. L\u00e4s mer hur de arbetar med trygghet, h\u00f6ga f\u00f6rv\u00e4ntningar och engagemang i klassrummen.","breadcrumb":{"@id":"https:\/\/noblaskolan.se\/lannersta\/artikel\/pedagoger\/#breadcrumb"},"inLanguage":"sv-SE","potentialAction":[{"@type":"ReadAction","target":["https:\/\/noblaskolan.se\/lannersta\/artikel\/pedagoger\/"]}]},{"@type":"BreadcrumbList","@id":"https:\/\/noblaskolan.se\/lannersta\/artikel\/pedagoger\/#breadcrumb","itemListElement":[{"@type":"ListItem","position":1,"name":"Start","item":"https:\/\/noblaskolan.se\/lannersta"},{"@type":"ListItem","position":2,"name":"Nyheter"}]},{"@type":"WebSite","@id":"https:\/\/noblaskolan.se\/lannersta\/#website","url":"https:\/\/noblaskolan.se\/lannersta\/","name":"L\u00e4nnersta","description":"Noblaskolan L\u00e4nnersta","potentialAction":[{"@type":"SearchAction","target":{"@type":"EntryPoint","urlTemplate":"https:\/\/noblaskolan.se\/lannersta\/?s={search_term_string}"},"query-input":"required name=search_term_string"}],"inLanguage":"sv-SE"}]}},"_links":{"self":[{"href":"https:\/\/noblaskolan.se\/lannersta\/wp-json\/wp\/v2\/article\/2728"}],"collection":[{"href":"https:\/\/noblaskolan.se\/lannersta\/wp-json\/wp\/v2\/article"}],"about":[{"href":"https:\/\/noblaskolan.se\/lannersta\/wp-json\/wp\/v2\/types\/article"}],"wp:attachment":[{"href":"https:\/\/noblaskolan.se\/lannersta\/wp-json\/wp\/v2\/media?parent=2728"}],"wp:term":[{"taxonomy":"article_category","embeddable":true,"href":"https:\/\/noblaskolan.se\/lannersta\/wp-json\/wp\/v2\/article_category?post=2728"}],"curies":[{"name":"wp","href":"https:\/\/api.w.org\/{rel}","templated":true}]}}