{"id":3381,"date":"2025-12-03T16:35:24","date_gmt":"2025-12-03T15:35:24","guid":{"rendered":"https:\/\/noblaskolan.se\/kviberg\/?post_type=article&#038;p=3381"},"modified":"2025-12-03T16:35:25","modified_gmt":"2025-12-03T15:35:25","slug":"pedagoger","status":"publish","type":"article","link":"https:\/\/noblaskolan.se\/kviberg\/artikel\/pedagoger\/","title":{"rendered":"Pedagoger"},"content":{"rendered":"\n<div class=\"wp-block-group is-layout-constrained wp-block-group-is-layout-constrained\">\n<h1 class=\"wp-block-heading\">L\u00e4r k\u00e4nna v\u00e5ra pedagoger<\/h1>\n\n\n\n<p   class=\"site__ingress container text-left  site__text-color--dark  site__free_text--ingress p-0\">\n\tL\u00e4r k\u00e4nna v\u00e5ra pedagoger och l\u00e4rare lite b\u00e4ttre! H\u00e4r f\u00e5r du veta mer om deras drivkrafter och hur de arbetar f\u00f6r att g\u00f6ra undervisningen intressant och utmanande.<\/p>\n\n\n\n\n\n<h2 class=\"wp-block-heading\"><em>Desir\u00e9e Allvin<\/em> &#8211; L\u00e4rare p\u00e5 h\u00f6gstadiet, Sv &amp; Eng<\/h2>\n\n\n\n<h3 class=\"wp-block-heading\">Hur arbetar du med h\u00f6ga f\u00f6rv\u00e4ntningar utan att skapa stress f\u00f6r eleverna?<\/h3>\n\n\n\n<p>Rent praktiskt jobbar jag mycket med studiestrategier och att de med hj\u00e4lp av sin kalender distribuerar sitt l\u00e4rande f\u00f6r maximal effekt. Kontroll \u00f6ver tillvaron \u00e4r viktigt f\u00f6r stressreducering och eleverna \u00f6nskar grupparbete och muntliga \u00f6vningar, d\u00e5 jag fr\u00e5gar\u00a0<em>hur\u00a0<\/em>de helst l\u00e4r sig. Att vilja och v\u00e5ga presentera sj\u00e4lv \u00e4r m\u00e5let i de h\u00f6gre \u00e5rskurserna men p\u00e5 v\u00e4gen dit b\u00e5de roar och utmanar jag eleverna med en uppsj\u00f6 av kreativa retorik\u00f6vningar. Retorik \u00e4r inspr\u00e4ngt i schemat redan fr\u00e5n \u00e5rskurs 6 f\u00f6r att \u00f6ka k\u00e4nslan av trygghet och samh\u00f6righet. Dessutom bidrar \u00f6vningarna till att f\u00f6rst\u00e4rka l\u00e4randet som sker parallellt inom exempelvis skrivning.\u00a0\u00a0<\/p>\n\n\n\n<h3 class=\"wp-block-heading\">Vad \u00e4r det b\u00e4sta med att jobba som h\u00f6gstadiel\u00e4rare?<\/h3>\n\n\n\n<p>Det \u00e4r fint att se n\u00e4r eleverna blir mer sj\u00e4lvst\u00e4ndiga i sitt l\u00e4rande; d\u00e5 de inser att skolan blir mycket roligare n\u00e4r fokus \u00e4r p\u00e5 att hoppa \u00f6ver hindren ist\u00e4llet f\u00f6r att smita f\u00f6rbi dem. \u00d6kad kunskap och l\u00e4sf\u00f6rst\u00e5else \u00f6ppnar f\u00f6nster till andra v\u00e4rldar och det \u00e4r sp\u00e4nnande att handleda id\u00e9rika elever p\u00e5 den resan.\u00a0<\/p>\n\n\n\n<h3 class=\"wp-block-heading\">Vad i v\u00e5r undervisning eller skolkultur \u00e4r du extra stolt \u00f6ver och som fler borde f\u00e5 veta om?<\/h3>\n\n\n\n<p>P\u00e5 Noblaskolan Kviberg g\u00e5r varje \u00e5rskurs p\u00e5 varsitt v\u00e5ningsplan. Det blir en familj\u00e4r st\u00e4mning d\u00e5 eleverna m\u00f6ts av samma l\u00e4rare varje dag i sin korridor. L\u00e4rarna samarbetar arbetslagsvis och f\u00f6ljer eleverna i fyra \u00e5r, vilket skapar fina relationer.&nbsp;<\/p>\n\n\n\n<p>Vi gillar att ha schemabrytande dagar ihop och g\u00e5r p\u00e5 teater, har stadsvandringar, uppt\u00e4cker nya sporter och g\u00f6r andra sp\u00e4nnande aktiviteter ihop. Varje \u00e5r f\u00e5r alla elever v\u00e4lja mellan att \u00e5ka till Isaberg f\u00f6r att \u00e5ka skidor eller stanna i G\u00f6teborg och bowla samt spela racketsport.<\/p>\n\n\n\n\t<style>\n\t\t.inner {\n\n\t\t\tmargin: 0 auto;\n\n\n\t\t}\n\t<\/style>\n\t<div\n\t\t class=\"container images-module\" >\n\t\t<div class=\"row images_module__slideshow\">\n\n\t\t\t<div\n\t\t\t\t\tclass=\"col-md-12 p-0 position-relative images_module__slideshow images_module__slideshow-container  \">\n\t\t\t\t<div class=\"images_module__slide\" data-slide=\"\"\n\t\t\t\t\t data-duration=\"\"><\/div>\n\t\t\t\t\t\t\t\t\t<div\n\t\t\t\t\t\t class=\"images_module__slides\n\n\t\t\t\t\t   \"\n\t\t\t\t\t>\n\n\t\t\t\t\t\t<div class=\"images__wrapper\" style=\"aspect-ratio: 851 \/ 851;\">\n\t\t\t\t\t\t\t<img decoding=\"async\" width=\"1920\" height=\"2560\" src=\"https:\/\/noblaskolan.se\/wp-content\/uploads\/sites\/36\/2025\/10\/desiree-allvin-scaled.jpg\" class=\"images__image_ratio  \" alt=\"\" style=\"aspect-ratio: 851 \/ 851;object-position: center top;\" srcset=\"https:\/\/noblaskolan.se\/wp-content\/uploads\/sites\/36\/2025\/10\/desiree-allvin-scaled.jpg 1920w, https:\/\/noblaskolan.se\/wp-content\/uploads\/sites\/36\/2025\/10\/desiree-allvin-300x400.jpg 300w, https:\/\/noblaskolan.se\/wp-content\/uploads\/sites\/36\/2025\/10\/desiree-allvin-400x533.jpg 400w, https:\/\/noblaskolan.se\/wp-content\/uploads\/sites\/36\/2025\/10\/desiree-allvin-600x800.jpg 600w, https:\/\/noblaskolan.se\/wp-content\/uploads\/sites\/36\/2025\/10\/desiree-allvin-800x1067.jpg 800w, https:\/\/noblaskolan.se\/wp-content\/uploads\/sites\/36\/2025\/10\/desiree-allvin-1024x1365.jpg 1024w, https:\/\/noblaskolan.se\/wp-content\/uploads\/sites\/36\/2025\/10\/desiree-allvin-1200x1600.jpg 1200w\" sizes=\"(max-width: 1920px) 100vw, 1920px\" \/>\t\t\t\t\t\t<\/div>\n\t\t\t\t\t\t\n\n\t\t\t\t\t\t\t\t\t\t\t<\/div>\n\t\t\t\t\n\t\t\t\t<div class=\"images_module__container_dot\">\n\t\t\t\t\t<div style=\"text-align:center\">\n\n\n\t\t\t\t\t\t\t\t\t\t\t\t\t<span   data-i=\"0\"\n\t\t\t\t\t\t\t\t  class=\"\n\t\t\t\t\t\t\timages_module__dot\n\t\t\t\t\t\t\t\t\t\t\t\t\t\t\"\n\t\t\t\t\t\t\t><\/span>\n\t\t\t\t\t\t\t\t\t\t\t<\/div>\n\t\t\t\t<\/div>\n\n\n\t\t\t<\/div>\n\t\t<\/div>\n\t<\/div>\n\n\t\n\n\n<script>\n\tvar images_display_descriptive_text = \"\";\n<\/script>\n\n\n\n<h2 class=\"wp-block-heading\"><em>Jonas B\u00e4cklund<\/em> \u2013 H\u00f6gstadiel\u00e4rare, SO<\/h2>\n\n\n\n<h3 class=\"wp-block-heading\">Hur arbetar du med h\u00f6ga f\u00f6rv\u00e4ntningar utan att skapa stress f\u00f6r eleverna?<\/h3>\n\n\n\n<p>Jag arbetar med h\u00f6ga f\u00f6rv\u00e4ntningar genom att vara n\u00e4rvarande, tydlig och skapa en trygg st\u00e4mning d\u00e4r eleverna v\u00e5gar f\u00f6rs\u00f6ka. N\u00e4r eleverna k\u00e4nner sig trygga vet de att det \u00e4r okej att g\u00f6ra misstag \u2013 det \u00e4r ju en del av l\u00e4randet. Jag f\u00f6rs\u00f6ker alltid finnas n\u00e4ra och visa att jag tror p\u00e5 deras f\u00f6rm\u00e5ga, \u00e4ven n\u00e4r n\u00e5got k\u00e4nns sv\u00e5rt.<\/p>\n\n\n\n<h3 class=\"wp-block-heading\">Vad \u00e4r det b\u00e4sta med att vara h\u00f6gstadiel\u00e4rare?<\/h3>\n\n\n\n<p>Att f\u00e5 f\u00f6lja elevernas utveckling, b\u00e5de i \u00e4mnena och som m\u00e4nniskor, \u00e4r n\u00e5got av det mest meningsfulla i mitt arbete. Att se dem lyckas, v\u00e4xa och pl\u00f6tsligt f\u00f6rst\u00e5 n\u00e5got de tidigare k\u00e4mpat med ger en enorm gl\u00e4dje och stolthet. Det \u00e4r i de \u00f6gonblicken man verkligen ser kraften i l\u00e4rande och relationer.<\/p>\n\n\n\n<h3 class=\"wp-block-heading\">Hur brukar du skapa engagemang i klassrummet n\u00e4r eleverna tycker att ett \u00e4mne \u00e4r sv\u00e5rt eller tr\u00e5kigt?<\/h3>\n\n\n\n<p>Alla l\u00e4r p\u00e5 olika s\u00e4tt, och det \u00e4r n\u00e5got jag verkligen f\u00f6rs\u00f6ker ta tillvara p\u00e5 i undervisningen. D\u00e4rf\u00f6r delar jag g\u00e4rna upp lektionerna i olika moment \u2013 f\u00f6r att skapa variation och ge varje elev chansen att hitta sitt s\u00e4tt att f\u00f6rst\u00e5 och ta till sig inneh\u00e5llet. Jag anv\u00e4nder ofta kooperativa \u00f6vningar d\u00e4r eleverna f\u00e5r samarbeta och l\u00e4ra av varandra. Det skapar inte bara en b\u00e4ttre f\u00f6rst\u00e5else, utan ocks\u00e5 en positiv st\u00e4mning i klassrummet \u2013 de har kul samtidigt som de l\u00e4r.<\/p>\n\n\n\n\t<style>\n\t\t.inner {\n\n\t\t\tmargin: 0 auto;\n\n\n\t\t}\n\t<\/style>\n\t<div\n\t\t class=\"container images-module\" >\n\t\t<div class=\"row images_module__slideshow\">\n\n\t\t\t<div\n\t\t\t\t\tclass=\"col-md-12 p-0 position-relative images_module__slideshow images_module__slideshow-container  \">\n\t\t\t\t<div class=\"images_module__slide\" data-slide=\"\"\n\t\t\t\t\t data-duration=\"\"><\/div>\n\t\t\t\t\t\t\t\t\t<div\n\t\t\t\t\t\t class=\"images_module__slides\n\n\t\t\t\t\t   \"\n\t\t\t\t\t>\n\n\t\t\t\t\t\t<div class=\"images__wrapper\" style=\"aspect-ratio: 851 \/ 851;\">\n\t\t\t\t\t\t\t<img decoding=\"async\" width=\"1122\" height=\"1290\" src=\"https:\/\/noblaskolan.se\/wp-content\/uploads\/sites\/36\/2025\/10\/jonas-backlund.jpg\" class=\"images__image_ratio  \" alt=\"\" style=\"aspect-ratio: 851 \/ 851;object-position: center top;\" srcset=\"https:\/\/noblaskolan.se\/wp-content\/uploads\/sites\/36\/2025\/10\/jonas-backlund.jpg 1122w, https:\/\/noblaskolan.se\/wp-content\/uploads\/sites\/36\/2025\/10\/jonas-backlund-300x345.jpg 300w, https:\/\/noblaskolan.se\/wp-content\/uploads\/sites\/36\/2025\/10\/jonas-backlund-400x460.jpg 400w, https:\/\/noblaskolan.se\/wp-content\/uploads\/sites\/36\/2025\/10\/jonas-backlund-600x690.jpg 600w, https:\/\/noblaskolan.se\/wp-content\/uploads\/sites\/36\/2025\/10\/jonas-backlund-800x920.jpg 800w, https:\/\/noblaskolan.se\/wp-content\/uploads\/sites\/36\/2025\/10\/jonas-backlund-1024x1177.jpg 1024w\" sizes=\"(max-width: 1122px) 100vw, 1122px\" \/>\t\t\t\t\t\t<\/div>\n\t\t\t\t\t\t\n\n\t\t\t\t\t\t\t\t\t\t\t<\/div>\n\t\t\t\t\t\t\t\t\t<div\n\t\t\t\t\t\t class=\"images_module__slides\n\n\t\t\t\t\t   \"\n\t\t\t\t\t>\n\n\t\t\t\t\t\t<div class=\"images__wrapper\" style=\"aspect-ratio: 851 \/ 851;\">\n\t\t\t\t\t\t\t\t\t\t\t\t\t<\/div>\n\t\t\t\t\t\t\n\n\t\t\t\t\t\t\t\t\t\t\t<\/div>\n\t\t\t\t\n\t\t\t\t<div class=\"images_module__container_dot\">\n\t\t\t\t\t<div style=\"text-align:center\">\n\n\n\t\t\t\t\t\t\t\t\t\t\t\t\t<span   data-i=\"0\"\n\t\t\t\t\t\t\t\t  class=\"\n\t\t\t\t\t\t\timages_module__dot\n\t\t\t\t\t\t\timages_module__dot_style\t\t\t\t\t\t\t\"\n\t\t\t\t\t\t\t><\/span>\n\t\t\t\t\t\t\t\t\t\t\t\t\t<span   data-i=\"1\"\n\t\t\t\t\t\t\t\t  class=\"\n\t\t\t\t\t\t\timages_module__dot\n\t\t\t\t\t\t\timages_module__dot_style\t\t\t\t\t\t\t\"\n\t\t\t\t\t\t\t><\/span>\n\t\t\t\t\t\t\t\t\t\t\t<\/div>\n\t\t\t\t<\/div>\n\n\n\t\t\t<\/div>\n\t\t<\/div>\n\t<\/div>\n\n\t\n\n\n<script>\n\tvar images_display_descriptive_text = \"\";\n<\/script>\n<\/div>\n","protected":false},"template":"","article_category":[14,10],"yoast_head":"<!-- This site is optimized with the Yoast SEO plugin v22.0 - https:\/\/yoast.com\/wordpress\/plugins\/seo\/ -->\n<title>L\u00e4r k\u00e4nna v\u00e5ra l\u00e4rare och pedagoger | Noblaskolan Kviberg<\/title>\n<meta name=\"description\" content=\"L\u00e4r k\u00e4nna v\u00e5ra pedagoger p\u00e5 Noblaskolan Kviberg. L\u00e4s mer hur de arbetar med trygghet, h\u00f6ga f\u00f6rv\u00e4ntningar och engagemang i klassrummen.\" \/>\n<meta name=\"robots\" content=\"index, follow, max-snippet:-1, max-image-preview:large, max-video-preview:-1\" \/>\n<link rel=\"canonical\" href=\"https:\/\/noblaskolan.se\/kviberg\/artikel\/pedagoger\/\" \/>\n<meta property=\"og:locale\" content=\"sv_SE\" \/>\n<meta property=\"og:type\" content=\"article\" \/>\n<meta property=\"og:title\" content=\"L\u00e4r k\u00e4nna v\u00e5ra l\u00e4rare och pedagoger | Noblaskolan Kviberg\" \/>\n<meta property=\"og:description\" content=\"L\u00e4r k\u00e4nna v\u00e5ra pedagoger p\u00e5 Noblaskolan Kviberg. L\u00e4s mer hur de arbetar med trygghet, h\u00f6ga f\u00f6rv\u00e4ntningar och engagemang i klassrummen.\" \/>\n<meta property=\"og:url\" content=\"https:\/\/noblaskolan.se\/kviberg\/artikel\/pedagoger\/\" \/>\n<meta property=\"og:site_name\" content=\"Kviberg\" \/>\n<meta property=\"article:modified_time\" content=\"2025-12-03T15:35:25+00:00\" \/>\n<meta name=\"twitter:card\" content=\"summary_large_image\" \/>\n<meta name=\"twitter:title\" content=\"L\u00e4r k\u00e4nna v\u00e5ra l\u00e4rare och pedagoger | Noblaskolan Kviberg\" \/>\n<meta name=\"twitter:description\" content=\"L\u00e4r k\u00e4nna v\u00e5ra pedagoger p\u00e5 Noblaskolan Kviberg. L\u00e4s mer hur de arbetar med trygghet, h\u00f6ga f\u00f6rv\u00e4ntningar och engagemang i klassrummen.\" \/>\n<meta name=\"twitter:image\" content=\"https:\/\/noblaskolan.se\/wp-content\/uploads\/sites\/36\/2025\/10\/desiree-allvin-1200x630.jpg\" \/>\n<meta name=\"twitter:label1\" content=\"Ber\u00e4knad l\u00e4stid\" \/>\n\t<meta name=\"twitter:data1\" content=\"4 minuter\" \/>\n<script type=\"application\/ld+json\" class=\"yoast-schema-graph\">{\"@context\":\"https:\/\/schema.org\",\"@graph\":[{\"@type\":\"WebPage\",\"@id\":\"https:\/\/noblaskolan.se\/kviberg\/artikel\/pedagoger\/\",\"url\":\"https:\/\/noblaskolan.se\/kviberg\/artikel\/pedagoger\/\",\"name\":\"L\u00e4r k\u00e4nna v\u00e5ra l\u00e4rare och pedagoger | Noblaskolan Kviberg\",\"isPartOf\":{\"@id\":\"https:\/\/noblaskolan.se\/kviberg\/#website\"},\"datePublished\":\"2025-12-03T15:35:24+00:00\",\"dateModified\":\"2025-12-03T15:35:25+00:00\",\"description\":\"L\u00e4r k\u00e4nna v\u00e5ra pedagoger p\u00e5 Noblaskolan Kviberg. L\u00e4s mer hur de arbetar med trygghet, h\u00f6ga f\u00f6rv\u00e4ntningar och engagemang i klassrummen.\",\"breadcrumb\":{\"@id\":\"https:\/\/noblaskolan.se\/kviberg\/artikel\/pedagoger\/#breadcrumb\"},\"inLanguage\":\"sv-SE\",\"potentialAction\":[{\"@type\":\"ReadAction\",\"target\":[\"https:\/\/noblaskolan.se\/kviberg\/artikel\/pedagoger\/\"]}]},{\"@type\":\"BreadcrumbList\",\"@id\":\"https:\/\/noblaskolan.se\/kviberg\/artikel\/pedagoger\/#breadcrumb\",\"itemListElement\":[{\"@type\":\"ListItem\",\"position\":1,\"name\":\"Start\",\"item\":\"https:\/\/noblaskolan.se\/kviberg\"},{\"@type\":\"ListItem\",\"position\":2,\"name\":\"Nyheter\"}]},{\"@type\":\"WebSite\",\"@id\":\"https:\/\/noblaskolan.se\/kviberg\/#website\",\"url\":\"https:\/\/noblaskolan.se\/kviberg\/\",\"name\":\"Kviberg\",\"description\":\"Noblaskolan Boden\",\"potentialAction\":[{\"@type\":\"SearchAction\",\"target\":{\"@type\":\"EntryPoint\",\"urlTemplate\":\"https:\/\/noblaskolan.se\/kviberg\/?s={search_term_string}\"},\"query-input\":\"required name=search_term_string\"}],\"inLanguage\":\"sv-SE\"}]}<\/script>\n<!-- \/ Yoast SEO plugin. -->","yoast_head_json":{"title":"L\u00e4r k\u00e4nna v\u00e5ra l\u00e4rare och pedagoger | Noblaskolan Kviberg","description":"L\u00e4r k\u00e4nna v\u00e5ra pedagoger p\u00e5 Noblaskolan Kviberg. L\u00e4s mer hur de arbetar med trygghet, h\u00f6ga f\u00f6rv\u00e4ntningar och engagemang i klassrummen.","robots":{"index":"index","follow":"follow","max-snippet":"max-snippet:-1","max-image-preview":"max-image-preview:large","max-video-preview":"max-video-preview:-1"},"canonical":"https:\/\/noblaskolan.se\/kviberg\/artikel\/pedagoger\/","og_locale":"sv_SE","og_type":"article","og_title":"L\u00e4r k\u00e4nna v\u00e5ra l\u00e4rare och pedagoger | Noblaskolan Kviberg","og_description":"L\u00e4r k\u00e4nna v\u00e5ra pedagoger p\u00e5 Noblaskolan Kviberg. L\u00e4s mer hur de arbetar med trygghet, h\u00f6ga f\u00f6rv\u00e4ntningar och engagemang i klassrummen.","og_url":"https:\/\/noblaskolan.se\/kviberg\/artikel\/pedagoger\/","og_site_name":"Kviberg","article_modified_time":"2025-12-03T15:35:25+00:00","twitter_card":"summary_large_image","twitter_title":"L\u00e4r k\u00e4nna v\u00e5ra l\u00e4rare och pedagoger | Noblaskolan Kviberg","twitter_description":"L\u00e4r k\u00e4nna v\u00e5ra pedagoger p\u00e5 Noblaskolan Kviberg. L\u00e4s mer hur de arbetar med trygghet, h\u00f6ga f\u00f6rv\u00e4ntningar och engagemang i klassrummen.","twitter_image":"https:\/\/noblaskolan.se\/wp-content\/uploads\/sites\/36\/2025\/10\/desiree-allvin-1200x630.jpg","twitter_misc":{"Ber\u00e4knad l\u00e4stid":"4 minuter"},"schema":{"@context":"https:\/\/schema.org","@graph":[{"@type":"WebPage","@id":"https:\/\/noblaskolan.se\/kviberg\/artikel\/pedagoger\/","url":"https:\/\/noblaskolan.se\/kviberg\/artikel\/pedagoger\/","name":"L\u00e4r k\u00e4nna v\u00e5ra l\u00e4rare och pedagoger | Noblaskolan Kviberg","isPartOf":{"@id":"https:\/\/noblaskolan.se\/kviberg\/#website"},"datePublished":"2025-12-03T15:35:24+00:00","dateModified":"2025-12-03T15:35:25+00:00","description":"L\u00e4r k\u00e4nna v\u00e5ra pedagoger p\u00e5 Noblaskolan Kviberg. L\u00e4s mer hur de arbetar med trygghet, h\u00f6ga f\u00f6rv\u00e4ntningar och engagemang i klassrummen.","breadcrumb":{"@id":"https:\/\/noblaskolan.se\/kviberg\/artikel\/pedagoger\/#breadcrumb"},"inLanguage":"sv-SE","potentialAction":[{"@type":"ReadAction","target":["https:\/\/noblaskolan.se\/kviberg\/artikel\/pedagoger\/"]}]},{"@type":"BreadcrumbList","@id":"https:\/\/noblaskolan.se\/kviberg\/artikel\/pedagoger\/#breadcrumb","itemListElement":[{"@type":"ListItem","position":1,"name":"Start","item":"https:\/\/noblaskolan.se\/kviberg"},{"@type":"ListItem","position":2,"name":"Nyheter"}]},{"@type":"WebSite","@id":"https:\/\/noblaskolan.se\/kviberg\/#website","url":"https:\/\/noblaskolan.se\/kviberg\/","name":"Kviberg","description":"Noblaskolan Boden","potentialAction":[{"@type":"SearchAction","target":{"@type":"EntryPoint","urlTemplate":"https:\/\/noblaskolan.se\/kviberg\/?s={search_term_string}"},"query-input":"required name=search_term_string"}],"inLanguage":"sv-SE"}]}},"_links":{"self":[{"href":"https:\/\/noblaskolan.se\/kviberg\/wp-json\/wp\/v2\/article\/3381"}],"collection":[{"href":"https:\/\/noblaskolan.se\/kviberg\/wp-json\/wp\/v2\/article"}],"about":[{"href":"https:\/\/noblaskolan.se\/kviberg\/wp-json\/wp\/v2\/types\/article"}],"wp:attachment":[{"href":"https:\/\/noblaskolan.se\/kviberg\/wp-json\/wp\/v2\/media?parent=3381"}],"wp:term":[{"taxonomy":"article_category","embeddable":true,"href":"https:\/\/noblaskolan.se\/kviberg\/wp-json\/wp\/v2\/article_category?post=3381"}],"curies":[{"name":"wp","href":"https:\/\/api.w.org\/{rel}","templated":true}]}}