{"id":2367,"date":"2025-12-03T16:32:06","date_gmt":"2025-12-03T15:32:06","guid":{"rendered":"https:\/\/noblaskolan.se\/hagaberg\/?post_type=article&#038;p=2367"},"modified":"2025-12-03T16:32:07","modified_gmt":"2025-12-03T15:32:07","slug":"pedagoger","status":"publish","type":"article","link":"https:\/\/noblaskolan.se\/hagaberg\/artikel\/pedagoger\/","title":{"rendered":"pedagoger"},"content":{"rendered":"\n<div class=\"wp-block-group is-layout-constrained wp-block-group-is-layout-constrained\">\n<h1 class=\"wp-block-heading\">L\u00e4r k\u00e4nna v\u00e5ra pedagoger<\/h1>\n\n\n\n<p   class=\"site__ingress container text-left  site__text-color--dark  site__free_text--ingress p-0\">\n\tL\u00e4r k\u00e4nna v\u00e5ra pedagoger och l\u00e4rare lite b\u00e4ttre! H\u00e4r f\u00e5r du veta mer om deras drivkrafter och hur de arbetar f\u00f6r att g\u00f6ra undervisningen intressant och utmanande.<\/p>\n\n\n\n\n\n<h2 class=\"wp-block-heading\"><em>Sara Lindstr\u00f6m<\/em> \u2013 L\u00e4rare p\u00e5 l\u00e5g- och mellanstadiet<\/h2>\n\n\n\n<h3 class=\"wp-block-heading\">Vad \u00e4r mest givande med att undervisa i l\u00e5g- och mellanstadiet, och vad \u00f6nskar du att varje elev tar med sig fr\u00e5n dina lektioner?<\/h3>\n\n\n\n<p>Jag \u00e4lskar att f\u00e5 vara delaktig i elevernas utveckling och att f\u00e5 vara en del av deras resa. Det b\u00e4sta en l\u00e4rare kan uppleva \u00e4r Aha-upplevelserna, n\u00e4r en elev upplever sin egen f\u00f6rm\u00e5ga och ser sitt l\u00e4rande. V\u00e5rt uppdrag \u00e4r unikt och givande p\u00e5 s\u00e5 m\u00e5nga s\u00e4tt. Jag vill att de ska k\u00e4nna sig trygga i sitt l\u00e4rande. Alla l\u00e4r vi oss p\u00e5 olika s\u00e4tt och i olika takt. Vi beh\u00f6ver testa p\u00e5 olika tekniker f\u00f6r att veta vad som \u00e4r just &#8221;mitt s\u00e4tt&#8221;. N\u00e5got som jag hoppas att de minns n\u00e4r de t\u00e4nker tillbaka p\u00e5 mina lektioner \u00e4r att det \u00e4r lustfyllt att l\u00e4ra. Det ska vara givande att vara en aktiv elev p\u00e5 min lektion d\u00e4r alla kan bidra p\u00e5 olika s\u00e4tt.<\/p>\n\n\n\n<h3 class=\"wp-block-heading\">Vad betyder akademisk ambition f\u00f6r dig som l\u00e4rare?<\/h3>\n\n\n\n<p>F\u00f6r mig som l\u00e4rare inneb\u00e4r akademisk ambition att leda och locka eleven till en annan niv\u00e5. Viljan att prestera p\u00e5 en h\u00f6g niv\u00e5 och vara medveten om sitt l\u00e4rande. Elevens inre drivkraft ska lockas fram och d\u00e4rmed st\u00f6tta varje elev till att prestera efter sin h\u00f6gsta niv\u00e5.<\/p>\n\n\n\n<h3 class=\"wp-block-heading\">Vad i v\u00e5r undervisning eller skolkultur \u00e4r du extra stolt \u00f6ver och som fler borde f\u00e5 veta om?<\/h3>\n\n\n\n<p>I v\u00e5r undervisning har vi en otroligt h\u00f6g l\u00e4gstaniv\u00e5. Vi vill ha kvalit\u00e9 p\u00e5 alla v\u00e5ra lektioner och utmana och st\u00f6tta v\u00e5ra elever i alla moment. Eleverna ska k\u00e4nna att skolan \u00e4r viktig och att v\u00e5r ambition \u00e4r att leda och lotsa dem fram genom s\u00e5v\u00e4l muntliga presentationer som teoretiska \u00e4mnen. V\u00e5r m\u00e5ls\u00e4ttning \u00e4r att varje elev ska n\u00e5 sin fulla potential och samtidigt k\u00e4nna trygghet och tillh\u00f6righet. D\u00e5 har man m\u00f6jlighet att n\u00e5 sin fulla potential.<\/p>\n\n\n\n\t<style>\n\t\t.inner {\n\n\t\t\tmargin: 0 auto;\n\n\n\t\t}\n\t<\/style>\n\t<div\n\t\t class=\"container images-module\" >\n\t\t<div class=\"row images_module__slideshow\">\n\n\t\t\t<div\n\t\t\t\t\tclass=\"col-md-12 p-0 position-relative images_module__slideshow images_module__slideshow-container  \">\n\t\t\t\t<div class=\"images_module__slide\" data-slide=\"\"\n\t\t\t\t\t data-duration=\"\"><\/div>\n\t\t\t\t\t\t\t\t\t<div\n\t\t\t\t\t\t class=\"images_module__slides\n\n\t\t\t\t\t   \"\n\t\t\t\t\t>\n\n\t\t\t\t\t\t<div class=\"images__wrapper\" style=\"aspect-ratio: 851 \/ 851;\">\n\t\t\t\t\t\t\t<img decoding=\"async\" width=\"400\" height=\"600\" src=\"https:\/\/noblaskolan.se\/wp-content\/uploads\/sites\/20\/2025\/10\/sara-lindstrom-1.jpg\" class=\"images__image_ratio  \" alt=\"\" style=\"aspect-ratio: 851 \/ 851;object-position: center center;\" srcset=\"https:\/\/noblaskolan.se\/wp-content\/uploads\/sites\/20\/2025\/10\/sara-lindstrom-1.jpg 400w, https:\/\/noblaskolan.se\/wp-content\/uploads\/sites\/20\/2025\/10\/sara-lindstrom-1-300x450.jpg 300w\" sizes=\"(max-width: 400px) 100vw, 400px\" \/>\t\t\t\t\t\t<\/div>\n\t\t\t\t\t\t\n\n\t\t\t\t\t\t\t\t\t\t\t<\/div>\n\t\t\t\t\t\t\t\t\t<div\n\t\t\t\t\t\t class=\"images_module__slides\n\n\t\t\t\t\t   \"\n\t\t\t\t\t>\n\n\t\t\t\t\t\t<div class=\"images__wrapper\" style=\"aspect-ratio: 851 \/ 851;\">\n\t\t\t\t\t\t\t\t\t\t\t\t\t<\/div>\n\t\t\t\t\t\t\n\n\t\t\t\t\t\t\t\t\t\t\t<\/div>\n\t\t\t\t\n\t\t\t\t<div class=\"images_module__container_dot\">\n\t\t\t\t\t<div style=\"text-align:center\">\n\n\n\t\t\t\t\t\t\t\t\t\t\t\t\t<span   data-i=\"0\"\n\t\t\t\t\t\t\t\t  class=\"\n\t\t\t\t\t\t\timages_module__dot\n\t\t\t\t\t\t\timages_module__dot_style\t\t\t\t\t\t\t\"\n\t\t\t\t\t\t\t><\/span>\n\t\t\t\t\t\t\t\t\t\t\t\t\t<span   data-i=\"1\"\n\t\t\t\t\t\t\t\t  class=\"\n\t\t\t\t\t\t\timages_module__dot\n\t\t\t\t\t\t\timages_module__dot_style\t\t\t\t\t\t\t\"\n\t\t\t\t\t\t\t><\/span>\n\t\t\t\t\t\t\t\t\t\t\t<\/div>\n\t\t\t\t<\/div>\n\n\n\t\t\t<\/div>\n\t\t<\/div>\n\t<\/div>\n\n\t\n\n\n<script>\n\tvar images_display_descriptive_text = \"\";\n<\/script>\n\n\n\n<h2 class=\"wp-block-heading\"><em>Lovisa<\/em> &#8211; L\u00e4rare p\u00e5 h\u00f6gstadiet<\/h2>\n\n\n\n<h3 class=\"wp-block-heading\">Hur arbetar du med h\u00f6ga f\u00f6rv\u00e4ntningar utan att skapa stress f\u00f6r eleverna?<\/h3>\n\n\n\n<p>Jag jobbar mycket med relationen i klassrummet, f\u00f6r om eleverna \u00e4r trygga och vet vad som f\u00f6rv\u00e4ntas s\u00e5 g\u00f6r de ofta vad de kan efter sin f\u00f6rm\u00e5ga. Jag pratar ofta om att jag samlar p\u00e5 plus och att de faktiskt f\u00f6rv\u00e4ntas g\u00f6ra fel eller missa delar. Det \u00e4r ju&nbsp;trots allt inl\u00e4rning vi jobbar med d\u00e4r m\u00e5nga moment \u00e4r nya f\u00f6r eleverna beroende p\u00e5 f\u00f6rkunskaper och \u00e5rskurs. Jag pratar ocks\u00e5 s\u00e5 lite som m\u00f6jligt om betygen, inte f\u00f6r att de inte spelar n\u00e5gon roll, men f\u00f6r att avdramatisera pressen och fokusera p\u00e5 vilka kunskaper eleven f\u00f6rv\u00e4ntas f\u00e5 med sig efter ett arbetsomr\u00e5de. <\/p>\n\n\n\n<h3 class=\"wp-block-heading\">Vad \u00e4r det b\u00e4sta med att jobba som h\u00f6gstadiel\u00e4rare?<\/h3>\n\n\n\n<p>Eleverna! Det \u00e4r s\u00e5 innerligt roligt att jobba med framtidens unga och att f\u00e5 h\u00f6ra om alla deras funderingar och lyssna p\u00e5 all klokskap de besitter. Jag upplever att h\u00f6gstadie\u00e5ldern \u00e4r omv\u00e4lvande p\u00e5 m\u00e5nga s\u00e4tt och om jag kan bidra med hj\u00e4lp, uppmuntran och vara ett bollplank f\u00f6r n\u00e5gon eller n\u00e5gra \u00e4r jag v\u00e4ldigt glad. Det \u00e4r ocks\u00e5 en tid d\u00e5 jag upplever att jag som l\u00e4rare kan vara med och f\u00e5nga upp elevernas intressen och kanske f\u00e5 n\u00e5gra elever att uppt\u00e4cka nya sidor hos sig sj\u00e4lva. Jag upplever att jag sj\u00e4lv utvecklas, och de ger mig nya insikter om livet. Det g\u00e5r liksom inte att fastna p\u00e5 samma plats i det h\u00e4r jobbet. Att arbeta med ungdomar och m\u00e4nniskor generellt inneb\u00e4r f\u00f6r mig att ingen dag \u00e4r lik n\u00e5gon annan och det \u00e4r extremt givande.&nbsp;<\/p>\n\n\n\n<h3 class=\"wp-block-heading\">Hur brukar du skapa engagemang i klassrummet n\u00e4r eleverna tycker att ett \u00e4mne \u00e4r sv\u00e5rt eller tr\u00e5kigt?<\/h3>\n\n\n\n<p>Jag trivs verkligen med mitt jobb och de \u00e4mnen jag undervisar i \u00e4r \u00e4ven starka intressen hos mig s\u00e5 jag f\u00f6rs\u00f6ker inspirera med att ber\u00e4tta om vad jag l\u00e4st, lyssnat p\u00e5, sett eller skrivit just d\u00e5. Det handlar om att ha en positiv inst\u00e4llning! Jag f\u00f6rs\u00f6ker anpassa mig efter varje elevs behov och inte minst l\u00e5ta eleverna vara delaktiga i v\u00e5rt samarbete. Det handlar inte om att l\u00e4gga l\u00e4roplanen och dess centrala inneh\u00e5ll i deras h\u00e4nder utan f\u00f6r mig handlar det om att visa upp min planering, l\u00e5ta dem komma med synpunkter, v\u00e4lja redovisningsformer och lyssna till n\u00e4r jag ber\u00e4ttar varf\u00f6r jag t\u00e4nkt som jag har gjort. Det \u00e4r inte s\u00e4llan som jag faktiskt \u00e4ndrar mig efter att vi pratat ihop oss i klassrummet och vissa arbetsomr\u00e5den kan byta plats och vi kan exempelvis l\u00e4sa en annan roman \u00e4n den jag t\u00e4nkte fr\u00e5n b\u00f6rjan utifr\u00e5n vilka \u00f6nskem\u00e5l de har. Jag tror att mycket handlar om att faktiskt kommunicera med eleverna och arbeta utifr\u00e5n ett relationellt perspektiv d\u00e4r relationen mellan mig och eleverna \u00e4r viktig.<\/p>\n\n\n\n<h3 class=\"wp-block-heading\">Vad i v\u00e5r undervisning eller skolkultur \u00e4r du extra stolt \u00f6ver och som fler borde f\u00e5 veta om?<\/h3>\n\n\n\n<p>F\u00f6rst och fr\u00e4mst upplever jag att Noblakoden med tydliga ramar och riktlinjer f\u00f6r struktur och trygghet \u00e4r v\u00e4ldigt viktig. Det \u00e4r enligt mig f\u00f6rst n\u00e4r det finns ramar och ett rotat f\u00f6rh\u00e5llningss\u00e4tt som vi kan vara kreativa och blomstra utanf\u00f6r ramarna. Jag tycker ocks\u00e5 att Noblautmaningen och v\u00e5rt fokus p\u00e5 retorik \u00e4r fundamentalt viktigt. S\u00e5 som v\u00e5r v\u00e4rld ser ut idag beh\u00f6ver vi rusta v\u00e5ra framtida ledare, politiker och inte minst v\u00e5ra medborgare med retoriska verktyg och ett varierat och starkt spr\u00e5k. Att just retorik finns med varje vecka och har en egen plats i schemat visar ocks\u00e5 hur viktigt det \u00e4r. Konsten att tala v\u00e4l och g\u00f6ra sig f\u00f6rst\u00e5dd \u00e4r en livsviktig egenskap som jag \u00e4r glad att vi l\u00e4gger s\u00e5 stort fokus vid!<\/p>\n\n\n\n\t<style>\n\t\t.inner {\n\n\t\t\tmargin: 0 auto;\n\n\n\t\t}\n\t<\/style>\n\t<div\n\t\t class=\"container images-module\" >\n\t\t<div class=\"row images_module__slideshow\">\n\n\t\t\t<div\n\t\t\t\t\tclass=\"col-md-12 p-0 position-relative images_module__slideshow images_module__slideshow-container  \">\n\t\t\t\t<div class=\"images_module__slide\" data-slide=\"\"\n\t\t\t\t\t data-duration=\"\"><\/div>\n\t\t\t\t\t\t\t\t\t<div\n\t\t\t\t\t\t class=\"images_module__slides\n\n\t\t\t\t\t   \"\n\t\t\t\t\t>\n\n\t\t\t\t\t\t<div class=\"images__wrapper\" style=\"aspect-ratio: 851 \/ 851;\">\n\t\t\t\t\t\t\t<img decoding=\"async\" width=\"400\" height=\"600\" src=\"https:\/\/noblaskolan.se\/wp-content\/uploads\/sites\/20\/2025\/10\/lovisa-viktorin-1.jpg\" class=\"images__image_ratio  \" alt=\"\" style=\"aspect-ratio: 851 \/ 851;object-position: center center;\" srcset=\"https:\/\/noblaskolan.se\/wp-content\/uploads\/sites\/20\/2025\/10\/lovisa-viktorin-1.jpg 400w, https:\/\/noblaskolan.se\/wp-content\/uploads\/sites\/20\/2025\/10\/lovisa-viktorin-1-300x450.jpg 300w\" sizes=\"(max-width: 400px) 100vw, 400px\" \/>\t\t\t\t\t\t<\/div>\n\t\t\t\t\t\t\n\n\t\t\t\t\t\t\t\t\t\t\t<\/div>\n\t\t\t\t\n\t\t\t\t<div class=\"images_module__container_dot\">\n\t\t\t\t\t<div style=\"text-align:center\">\n\n\n\t\t\t\t\t\t\t\t\t\t\t\t\t<span   data-i=\"0\"\n\t\t\t\t\t\t\t\t  class=\"\n\t\t\t\t\t\t\timages_module__dot\n\t\t\t\t\t\t\t\t\t\t\t\t\t\t\"\n\t\t\t\t\t\t\t><\/span>\n\t\t\t\t\t\t\t\t\t\t\t<\/div>\n\t\t\t\t<\/div>\n\n\n\t\t\t<\/div>\n\t\t<\/div>\n\t<\/div>\n\n\t\n\n\n<script>\n\tvar images_display_descriptive_text = \"\";\n<\/script>\n<\/div>\n","protected":false},"template":"","article_category":[14,10],"yoast_head":"<!-- This site is optimized with the Yoast SEO plugin v22.0 - https:\/\/yoast.com\/wordpress\/plugins\/seo\/ -->\n<title>L\u00e4r k\u00e4nna v\u00e5ra l\u00e4rare och pedagoger | Noblaskolan Hagaberg<\/title>\n<meta name=\"description\" content=\"L\u00e4r k\u00e4nna v\u00e5ra pedagoger p\u00e5 Noblaskolan Hagaberg. L\u00e4s mer hur de arbetar med trygghet, h\u00f6ga f\u00f6rv\u00e4ntningar och engagemang i klassrummen.\" \/>\n<meta name=\"robots\" content=\"index, follow, max-snippet:-1, max-image-preview:large, max-video-preview:-1\" \/>\n<link rel=\"canonical\" href=\"https:\/\/noblaskolan.se\/hagaberg\/artikel\/pedagoger\/\" \/>\n<meta property=\"og:locale\" content=\"sv_SE\" \/>\n<meta property=\"og:type\" content=\"article\" \/>\n<meta property=\"og:title\" content=\"L\u00e4r k\u00e4nna v\u00e5ra l\u00e4rare och pedagoger | Noblaskolan Hagaberg\" \/>\n<meta property=\"og:description\" content=\"L\u00e4r k\u00e4nna v\u00e5ra pedagoger p\u00e5 Noblaskolan Hagaberg. L\u00e4s mer hur de arbetar med trygghet, h\u00f6ga f\u00f6rv\u00e4ntningar och engagemang i klassrummen.\" \/>\n<meta property=\"og:url\" content=\"https:\/\/noblaskolan.se\/hagaberg\/artikel\/pedagoger\/\" \/>\n<meta property=\"og:site_name\" content=\"Hagaberg\" \/>\n<meta property=\"article:modified_time\" content=\"2025-12-03T15:32:07+00:00\" \/>\n<meta name=\"twitter:card\" content=\"summary_large_image\" \/>\n<meta name=\"twitter:title\" content=\"L\u00e4r k\u00e4nna v\u00e5ra l\u00e4rare och pedagoger | Noblaskolan Hagaberg\" \/>\n<meta name=\"twitter:description\" content=\"L\u00e4r k\u00e4nna v\u00e5ra pedagoger p\u00e5 Noblaskolan Hagaberg. L\u00e4s mer hur de arbetar med trygghet, h\u00f6ga f\u00f6rv\u00e4ntningar och engagemang i klassrummen.\" \/>\n<meta name=\"twitter:image\" content=\"https:\/\/noblaskolan.se\/wp-content\/uploads\/sites\/20\/2025\/10\/sara-lindstrom-1.jpg\" \/>\n<meta name=\"twitter:label1\" content=\"Ber\u00e4knad l\u00e4stid\" \/>\n\t<meta name=\"twitter:data1\" content=\"6 minuter\" \/>\n<script type=\"application\/ld+json\" class=\"yoast-schema-graph\">{\"@context\":\"https:\/\/schema.org\",\"@graph\":[{\"@type\":\"WebPage\",\"@id\":\"https:\/\/noblaskolan.se\/hagaberg\/artikel\/pedagoger\/\",\"url\":\"https:\/\/noblaskolan.se\/hagaberg\/artikel\/pedagoger\/\",\"name\":\"L\u00e4r k\u00e4nna v\u00e5ra l\u00e4rare och pedagoger | Noblaskolan Hagaberg\",\"isPartOf\":{\"@id\":\"https:\/\/noblaskolan.se\/hagaberg\/#website\"},\"datePublished\":\"2025-12-03T15:32:06+00:00\",\"dateModified\":\"2025-12-03T15:32:07+00:00\",\"description\":\"L\u00e4r k\u00e4nna v\u00e5ra pedagoger p\u00e5 Noblaskolan Hagaberg. L\u00e4s mer hur de arbetar med trygghet, h\u00f6ga f\u00f6rv\u00e4ntningar och engagemang i klassrummen.\",\"breadcrumb\":{\"@id\":\"https:\/\/noblaskolan.se\/hagaberg\/artikel\/pedagoger\/#breadcrumb\"},\"inLanguage\":\"sv-SE\",\"potentialAction\":[{\"@type\":\"ReadAction\",\"target\":[\"https:\/\/noblaskolan.se\/hagaberg\/artikel\/pedagoger\/\"]}]},{\"@type\":\"BreadcrumbList\",\"@id\":\"https:\/\/noblaskolan.se\/hagaberg\/artikel\/pedagoger\/#breadcrumb\",\"itemListElement\":[{\"@type\":\"ListItem\",\"position\":1,\"name\":\"Start\",\"item\":\"https:\/\/noblaskolan.se\/hagaberg\"},{\"@type\":\"ListItem\",\"position\":2,\"name\":\"Nyheter\"}]},{\"@type\":\"WebSite\",\"@id\":\"https:\/\/noblaskolan.se\/hagaberg\/#website\",\"url\":\"https:\/\/noblaskolan.se\/hagaberg\/\",\"name\":\"Hagaberg\",\"description\":\"Noblaskolan Hagaberg\",\"potentialAction\":[{\"@type\":\"SearchAction\",\"target\":{\"@type\":\"EntryPoint\",\"urlTemplate\":\"https:\/\/noblaskolan.se\/hagaberg\/?s={search_term_string}\"},\"query-input\":\"required name=search_term_string\"}],\"inLanguage\":\"sv-SE\"}]}<\/script>\n<!-- \/ Yoast SEO plugin. -->","yoast_head_json":{"title":"L\u00e4r k\u00e4nna v\u00e5ra l\u00e4rare och pedagoger | Noblaskolan Hagaberg","description":"L\u00e4r k\u00e4nna v\u00e5ra pedagoger p\u00e5 Noblaskolan Hagaberg. L\u00e4s mer hur de arbetar med trygghet, h\u00f6ga f\u00f6rv\u00e4ntningar och engagemang i klassrummen.","robots":{"index":"index","follow":"follow","max-snippet":"max-snippet:-1","max-image-preview":"max-image-preview:large","max-video-preview":"max-video-preview:-1"},"canonical":"https:\/\/noblaskolan.se\/hagaberg\/artikel\/pedagoger\/","og_locale":"sv_SE","og_type":"article","og_title":"L\u00e4r k\u00e4nna v\u00e5ra l\u00e4rare och pedagoger | Noblaskolan Hagaberg","og_description":"L\u00e4r k\u00e4nna v\u00e5ra pedagoger p\u00e5 Noblaskolan Hagaberg. L\u00e4s mer hur de arbetar med trygghet, h\u00f6ga f\u00f6rv\u00e4ntningar och engagemang i klassrummen.","og_url":"https:\/\/noblaskolan.se\/hagaberg\/artikel\/pedagoger\/","og_site_name":"Hagaberg","article_modified_time":"2025-12-03T15:32:07+00:00","twitter_card":"summary_large_image","twitter_title":"L\u00e4r k\u00e4nna v\u00e5ra l\u00e4rare och pedagoger | Noblaskolan Hagaberg","twitter_description":"L\u00e4r k\u00e4nna v\u00e5ra pedagoger p\u00e5 Noblaskolan Hagaberg. L\u00e4s mer hur de arbetar med trygghet, h\u00f6ga f\u00f6rv\u00e4ntningar och engagemang i klassrummen.","twitter_image":"https:\/\/noblaskolan.se\/wp-content\/uploads\/sites\/20\/2025\/10\/sara-lindstrom-1.jpg","twitter_misc":{"Ber\u00e4knad l\u00e4stid":"6 minuter"},"schema":{"@context":"https:\/\/schema.org","@graph":[{"@type":"WebPage","@id":"https:\/\/noblaskolan.se\/hagaberg\/artikel\/pedagoger\/","url":"https:\/\/noblaskolan.se\/hagaberg\/artikel\/pedagoger\/","name":"L\u00e4r k\u00e4nna v\u00e5ra l\u00e4rare och pedagoger | Noblaskolan Hagaberg","isPartOf":{"@id":"https:\/\/noblaskolan.se\/hagaberg\/#website"},"datePublished":"2025-12-03T15:32:06+00:00","dateModified":"2025-12-03T15:32:07+00:00","description":"L\u00e4r k\u00e4nna v\u00e5ra pedagoger p\u00e5 Noblaskolan Hagaberg. L\u00e4s mer hur de arbetar med trygghet, h\u00f6ga f\u00f6rv\u00e4ntningar och engagemang i klassrummen.","breadcrumb":{"@id":"https:\/\/noblaskolan.se\/hagaberg\/artikel\/pedagoger\/#breadcrumb"},"inLanguage":"sv-SE","potentialAction":[{"@type":"ReadAction","target":["https:\/\/noblaskolan.se\/hagaberg\/artikel\/pedagoger\/"]}]},{"@type":"BreadcrumbList","@id":"https:\/\/noblaskolan.se\/hagaberg\/artikel\/pedagoger\/#breadcrumb","itemListElement":[{"@type":"ListItem","position":1,"name":"Start","item":"https:\/\/noblaskolan.se\/hagaberg"},{"@type":"ListItem","position":2,"name":"Nyheter"}]},{"@type":"WebSite","@id":"https:\/\/noblaskolan.se\/hagaberg\/#website","url":"https:\/\/noblaskolan.se\/hagaberg\/","name":"Hagaberg","description":"Noblaskolan Hagaberg","potentialAction":[{"@type":"SearchAction","target":{"@type":"EntryPoint","urlTemplate":"https:\/\/noblaskolan.se\/hagaberg\/?s={search_term_string}"},"query-input":"required name=search_term_string"}],"inLanguage":"sv-SE"}]}},"_links":{"self":[{"href":"https:\/\/noblaskolan.se\/hagaberg\/wp-json\/wp\/v2\/article\/2367"}],"collection":[{"href":"https:\/\/noblaskolan.se\/hagaberg\/wp-json\/wp\/v2\/article"}],"about":[{"href":"https:\/\/noblaskolan.se\/hagaberg\/wp-json\/wp\/v2\/types\/article"}],"wp:attachment":[{"href":"https:\/\/noblaskolan.se\/hagaberg\/wp-json\/wp\/v2\/media?parent=2367"}],"wp:term":[{"taxonomy":"article_category","embeddable":true,"href":"https:\/\/noblaskolan.se\/hagaberg\/wp-json\/wp\/v2\/article_category?post=2367"}],"curies":[{"name":"wp","href":"https:\/\/api.w.org\/{rel}","templated":true}]}}