{"id":3371,"date":"2026-04-17T07:00:00","date_gmt":"2026-04-17T05:00:00","guid":{"rendered":"https:\/\/noblaskolan.se\/brevik\/?post_type=article&#038;p=3371"},"modified":"2026-04-20T10:38:37","modified_gmt":"2026-04-20T08:38:37","slug":"elevroster","status":"publish","type":"article","link":"https:\/\/noblaskolan.se\/brevik\/artikel\/elevroster\/","title":{"rendered":"Elevr\u00f6ster"},"content":{"rendered":"\n<div class=\"wp-block-group is-layout-constrained wp-container-core-group-layout-1 wp-block-group-is-layout-constrained\">\n<h1 class=\"wp-block-heading\">M\u00f6t v\u00e5ra elever p\u00e5 Noblaskolan<\/h1>\n\n\n\n<p   class=\"site__ingress container text-left  site__text-color--dark  site__free_text--ingress p-0\">\n\tHur \u00e4r det att vara elev p\u00e5 Noblaskolan? H\u00e4r ber\u00e4ttar en av v\u00e5ra elever om sin vardag. <\/p>\n\n\n\n\n\n<h2 class=\"wp-block-heading\">Hjalmar \u2013 Elev i \u00e5k 4<\/h2>\n\n\n\n<h3 class=\"wp-block-heading\">Vad \u00e4r det b\u00e4sta med att g\u00e5 p\u00e5 din skola?<\/h3>\n\n\n\n<p>Det b\u00e4sta med att g\u00e5 p\u00e5 min skola \u00e4r att vi har bra och roliga l\u00e4rare och mycket variation p\u00e5 lektionerna.<br>Skolg\u00e5rden \u00e4r bra skulle jag s\u00e4ga. Vi har en v\u00e4ldigt fin fotbolls-och basketplan som \u00e4r alldeles ny en bit fr\u00e5n skolan. Vi g\u00e5r dit r\u00e4tt ofta p\u00e5 rasterna.<\/p>\n\n\n\n<h3 class=\"wp-block-heading\">N\u00e4r k\u00e4nner du att du har gjort ett bra jobb i skolan?<\/h3>\n\n\n\n<p>Jag k\u00e4nner att jag har gjort ett bra jobb n\u00e4r jag och mina klasskompisar hj\u00e4lper de yngre barnen p\u00e5 skolan med t.ex k\u00e4ngurumatte. Det \u00e4r liksom kul. Jag g\u00f6r ett bra jobb n\u00e4r jag lyssnar bra och n\u00e4r det \u00e4r bra arbetsro i klassrummet.<\/p>\n\n\n\n<h3 class=\"wp-block-heading\">Vad vill du bli n\u00e4r du blir stor?<\/h3>\n\n\n\n<p>N\u00e4r jag blir stor vill jag bli basketspelare eller l\u00e4rare f\u00f6r b\u00e5de min mamma och pappa \u00e4r l\u00e4rare.<br>Jag hoppas p\u00e5 att kunna bli basketspelare, men om jag inte blir tillr\u00e4ckligt bra s\u00e5 \u00e4r det kanske enklare f\u00f6r mig att bli l\u00e4rare.<\/p>\n\n\n\n\n<figure  class=\"ams-media l-container l-stack l-stack-2xs u-pt-fluid-md-xl u-pb-fluid-md-xl is-left is-left@md\"  style=\"--width-desktop: 300px;\">\n\t\t\t\t\t<img decoding=\"async\" width=\"600\" height=\"1067\" src=\"https:\/\/noblaskolan.se\/wp-content\/uploads\/sites\/34\/2026\/04\/hjalmar-elevroster-600x1067.jpg\" class=\"ams-media__image u-ratio-portrait u-radius-square\" alt=\"Portr\u00e4ttbild Hjalmar\" sizes=\"(max-width: 600px) 100vw, 600px\" srcset=\"https:\/\/noblaskolan.se\/wp-content\/uploads\/sites\/34\/2026\/04\/hjalmar-elevroster-600x1067.jpg 600w, https:\/\/noblaskolan.se\/wp-content\/uploads\/sites\/34\/2026\/04\/hjalmar-elevroster-300x533.jpg 300w, https:\/\/noblaskolan.se\/wp-content\/uploads\/sites\/34\/2026\/04\/hjalmar-elevroster-400x711.jpg 400w, https:\/\/noblaskolan.se\/wp-content\/uploads\/sites\/34\/2026\/04\/hjalmar-elevroster-800x1422.jpg 800w, https:\/\/noblaskolan.se\/wp-content\/uploads\/sites\/34\/2026\/04\/hjalmar-elevroster-1024x1820.jpg 1024w, https:\/\/noblaskolan.se\/wp-content\/uploads\/sites\/34\/2026\/04\/hjalmar-elevroster.jpg 1152w\" \/>\n\t\t\n\t\n\t<\/figure>\n<\/div>\n\n\n\n\n\n<section  class=\"ams-article c-block l-stacked js-load-more\" data-count=\"3\" data-count-mobile=\"2\">\n\t<div class=\"l-container l-stack l-stack-fluid-2xl u-pt-fluid-3xl-6xl u-pb-fluid-3xl-6xl is-center is-center@md\">\n\t\t\t\t\t<div class=\"ams-article__intro l-stack l-stack-lg\">\n\t\t\t\t\t\n\t<h2\n\tclass=\"c-heading u-font-title-1 \"\n\tstyle=\"\">\n\t\t\n\t\t\t\t\tL\u00e4s mer fr\u00e5n oss\n\t\t\t\t\n\t<\/h2>\n\n\t\t\t\t\t\t\t<\/div>\n\t\t\n\t\t\t\n\t    \n\t\n\t<ul id=\"ams-article-list-69f3877886006\" class=\"ams-article__list l-grid u-gap-2xl u-justify-center js-results \" aria-label=\"Artiklar\" data-filter-animation=\"off\">\n\t\t\t\t\t\t\t\t\t\t\t\t\t\t\t\t\t\n\t\t\t\n\t\t\t\n\t\t\t<li class=\"l-col-6@md l-col-4@lg \" data-filter=\"intervjuer april-2026\">\n\t\t\t\t<article class=\"c-card  has-media-zoom  \" data-variant=\"border\" data-style=\"square\" data-click-area>\n\t\t\t\t\t<div class=\"c-card__content l-stack l-stack-sm\">\n\n\t\t\t\t\t\t\t\t\t\t\t\t\t<time class=\"c-card__date u-font-small\" datetime=\"2026-04-17\">17 april, 2026<\/time>\n\t\t\t\t\t\t\n\t\t\t\t\t\t\t\t\t\t\t\t\t<h3 class=\"c-card__title u-font-title-3\">\n\t\t\t\t\t\t\t\t\t\t\t\t\t\t\t\t\t<a class=\"c-card__link\" href=\"https:\/\/noblaskolan.se\/brevik\/artikel\/elevroster\/\">\n\t\t\t\t\t\t\t\t\t\tM\u00f6t v\u00e5ra elever p\u00e5 Noblaskolan\n\t\t\t\t\t\t\t\t\t<\/a>\n\t\t\t\t\t\t\t\t\t\t\t\t\t\t\t<\/h3>\n\t\t\t\t\t\t\n\t\t\t\t\t\t\t\t\t\t\t\t\t<p class=\"c-card__text l-stack-xs u-font-body\">\n\t\t\t\t\t\t\t\tHur \u00e4r det att vara elev p\u00e5 Noblaskolan? H\u00e4r ber\u00e4ttar en av v\u00e5ra elever om sin v&#8230;\n\t\t\t\t\t\t\t<\/p>\n\t\t\t\t\t\t\n\t\t\t\t\t\t\t\t\t\t\t\t\t<ul class=\"c-card__tags l-stack-grow u-list-none u-pt-md\" aria-label=\"Kategorier\">\n\t\t\t\t\t\t\t\t\t\t\t\t\t\t\t\t\t<li><span class=\"c-tag\" data-variant=\"outline\">Intervjuer<\/span><\/li>\n\t\t\t\t\t\t\t\t\t\t\t\t\t\t\t<\/ul>\n\t\t\t\t\t\t\n\t\t\t\t\t\t<div class=\"c-card__icon\">\n\t\t\t\t\t\t\t\t\t\t\t\t\t\t<svg class=\"ams-icon ams-icon--arrow-right\" width=\"32\" height=\"32\" viewbox=\"0 0 32 32\" fill=\"currentColor\" aria-hidden=\"true\" xmlns=\"http:\/\/www.w3.org\/2000\/svg\">\n\t\t\t\t\t\t\t\t\t\t\t\t\t\t\t\t<path d=\"M15.4617 0.252159L14.9567 0.75931C14.6219 1.09545 14.6219 1.64048 14.9567 1.97669L27.7062 14.7806H0.857144C0.383786 14.7806 0 15.166 0 15.6414V16.3587C0 16.8341 0.383786 17.2195 0.857144 17.2195H27.7062L14.9567 30.0234C14.6219 30.3595 14.6219 30.9045 14.9567 31.2407L15.4617 31.7479C15.7964 32.084 16.3392 32.084 16.6739 31.7479L31.749 16.6087C32.0837 16.2725 32.0837 15.7275 31.749 15.3913L16.6739 0.252159C16.3392 -0.084053 15.7964 -0.084053 15.4617 0.252159Z\"\/>\n\t\t\t\t\t\t\t\n\t\t\t\t\t\t\t<\/svg>\n\t\t\t\t\t\t<\/div>\n\t\t\t\t\t<\/div>\n\n\t\t\t\t\t<div class=\"c-card__media \" style=\" \">\n\t\t\t\t\t\t<img decoding=\"async\" width=\"400\" height=\"711\" src=\"https:\/\/noblaskolan.se\/wp-content\/uploads\/sites\/34\/2026\/04\/hjalmar-elevroster-400x711.jpg\" class=\"attachment-sm size-sm\" alt=\"Portr\u00e4ttbild Hjalmar\" sizes=\"(min-width: 64em) 300px, (min-width: 48em) calc(.50 * (100vw - 224px)), calc(100vw - 160px)\" srcset=\"https:\/\/noblaskolan.se\/wp-content\/uploads\/sites\/34\/2026\/04\/hjalmar-elevroster-400x711.jpg 400w, https:\/\/noblaskolan.se\/wp-content\/uploads\/sites\/34\/2026\/04\/hjalmar-elevroster-300x533.jpg 300w, https:\/\/noblaskolan.se\/wp-content\/uploads\/sites\/34\/2026\/04\/hjalmar-elevroster-600x1067.jpg 600w, https:\/\/noblaskolan.se\/wp-content\/uploads\/sites\/34\/2026\/04\/hjalmar-elevroster-800x1422.jpg 800w, https:\/\/noblaskolan.se\/wp-content\/uploads\/sites\/34\/2026\/04\/hjalmar-elevroster-1024x1820.jpg 1024w, https:\/\/noblaskolan.se\/wp-content\/uploads\/sites\/34\/2026\/04\/hjalmar-elevroster.jpg 1152w\" \/>\n\t\t\t\t\t<\/div>\n\t\t\t\t<\/article>\n\t\t\t<\/li>\n\t\t\t\t\t\t\t\t\t\t\t\t\t\t\t\t\t\n\t\t\t\n\t\t\t\n\t\t\t<li class=\"l-col-6@md l-col-4@lg \" data-filter=\"allmant intervjuer december-2025\">\n\t\t\t\t<article class=\"c-card  has-media-zoom  \" data-variant=\"border\" data-style=\"square\" data-click-area>\n\t\t\t\t\t<div class=\"c-card__content l-stack l-stack-sm\">\n\n\t\t\t\t\t\t\t\t\t\t\t\t\t<time class=\"c-card__date u-font-small\" datetime=\"2025-12-03\">3 december, 2025<\/time>\n\t\t\t\t\t\t\n\t\t\t\t\t\t\t\t\t\t\t\t\t<h3 class=\"c-card__title u-font-title-3\">\n\t\t\t\t\t\t\t\t\t\t\t\t\t\t\t\t\t<a class=\"c-card__link\" href=\"https:\/\/noblaskolan.se\/brevik\/artikel\/pedagoger\/\">\n\t\t\t\t\t\t\t\t\t\tL\u00e4r k\u00e4nna v\u00e5ra pedagoger\n\t\t\t\t\t\t\t\t\t<\/a>\n\t\t\t\t\t\t\t\t\t\t\t\t\t\t\t<\/h3>\n\t\t\t\t\t\t\n\t\t\t\t\t\t\t\t\t\t\t\t\t<p class=\"c-card__text l-stack-xs u-font-body\">\n\t\t\t\t\t\t\t\tL\u00e4r k\u00e4nna v\u00e5ra pedagoger och l\u00e4rare lite b\u00e4ttre! H\u00e4r f\u00e5r du veta mer om deras dr&#8230;\n\t\t\t\t\t\t\t<\/p>\n\t\t\t\t\t\t\n\t\t\t\t\t\t\t\t\t\t\t\t\t<ul class=\"c-card__tags l-stack-grow u-list-none u-pt-md\" aria-label=\"Kategorier\">\n\t\t\t\t\t\t\t\t\t\t\t\t\t\t\t\t\t<li><span class=\"c-tag\" data-variant=\"outline\">Allm\u00e4nt<\/span><\/li>\n\t\t\t\t\t\t\t\t\t\t\t\t\t\t\t\t\t<li><span class=\"c-tag\" data-variant=\"outline\">Intervjuer<\/span><\/li>\n\t\t\t\t\t\t\t\t\t\t\t\t\t\t\t<\/ul>\n\t\t\t\t\t\t\n\t\t\t\t\t\t<div class=\"c-card__icon\">\n\t\t\t\t\t\t\t\t\t\t\t\t\t\t<svg class=\"ams-icon ams-icon--arrow-right\" width=\"32\" height=\"32\" viewbox=\"0 0 32 32\" fill=\"currentColor\" aria-hidden=\"true\" xmlns=\"http:\/\/www.w3.org\/2000\/svg\">\n\t\t\t\t\t\t\t\t\t\t\t\t\t\t\t\t<path d=\"M15.4617 0.252159L14.9567 0.75931C14.6219 1.09545 14.6219 1.64048 14.9567 1.97669L27.7062 14.7806H0.857144C0.383786 14.7806 0 15.166 0 15.6414V16.3587C0 16.8341 0.383786 17.2195 0.857144 17.2195H27.7062L14.9567 30.0234C14.6219 30.3595 14.6219 30.9045 14.9567 31.2407L15.4617 31.7479C15.7964 32.084 16.3392 32.084 16.6739 31.7479L31.749 16.6087C32.0837 16.2725 32.0837 15.7275 31.749 15.3913L16.6739 0.252159C16.3392 -0.084053 15.7964 -0.084053 15.4617 0.252159Z\"\/>\n\t\t\t\t\t\t\t\n\t\t\t\t\t\t\t<\/svg>\n\t\t\t\t\t\t<\/div>\n\t\t\t\t\t<\/div>\n\n\t\t\t\t\t<div class=\"c-card__media \" style=\" \">\n\t\t\t\t\t\t<img decoding=\"async\" width=\"400\" height=\"458\" src=\"https:\/\/noblaskolan.se\/wp-content\/uploads\/sites\/34\/2025\/10\/helena-e1760608066708-400x458.jpg\" class=\"attachment-sm size-sm\" alt=\"\" sizes=\"(min-width: 64em) 300px, (min-width: 48em) calc(.50 * (100vw - 224px)), calc(100vw - 160px)\" srcset=\"https:\/\/noblaskolan.se\/wp-content\/uploads\/sites\/34\/2025\/10\/helena-e1760608066708-400x458.jpg 400w, https:\/\/noblaskolan.se\/wp-content\/uploads\/sites\/34\/2025\/10\/helena-e1760608066708-300x344.jpg 300w, https:\/\/noblaskolan.se\/wp-content\/uploads\/sites\/34\/2025\/10\/helena-e1760608066708-600x688.jpg 600w, https:\/\/noblaskolan.se\/wp-content\/uploads\/sites\/34\/2025\/10\/helena-e1760608066708-800x917.jpg 800w, https:\/\/noblaskolan.se\/wp-content\/uploads\/sites\/34\/2025\/10\/helena-e1760608066708-1024x1174.jpg 1024w, https:\/\/noblaskolan.se\/wp-content\/uploads\/sites\/34\/2025\/10\/helena-e1760608066708.jpg 1163w\" \/>\n\t\t\t\t\t<\/div>\n\t\t\t\t<\/article>\n\t\t\t<\/li>\n\t\t\t\t\t\t\t\t\t\t\t\t\t\t\t\t\t\n\t\t\t\n\t\t\t\n\t\t\t<li class=\"l-col-6@md l-col-4@lg \" data-filter=\"allmant augusti-2025\">\n\t\t\t\t<article class=\"c-card  has-media-zoom  \" data-variant=\"border\" data-style=\"square\" data-click-area>\n\t\t\t\t\t<div class=\"c-card__content l-stack l-stack-sm\">\n\n\t\t\t\t\t\t\t\t\t\t\t\t\t<time class=\"c-card__date u-font-small\" datetime=\"2025-08-15\">15 augusti, 2025<\/time>\n\t\t\t\t\t\t\n\t\t\t\t\t\t\t\t\t\t\t\t\t<h3 class=\"c-card__title u-font-title-3\">\n\t\t\t\t\t\t\t\t\t\t\t\t\t\t\t\t\t<a class=\"c-card__link\" href=\"https:\/\/noblaskolan.se\/brevik\/artikel\/lokal\/trygg-skolstart-med-studiero-sa-arbetar-vi-pa-noblaskolan\">\n\t\t\t\t\t\t\t\t\t\tTrygg skolstart med studiero \u2013 s\u00e5 arbeta&#8230;\n\t\t\t\t\t\t\t\t\t<\/a>\n\t\t\t\t\t\t\t\t\t\t\t\t\t\t\t<\/h3>\n\t\t\t\t\t\t\n\t\t\t\t\t\t\t\t\t\t\t\t\t<p class=\"c-card__text l-stack-xs u-font-body\">\n\t\t\t\t\t\t\t\tN\u00e4r en ny termin n\u00e4rmar sig v\u00e4cks ofta m\u00e5nga fr\u00e5gor hos v\u00e5rdnadshavare:\r\nHur kom&#8230;\n\t\t\t\t\t\t\t<\/p>\n\t\t\t\t\t\t\n\t\t\t\t\t\t\t\t\t\t\t\t\t<ul class=\"c-card__tags l-stack-grow u-list-none u-pt-md\" aria-label=\"Kategorier\">\n\t\t\t\t\t\t\t\t\t\t\t\t\t\t\t\t\t<li><span class=\"c-tag\" data-variant=\"outline\">Allm\u00e4nt<\/span><\/li>\n\t\t\t\t\t\t\t\t\t\t\t\t\t\t\t<\/ul>\n\t\t\t\t\t\t\n\t\t\t\t\t\t<div class=\"c-card__icon\">\n\t\t\t\t\t\t\t\t\t\t\t\t\t\t<svg class=\"ams-icon ams-icon--arrow-right\" width=\"32\" height=\"32\" viewbox=\"0 0 32 32\" fill=\"currentColor\" aria-hidden=\"true\" xmlns=\"http:\/\/www.w3.org\/2000\/svg\">\n\t\t\t\t\t\t\t\t\t\t\t\t\t\t\t\t<path d=\"M15.4617 0.252159L14.9567 0.75931C14.6219 1.09545 14.6219 1.64048 14.9567 1.97669L27.7062 14.7806H0.857144C0.383786 14.7806 0 15.166 0 15.6414V16.3587C0 16.8341 0.383786 17.2195 0.857144 17.2195H27.7062L14.9567 30.0234C14.6219 30.3595 14.6219 30.9045 14.9567 31.2407L15.4617 31.7479C15.7964 32.084 16.3392 32.084 16.6739 31.7479L31.749 16.6087C32.0837 16.2725 32.0837 15.7275 31.749 15.3913L16.6739 0.252159C16.3392 -0.084053 15.7964 -0.084053 15.4617 0.252159Z\"\/>\n\t\t\t\t\t\t\t\n\t\t\t\t\t\t\t<\/svg>\n\t\t\t\t\t\t<\/div>\n\t\t\t\t\t<\/div>\n\n\t\t\t\t\t<div class=\"c-card__media \" style=\" \">\n\t\t\t\t\t\t<img decoding=\"async\" width=\"400\" height=\"267\" src=\"https:\/\/noblaskolan.se\/wp-content\/uploads\/2025\/08\/noblaskolansaltsjo-boo202504mellanstadiewebb3-400x267.jpg\" class=\"attachment-sm size-sm\" alt=\"L\u00e4rare hj\u00e4lper elev som sitter vid sin b\u00e4nk i klassrummet.\" sizes=\"(min-width: 64em) 300px, (min-width: 48em) calc(.50 * (100vw - 224px)), calc(100vw - 160px)\" srcset=\"https:\/\/noblaskolan.se\/wp-content\/uploads\/2025\/08\/noblaskolansaltsjo-boo202504mellanstadiewebb3-400x267.jpg 400w, https:\/\/noblaskolan.se\/wp-content\/uploads\/2025\/08\/noblaskolansaltsjo-boo202504mellanstadiewebb3-300x200.jpg 300w, https:\/\/noblaskolan.se\/wp-content\/uploads\/2025\/08\/noblaskolansaltsjo-boo202504mellanstadiewebb3-600x400.jpg 600w, https:\/\/noblaskolan.se\/wp-content\/uploads\/2025\/08\/noblaskolansaltsjo-boo202504mellanstadiewebb3-800x534.jpg 800w, https:\/\/noblaskolan.se\/wp-content\/uploads\/2025\/08\/noblaskolansaltsjo-boo202504mellanstadiewebb3.jpg 1000w\" \/>\n\t\t\t\t\t<\/div>\n\t\t\t\t<\/article>\n\t\t\t<\/li>\n\t\t\t\t\t\t\t\t\t\t\t\t\t\t\t\t\t\n\t\t\t\n\t\t\t\n\t\t\t<li class=\"l-col-6@md l-col-4@lg \" data-filter=\"allmant augusti-2025\">\n\t\t\t\t<article class=\"c-card  has-media-zoom  \" data-variant=\"border\" data-style=\"square\" data-click-area>\n\t\t\t\t\t<div class=\"c-card__content l-stack l-stack-sm\">\n\n\t\t\t\t\t\t\t\t\t\t\t\t\t<time class=\"c-card__date u-font-small\" datetime=\"2025-08-07\">7 augusti, 2025<\/time>\n\t\t\t\t\t\t\n\t\t\t\t\t\t\t\t\t\t\t\t\t<h3 class=\"c-card__title u-font-title-3\">\n\t\t\t\t\t\t\t\t\t\t\t\t\t\t\t\t\t<a class=\"c-card__link\" href=\"https:\/\/noblaskolan.se\/brevik\/artikel\/lokal\/forsta-dagen-i-skolan-en-trygg-start-pa-noblaskolan\">\n\t\t\t\t\t\t\t\t\t\tF\u00f6rsta dagen i skolan \u2013 en trygg start p&#8230;\n\t\t\t\t\t\t\t\t\t<\/a>\n\t\t\t\t\t\t\t\t\t\t\t\t\t\t\t<\/h3>\n\t\t\t\t\t\t\n\t\t\t\t\t\t\t\t\t\t\t\t\t<p class=\"c-card__text l-stack-xs u-font-body\">\n\t\t\t\t\t\t\t\tAtt b\u00f6rja i skolan \u00e4r ett stort steg \u2013 b\u00e5de f\u00f6r barn och v\u00e5rdnadshavare. Det kan&#8230;\n\t\t\t\t\t\t\t<\/p>\n\t\t\t\t\t\t\n\t\t\t\t\t\t\t\t\t\t\t\t\t<ul class=\"c-card__tags l-stack-grow u-list-none u-pt-md\" aria-label=\"Kategorier\">\n\t\t\t\t\t\t\t\t\t\t\t\t\t\t\t\t\t<li><span class=\"c-tag\" data-variant=\"outline\">Allm\u00e4nt<\/span><\/li>\n\t\t\t\t\t\t\t\t\t\t\t\t\t\t\t<\/ul>\n\t\t\t\t\t\t\n\t\t\t\t\t\t<div class=\"c-card__icon\">\n\t\t\t\t\t\t\t\t\t\t\t\t\t\t<svg class=\"ams-icon ams-icon--arrow-right\" width=\"32\" height=\"32\" viewbox=\"0 0 32 32\" fill=\"currentColor\" aria-hidden=\"true\" xmlns=\"http:\/\/www.w3.org\/2000\/svg\">\n\t\t\t\t\t\t\t\t\t\t\t\t\t\t\t\t<path d=\"M15.4617 0.252159L14.9567 0.75931C14.6219 1.09545 14.6219 1.64048 14.9567 1.97669L27.7062 14.7806H0.857144C0.383786 14.7806 0 15.166 0 15.6414V16.3587C0 16.8341 0.383786 17.2195 0.857144 17.2195H27.7062L14.9567 30.0234C14.6219 30.3595 14.6219 30.9045 14.9567 31.2407L15.4617 31.7479C15.7964 32.084 16.3392 32.084 16.6739 31.7479L31.749 16.6087C32.0837 16.2725 32.0837 15.7275 31.749 15.3913L16.6739 0.252159C16.3392 -0.084053 15.7964 -0.084053 15.4617 0.252159Z\"\/>\n\t\t\t\t\t\t\t\n\t\t\t\t\t\t\t<\/svg>\n\t\t\t\t\t\t<\/div>\n\t\t\t\t\t<\/div>\n\n\t\t\t\t\t<div class=\"c-card__media \" style=\" \">\n\t\t\t\t\t\t<img decoding=\"async\" width=\"400\" height=\"267\" src=\"https:\/\/noblaskolan.se\/wp-content\/uploads\/2025\/08\/noblaskolansaltsjo-boo202504lagstadiewebb2-400x267.jpg\" class=\"attachment-sm size-sm\" alt=\"\" sizes=\"(min-width: 64em) 300px, (min-width: 48em) calc(.50 * (100vw - 224px)), calc(100vw - 160px)\" srcset=\"https:\/\/noblaskolan.se\/wp-content\/uploads\/2025\/08\/noblaskolansaltsjo-boo202504lagstadiewebb2-400x267.jpg 400w, https:\/\/noblaskolan.se\/wp-content\/uploads\/2025\/08\/noblaskolansaltsjo-boo202504lagstadiewebb2-300x200.jpg 300w, https:\/\/noblaskolan.se\/wp-content\/uploads\/2025\/08\/noblaskolansaltsjo-boo202504lagstadiewebb2-600x400.jpg 600w, https:\/\/noblaskolan.se\/wp-content\/uploads\/2025\/08\/noblaskolansaltsjo-boo202504lagstadiewebb2-800x534.jpg 800w, https:\/\/noblaskolan.se\/wp-content\/uploads\/2025\/08\/noblaskolansaltsjo-boo202504lagstadiewebb2.jpg 1000w\" \/>\n\t\t\t\t\t<\/div>\n\t\t\t\t<\/article>\n\t\t\t<\/li>\n\t\t\t\t\t\t\t\t\t\t\t\t\t\t\t\t\t\n\t\t\t\n\t\t\t\n\t\t\t<li class=\"l-col-6@md l-col-4@lg \" data-filter=\"allmant augusti-2024\">\n\t\t\t\t<article class=\"c-card  has-media-zoom  \" data-variant=\"border\" data-style=\"square\" data-click-area>\n\t\t\t\t\t<div class=\"c-card__content l-stack l-stack-sm\">\n\n\t\t\t\t\t\t\t\t\t\t\t\t\t<time class=\"c-card__date u-font-small\" datetime=\"2024-08-21\">21 augusti, 2024<\/time>\n\t\t\t\t\t\t\n\t\t\t\t\t\t\t\t\t\t\t\t\t<h3 class=\"c-card__title u-font-title-3\">\n\t\t\t\t\t\t\t\t\t\t\t\t\t\t\t\t\t<a class=\"c-card__link\" href=\"https:\/\/noblaskolan.se\/brevik\/artikel\/lokal\/skolstart-2024\">\n\t\t\t\t\t\t\t\t\t\tNu har h\u00f6stterminen b\u00f6rjat\n\t\t\t\t\t\t\t\t\t<\/a>\n\t\t\t\t\t\t\t\t\t\t\t\t\t\t\t<\/h3>\n\t\t\t\t\t\t\n\t\t\t\t\t\t\t\t\t\t\t\t\t<p class=\"c-card__text l-stack-xs u-font-body\">\n\t\t\t\t\t\t\t\tSkolan har \u00e4ntligen b\u00f6rjat och vi v\u00e4lkomnar tv\u00e5 nya skolor till Noblaskolan.\n\t\t\t\t\t\t\t<\/p>\n\t\t\t\t\t\t\n\t\t\t\t\t\t\t\t\t\t\t\t\t<ul class=\"c-card__tags l-stack-grow u-list-none u-pt-md\" aria-label=\"Kategorier\">\n\t\t\t\t\t\t\t\t\t\t\t\t\t\t\t\t\t<li><span class=\"c-tag\" data-variant=\"outline\">Allm\u00e4nt<\/span><\/li>\n\t\t\t\t\t\t\t\t\t\t\t\t\t\t\t<\/ul>\n\t\t\t\t\t\t\n\t\t\t\t\t\t<div class=\"c-card__icon\">\n\t\t\t\t\t\t\t\t\t\t\t\t\t\t<svg class=\"ams-icon ams-icon--arrow-right\" width=\"32\" height=\"32\" viewbox=\"0 0 32 32\" fill=\"currentColor\" aria-hidden=\"true\" xmlns=\"http:\/\/www.w3.org\/2000\/svg\">\n\t\t\t\t\t\t\t\t\t\t\t\t\t\t\t\t<path d=\"M15.4617 0.252159L14.9567 0.75931C14.6219 1.09545 14.6219 1.64048 14.9567 1.97669L27.7062 14.7806H0.857144C0.383786 14.7806 0 15.166 0 15.6414V16.3587C0 16.8341 0.383786 17.2195 0.857144 17.2195H27.7062L14.9567 30.0234C14.6219 30.3595 14.6219 30.9045 14.9567 31.2407L15.4617 31.7479C15.7964 32.084 16.3392 32.084 16.6739 31.7479L31.749 16.6087C32.0837 16.2725 32.0837 15.7275 31.749 15.3913L16.6739 0.252159C16.3392 -0.084053 15.7964 -0.084053 15.4617 0.252159Z\"\/>\n\t\t\t\t\t\t\t\n\t\t\t\t\t\t\t<\/svg>\n\t\t\t\t\t\t<\/div>\n\t\t\t\t\t<\/div>\n\n\t\t\t\t\t<div class=\"c-card__media \" style=\" \">\n\t\t\t\t\t\t<img decoding=\"async\" width=\"400\" height=\"250\" src=\"https:\/\/noblaskolan.se\/wp-content\/uploads\/2024\/08\/noblaskolan-skola-skolstart-202308-scaled-e1724232206374-400x250.jpg\" class=\"attachment-sm size-sm\" alt=\"Tv\u00e5 elever p\u00e5 Noblaskolan st\u00e5r och skriver p\u00e5 en whiteboard-tavla i klassrummet.\" sizes=\"(min-width: 64em) 300px, (min-width: 48em) calc(.50 * (100vw - 224px)), calc(100vw - 160px)\" srcset=\"https:\/\/noblaskolan.se\/wp-content\/uploads\/2024\/08\/noblaskolan-skola-skolstart-202308-scaled-e1724232206374-400x250.jpg 400w, https:\/\/noblaskolan.se\/wp-content\/uploads\/2024\/08\/noblaskolan-skola-skolstart-202308-scaled-e1724232206374-300x187.jpg 300w, https:\/\/noblaskolan.se\/wp-content\/uploads\/2024\/08\/noblaskolan-skola-skolstart-202308-scaled-e1724232206374-600x375.jpg 600w, https:\/\/noblaskolan.se\/wp-content\/uploads\/2024\/08\/noblaskolan-skola-skolstart-202308-scaled-e1724232206374-800x500.jpg 800w, https:\/\/noblaskolan.se\/wp-content\/uploads\/2024\/08\/noblaskolan-skola-skolstart-202308-scaled-e1724232206374-1024x640.jpg 1024w, https:\/\/noblaskolan.se\/wp-content\/uploads\/2024\/08\/noblaskolan-skola-skolstart-202308-scaled-e1724232206374-1200x750.jpg 1200w\" \/>\n\t\t\t\t\t<\/div>\n\t\t\t\t<\/article>\n\t\t\t<\/li>\n\t\t\t\t\t\t\t\t\t\t\t\t\t\t\t\t\t\n\t\t\t\n\t\t\t\n\t\t\t<li class=\"l-col-6@md l-col-4@lg \" data-filter=\"allmant juni-2024\">\n\t\t\t\t<article class=\"c-card  has-media-zoom  \" data-variant=\"border\" data-style=\"square\" data-click-area>\n\t\t\t\t\t<div class=\"c-card__content l-stack l-stack-sm\">\n\n\t\t\t\t\t\t\t\t\t\t\t\t\t<time class=\"c-card__date u-font-small\" datetime=\"2024-06-19\">19 juni, 2024<\/time>\n\t\t\t\t\t\t\n\t\t\t\t\t\t\t\t\t\t\t\t\t<h3 class=\"c-card__title u-font-title-3\">\n\t\t\t\t\t\t\t\t\t\t\t\t\t\t\t\t\t<a class=\"c-card__link\" href=\"https:\/\/noblaskolan.se\/brevik\/artikel\/lokal\/sommarlovstips\">\n\t\t\t\t\t\t\t\t\t\t\u00c4ntligen sommarlov!\n\t\t\t\t\t\t\t\t\t<\/a>\n\t\t\t\t\t\t\t\t\t\t\t\t\t\t\t<\/h3>\n\t\t\t\t\t\t\n\t\t\t\t\t\t\t\t\t\t\t\t\t<p class=\"c-card__text l-stack-xs u-font-body\">\n\t\t\t\t\t\t\t\t3 tips f\u00f6r en sk\u00f6n sommar och hur ni laddar om inf\u00f6r h\u00f6sten.\n\t\t\t\t\t\t\t<\/p>\n\t\t\t\t\t\t\n\t\t\t\t\t\t\t\t\t\t\t\t\t<ul class=\"c-card__tags l-stack-grow u-list-none u-pt-md\" aria-label=\"Kategorier\">\n\t\t\t\t\t\t\t\t\t\t\t\t\t\t\t\t\t<li><span class=\"c-tag\" data-variant=\"outline\">Allm\u00e4nt<\/span><\/li>\n\t\t\t\t\t\t\t\t\t\t\t\t\t\t\t<\/ul>\n\t\t\t\t\t\t\n\t\t\t\t\t\t<div class=\"c-card__icon\">\n\t\t\t\t\t\t\t\t\t\t\t\t\t\t<svg class=\"ams-icon ams-icon--arrow-right\" width=\"32\" height=\"32\" viewbox=\"0 0 32 32\" fill=\"currentColor\" aria-hidden=\"true\" xmlns=\"http:\/\/www.w3.org\/2000\/svg\">\n\t\t\t\t\t\t\t\t\t\t\t\t\t\t\t\t<path d=\"M15.4617 0.252159L14.9567 0.75931C14.6219 1.09545 14.6219 1.64048 14.9567 1.97669L27.7062 14.7806H0.857144C0.383786 14.7806 0 15.166 0 15.6414V16.3587C0 16.8341 0.383786 17.2195 0.857144 17.2195H27.7062L14.9567 30.0234C14.6219 30.3595 14.6219 30.9045 14.9567 31.2407L15.4617 31.7479C15.7964 32.084 16.3392 32.084 16.6739 31.7479L31.749 16.6087C32.0837 16.2725 32.0837 15.7275 31.749 15.3913L16.6739 0.252159C16.3392 -0.084053 15.7964 -0.084053 15.4617 0.252159Z\"\/>\n\t\t\t\t\t\t\t\n\t\t\t\t\t\t\t<\/svg>\n\t\t\t\t\t\t<\/div>\n\t\t\t\t\t<\/div>\n\n\t\t\t\t\t<div class=\"c-card__media \" style=\" \">\n\t\t\t\t\t\t<img decoding=\"async\" width=\"400\" height=\"267\" src=\"https:\/\/noblaskolan.se\/wp-content\/uploads\/2024\/07\/noblaskolan-sommarlov-202308-400x267.jpg\" class=\"attachment-sm size-sm\" alt=\"Elever p\u00e5 Noblaskolan g\u00e5r tillsammans utanf\u00f6r skolan och ler.\" sizes=\"(min-width: 64em) 300px, (min-width: 48em) calc(.50 * (100vw - 224px)), calc(100vw - 160px)\" srcset=\"https:\/\/noblaskolan.se\/wp-content\/uploads\/2024\/07\/noblaskolan-sommarlov-202308-400x267.jpg 400w, https:\/\/noblaskolan.se\/wp-content\/uploads\/2024\/07\/noblaskolan-sommarlov-202308-300x200.jpg 300w, https:\/\/noblaskolan.se\/wp-content\/uploads\/2024\/07\/noblaskolan-sommarlov-202308-600x400.jpg 600w, https:\/\/noblaskolan.se\/wp-content\/uploads\/2024\/07\/noblaskolan-sommarlov-202308-800x533.jpg 800w, https:\/\/noblaskolan.se\/wp-content\/uploads\/2024\/07\/noblaskolan-sommarlov-202308-1024x683.jpg 1024w, https:\/\/noblaskolan.se\/wp-content\/uploads\/2024\/07\/noblaskolan-sommarlov-202308-1200x800.jpg 1200w\" \/>\n\t\t\t\t\t<\/div>\n\t\t\t\t<\/article>\n\t\t\t<\/li>\n\t\t\t\t\t\t\t\t\t\t\t\t\t\t\t\t\t\n\t\t\t\n\t\t\t\n\t\t\t<li class=\"l-col-6@md l-col-4@lg \" data-filter=\"allmant mars-2024\">\n\t\t\t\t<article class=\"c-card  has-media-zoom  \" data-variant=\"border\" data-style=\"square\" data-click-area>\n\t\t\t\t\t<div class=\"c-card__content l-stack l-stack-sm\">\n\n\t\t\t\t\t\t\t\t\t\t\t\t\t<time class=\"c-card__date u-font-small\" datetime=\"2024-03-14\">14 mars, 2024<\/time>\n\t\t\t\t\t\t\n\t\t\t\t\t\t\t\t\t\t\t\t\t<h3 class=\"c-card__title u-font-title-3\">\n\t\t\t\t\t\t\t\t\t\t\t\t\t\t\t\t\t<a class=\"c-card__link\" href=\"https:\/\/noblaskolan.se\/brevik\/artikel\/lokal\/internationella-matematikdagen-2024\">\n\t\t\t\t\t\t\t\t\t\tInternationella matematikdagen\n\t\t\t\t\t\t\t\t\t<\/a>\n\t\t\t\t\t\t\t\t\t\t\t\t\t\t\t<\/h3>\n\t\t\t\t\t\t\n\t\t\t\t\t\t\t\t\t\t\t\t\t<p class=\"c-card__text l-stack-xs u-font-body\">\n\t\t\t\t\t\t\t\tVarf\u00f6r \u00e4r matematik s\u00e5 viktigt och hur kan man g\u00f6ra matematik roligt?\n\t\t\t\t\t\t\t<\/p>\n\t\t\t\t\t\t\n\t\t\t\t\t\t\t\t\t\t\t\t\t<ul class=\"c-card__tags l-stack-grow u-list-none u-pt-md\" aria-label=\"Kategorier\">\n\t\t\t\t\t\t\t\t\t\t\t\t\t\t\t\t\t<li><span class=\"c-tag\" data-variant=\"outline\">Allm\u00e4nt<\/span><\/li>\n\t\t\t\t\t\t\t\t\t\t\t\t\t\t\t<\/ul>\n\t\t\t\t\t\t\n\t\t\t\t\t\t<div class=\"c-card__icon\">\n\t\t\t\t\t\t\t\t\t\t\t\t\t\t<svg class=\"ams-icon ams-icon--arrow-right\" width=\"32\" height=\"32\" viewbox=\"0 0 32 32\" fill=\"currentColor\" aria-hidden=\"true\" xmlns=\"http:\/\/www.w3.org\/2000\/svg\">\n\t\t\t\t\t\t\t\t\t\t\t\t\t\t\t\t<path d=\"M15.4617 0.252159L14.9567 0.75931C14.6219 1.09545 14.6219 1.64048 14.9567 1.97669L27.7062 14.7806H0.857144C0.383786 14.7806 0 15.166 0 15.6414V16.3587C0 16.8341 0.383786 17.2195 0.857144 17.2195H27.7062L14.9567 30.0234C14.6219 30.3595 14.6219 30.9045 14.9567 31.2407L15.4617 31.7479C15.7964 32.084 16.3392 32.084 16.6739 31.7479L31.749 16.6087C32.0837 16.2725 32.0837 15.7275 31.749 15.3913L16.6739 0.252159C16.3392 -0.084053 15.7964 -0.084053 15.4617 0.252159Z\"\/>\n\t\t\t\t\t\t\t\n\t\t\t\t\t\t\t<\/svg>\n\t\t\t\t\t\t<\/div>\n\t\t\t\t\t<\/div>\n\n\t\t\t\t\t<div class=\"c-card__media \" style=\" \">\n\t\t\t\t\t\t<img decoding=\"async\" width=\"400\" height=\"267\" src=\"https:\/\/noblaskolan.se\/wp-content\/uploads\/2024\/03\/noblaskolan-internationella-matematikdagen-grundskola-202204-400x267.jpg\" class=\"attachment-sm size-sm\" alt=\"Elever p\u00e5 Noblaskolan r\u00e4knar matte p\u00e5 en whiteboard i ett klassrum.\" sizes=\"(min-width: 64em) 300px, (min-width: 48em) calc(.50 * (100vw - 224px)), calc(100vw - 160px)\" srcset=\"https:\/\/noblaskolan.se\/wp-content\/uploads\/2024\/03\/noblaskolan-internationella-matematikdagen-grundskola-202204-400x267.jpg 400w, https:\/\/noblaskolan.se\/wp-content\/uploads\/2024\/03\/noblaskolan-internationella-matematikdagen-grundskola-202204-300x200.jpg 300w, https:\/\/noblaskolan.se\/wp-content\/uploads\/2024\/03\/noblaskolan-internationella-matematikdagen-grundskola-202204-600x400.jpg 600w, https:\/\/noblaskolan.se\/wp-content\/uploads\/2024\/03\/noblaskolan-internationella-matematikdagen-grundskola-202204-800x533.jpg 800w, https:\/\/noblaskolan.se\/wp-content\/uploads\/2024\/03\/noblaskolan-internationella-matematikdagen-grundskola-202204-1024x683.jpg 1024w, https:\/\/noblaskolan.se\/wp-content\/uploads\/2024\/03\/noblaskolan-internationella-matematikdagen-grundskola-202204-1200x800.jpg 1200w, https:\/\/noblaskolan.se\/wp-content\/uploads\/2024\/03\/noblaskolan-internationella-matematikdagen-grundskola-202204.jpg 1920w\" \/>\n\t\t\t\t\t<\/div>\n\t\t\t\t<\/article>\n\t\t\t<\/li>\n\t\t\t\t\t\t\t\t\t\t\t\t\t\t\t\t\t\n\t\t\t\n\t\t\t\n\t\t\t<li class=\"l-col-6@md l-col-4@lg \" data-filter=\"skolvalet januari-2024\">\n\t\t\t\t<article class=\"c-card  has-media-zoom  \" data-variant=\"border\" data-style=\"square\" data-click-area>\n\t\t\t\t\t<div class=\"c-card__content l-stack l-stack-sm\">\n\n\t\t\t\t\t\t\t\t\t\t\t\t\t<time class=\"c-card__date u-font-small\" datetime=\"2024-01-24\">24 januari, 2024<\/time>\n\t\t\t\t\t\t\n\t\t\t\t\t\t\t\t\t\t\t\t\t<h3 class=\"c-card__title u-font-title-3\">\n\t\t\t\t\t\t\t\t\t\t\t\t\t\t\t\t\t<a class=\"c-card__link\" href=\"https:\/\/noblaskolan.se\/brevik\/artikel\/lokal\/3-tips-for-ett-valgrundat-skolval\">\n\t\t\t\t\t\t\t\t\t\t3 tips f\u00f6r ett v\u00e4lgrundat skolval\n\t\t\t\t\t\t\t\t\t<\/a>\n\t\t\t\t\t\t\t\t\t\t\t\t\t\t\t<\/h3>\n\t\t\t\t\t\t\n\t\t\t\t\t\t\t\t\t\t\t\t\t<p class=\"c-card__text l-stack-xs u-font-body\">\n\t\t\t\t\t\t\t\tHur ska man t\u00e4nka f\u00f6r att ta ett v\u00e4lgrundat skolval?\n\t\t\t\t\t\t\t<\/p>\n\t\t\t\t\t\t\n\t\t\t\t\t\t\t\t\t\t\t\t\t<ul class=\"c-card__tags l-stack-grow u-list-none u-pt-md\" aria-label=\"Kategorier\">\n\t\t\t\t\t\t\t\t\t\t\t\t\t\t\t\t\t<li><span class=\"c-tag\" data-variant=\"outline\">Skolvalet<\/span><\/li>\n\t\t\t\t\t\t\t\t\t\t\t\t\t\t\t<\/ul>\n\t\t\t\t\t\t\n\t\t\t\t\t\t<div class=\"c-card__icon\">\n\t\t\t\t\t\t\t\t\t\t\t\t\t\t<svg class=\"ams-icon ams-icon--arrow-right\" width=\"32\" height=\"32\" viewbox=\"0 0 32 32\" fill=\"currentColor\" aria-hidden=\"true\" xmlns=\"http:\/\/www.w3.org\/2000\/svg\">\n\t\t\t\t\t\t\t\t\t\t\t\t\t\t\t\t<path d=\"M15.4617 0.252159L14.9567 0.75931C14.6219 1.09545 14.6219 1.64048 14.9567 1.97669L27.7062 14.7806H0.857144C0.383786 14.7806 0 15.166 0 15.6414V16.3587C0 16.8341 0.383786 17.2195 0.857144 17.2195H27.7062L14.9567 30.0234C14.6219 30.3595 14.6219 30.9045 14.9567 31.2407L15.4617 31.7479C15.7964 32.084 16.3392 32.084 16.6739 31.7479L31.749 16.6087C32.0837 16.2725 32.0837 15.7275 31.749 15.3913L16.6739 0.252159C16.3392 -0.084053 15.7964 -0.084053 15.4617 0.252159Z\"\/>\n\t\t\t\t\t\t\t\n\t\t\t\t\t\t\t<\/svg>\n\t\t\t\t\t\t<\/div>\n\t\t\t\t\t<\/div>\n\n\t\t\t\t\t<div class=\"c-card__media \" style=\" \">\n\t\t\t\t\t\t<img decoding=\"async\" width=\"400\" height=\"252\" src=\"https:\/\/noblaskolan.se\/wp-content\/uploads\/2024\/01\/noblaskolan-skolval-tips-202308-scaled-e1706078841388-400x252.jpg\" class=\"attachment-sm size-sm\" alt=\"En glad elev p\u00e5 Noblaskolan skriver i en l\u00e4robok under en lektion.\" sizes=\"(min-width: 64em) 300px, (min-width: 48em) calc(.50 * (100vw - 224px)), calc(100vw - 160px)\" srcset=\"https:\/\/noblaskolan.se\/wp-content\/uploads\/2024\/01\/noblaskolan-skolval-tips-202308-scaled-e1706078841388-400x252.jpg 400w, https:\/\/noblaskolan.se\/wp-content\/uploads\/2024\/01\/noblaskolan-skolval-tips-202308-scaled-e1706078841388-300x189.jpg 300w, https:\/\/noblaskolan.se\/wp-content\/uploads\/2024\/01\/noblaskolan-skolval-tips-202308-scaled-e1706078841388-600x377.jpg 600w, https:\/\/noblaskolan.se\/wp-content\/uploads\/2024\/01\/noblaskolan-skolval-tips-202308-scaled-e1706078841388-800x503.jpg 800w, https:\/\/noblaskolan.se\/wp-content\/uploads\/2024\/01\/noblaskolan-skolval-tips-202308-scaled-e1706078841388-1024x644.jpg 1024w, https:\/\/noblaskolan.se\/wp-content\/uploads\/2024\/01\/noblaskolan-skolval-tips-202308-scaled-e1706078841388-1200x755.jpg 1200w, https:\/\/noblaskolan.se\/wp-content\/uploads\/2024\/01\/noblaskolan-skolval-tips-202308-scaled-e1706078841388.jpg 1964w\" \/>\n\t\t\t\t\t<\/div>\n\t\t\t\t<\/article>\n\t\t\t<\/li>\n\t\t\t\t\t\t\t\t\t\t\t\t\t\t\t\t\t\n\t\t\t\n\t\t\t\n\t\t\t<li class=\"l-col-6@md l-col-4@lg \" data-filter=\"allmant oktober-2023\">\n\t\t\t\t<article class=\"c-card  has-media-zoom  \" data-variant=\"border\" data-style=\"square\" data-click-area>\n\t\t\t\t\t<div class=\"c-card__content l-stack l-stack-sm\">\n\n\t\t\t\t\t\t\t\t\t\t\t\t\t<time class=\"c-card__date u-font-small\" datetime=\"2023-10-13\">13 oktober, 2023<\/time>\n\t\t\t\t\t\t\n\t\t\t\t\t\t\t\t\t\t\t\t\t<h3 class=\"c-card__title u-font-title-3\">\n\t\t\t\t\t\t\t\t\t\t\t\t\t\t\t\t\t<a class=\"c-card__link\" href=\"https:\/\/noblaskolan.se\/brevik\/artikel\/lokal\/nobladagen-2023\">\n\t\t\t\t\t\t\t\t\t\tIdag firar vi Nobladagen!\n\t\t\t\t\t\t\t\t\t<\/a>\n\t\t\t\t\t\t\t\t\t\t\t\t\t\t\t<\/h3>\n\t\t\t\t\t\t\n\t\t\t\t\t\t\t\t\t\t\t\t\t<p class=\"c-card__text l-stack-xs u-font-body\">\n\t\t\t\t\t\t\t\tImorgon 14 oktober fyller vi tre \u00e5r \u2013 men vi firar Nobladage&#8230;\n\t\t\t\t\t\t\t<\/p>\n\t\t\t\t\t\t\n\t\t\t\t\t\t\t\t\t\t\t\t\t<ul class=\"c-card__tags l-stack-grow u-list-none u-pt-md\" aria-label=\"Kategorier\">\n\t\t\t\t\t\t\t\t\t\t\t\t\t\t\t\t\t<li><span class=\"c-tag\" data-variant=\"outline\">Allm\u00e4nt<\/span><\/li>\n\t\t\t\t\t\t\t\t\t\t\t\t\t\t\t<\/ul>\n\t\t\t\t\t\t\n\t\t\t\t\t\t<div class=\"c-card__icon\">\n\t\t\t\t\t\t\t\t\t\t\t\t\t\t<svg class=\"ams-icon ams-icon--arrow-right\" width=\"32\" height=\"32\" viewbox=\"0 0 32 32\" fill=\"currentColor\" aria-hidden=\"true\" xmlns=\"http:\/\/www.w3.org\/2000\/svg\">\n\t\t\t\t\t\t\t\t\t\t\t\t\t\t\t\t<path d=\"M15.4617 0.252159L14.9567 0.75931C14.6219 1.09545 14.6219 1.64048 14.9567 1.97669L27.7062 14.7806H0.857144C0.383786 14.7806 0 15.166 0 15.6414V16.3587C0 16.8341 0.383786 17.2195 0.857144 17.2195H27.7062L14.9567 30.0234C14.6219 30.3595 14.6219 30.9045 14.9567 31.2407L15.4617 31.7479C15.7964 32.084 16.3392 32.084 16.6739 31.7479L31.749 16.6087C32.0837 16.2725 32.0837 15.7275 31.749 15.3913L16.6739 0.252159C16.3392 -0.084053 15.7964 -0.084053 15.4617 0.252159Z\"\/>\n\t\t\t\t\t\t\t\n\t\t\t\t\t\t\t<\/svg>\n\t\t\t\t\t\t<\/div>\n\t\t\t\t\t<\/div>\n\n\t\t\t\t\t<div class=\"c-card__media \" style=\" \">\n\t\t\t\t\t\t<img decoding=\"async\" width=\"400\" height=\"306\" src=\"https:\/\/noblaskolan.se\/wp-content\/uploads\/2023\/10\/noblaskolannobladagensomeinlaggokt2023-1-400x306.jpg\" class=\"attachment-sm size-sm\" alt=\"Elev p\u00e5 Noblaskolan sitter i ett klasssrum och ler.\" sizes=\"(min-width: 64em) 300px, (min-width: 48em) calc(.50 * (100vw - 224px)), calc(100vw - 160px)\" srcset=\"https:\/\/noblaskolan.se\/wp-content\/uploads\/2023\/10\/noblaskolannobladagensomeinlaggokt2023-1-400x306.jpg 400w, https:\/\/noblaskolan.se\/wp-content\/uploads\/2023\/10\/noblaskolannobladagensomeinlaggokt2023-1-300x230.jpg 300w, https:\/\/noblaskolan.se\/wp-content\/uploads\/2023\/10\/noblaskolannobladagensomeinlaggokt2023-1-600x459.jpg 600w, https:\/\/noblaskolan.se\/wp-content\/uploads\/2023\/10\/noblaskolannobladagensomeinlaggokt2023-1-800x613.jpg 800w, https:\/\/noblaskolan.se\/wp-content\/uploads\/2023\/10\/noblaskolannobladagensomeinlaggokt2023-1-1024x784.jpg 1024w, https:\/\/noblaskolan.se\/wp-content\/uploads\/2023\/10\/noblaskolannobladagensomeinlaggokt2023-1-1200x919.jpg 1200w, https:\/\/noblaskolan.se\/wp-content\/uploads\/2023\/10\/noblaskolannobladagensomeinlaggokt2023-1.jpg 1622w\" \/>\n\t\t\t\t\t<\/div>\n\t\t\t\t<\/article>\n\t\t\t<\/li>\n\t\t\t\t\t\t\t\t\t\t\t\t\t\t\t\t\t\n\t\t\t\n\t\t\t\n\t\t\t<li class=\"l-col-6@md l-col-4@lg \" data-filter=\"allmant augusti-2023\">\n\t\t\t\t<article class=\"c-card  has-media-zoom  \" data-variant=\"border\" data-style=\"square\" data-click-area>\n\t\t\t\t\t<div class=\"c-card__content l-stack l-stack-sm\">\n\n\t\t\t\t\t\t\t\t\t\t\t\t\t<time class=\"c-card__date u-font-small\" datetime=\"2023-08-21\">21 augusti, 2023<\/time>\n\t\t\t\t\t\t\n\t\t\t\t\t\t\t\t\t\t\t\t\t<h3 class=\"c-card__title u-font-title-3\">\n\t\t\t\t\t\t\t\t\t\t\t\t\t\t\t\t\t<a class=\"c-card__link\" href=\"https:\/\/noblaskolan.se\/brevik\/artikel\/lokal\/skolstart-2023\">\n\t\t\t\t\t\t\t\t\t\tNu startar h\u00f6stterminen!\n\t\t\t\t\t\t\t\t\t<\/a>\n\t\t\t\t\t\t\t\t\t\t\t\t\t\t\t<\/h3>\n\t\t\t\t\t\t\n\t\t\t\t\t\t\t\t\t\t\t\t\t<p class=\"c-card__text l-stack-xs u-font-body\">\n\t\t\t\t\t\t\t\tVi \u00e4r glada \u00f6ver att \u00e4ntligen kunna v\u00e4lkomna alla barn och elever, b\u00e5d&#8230;\n\t\t\t\t\t\t\t<\/p>\n\t\t\t\t\t\t\n\t\t\t\t\t\t\t\t\t\t\t\t\t<ul class=\"c-card__tags l-stack-grow u-list-none u-pt-md\" aria-label=\"Kategorier\">\n\t\t\t\t\t\t\t\t\t\t\t\t\t\t\t\t\t<li><span class=\"c-tag\" data-variant=\"outline\">Allm\u00e4nt<\/span><\/li>\n\t\t\t\t\t\t\t\t\t\t\t\t\t\t\t<\/ul>\n\t\t\t\t\t\t\n\t\t\t\t\t\t<div class=\"c-card__icon\">\n\t\t\t\t\t\t\t\t\t\t\t\t\t\t<svg class=\"ams-icon ams-icon--arrow-right\" width=\"32\" height=\"32\" viewbox=\"0 0 32 32\" fill=\"currentColor\" aria-hidden=\"true\" xmlns=\"http:\/\/www.w3.org\/2000\/svg\">\n\t\t\t\t\t\t\t\t\t\t\t\t\t\t\t\t<path d=\"M15.4617 0.252159L14.9567 0.75931C14.6219 1.09545 14.6219 1.64048 14.9567 1.97669L27.7062 14.7806H0.857144C0.383786 14.7806 0 15.166 0 15.6414V16.3587C0 16.8341 0.383786 17.2195 0.857144 17.2195H27.7062L14.9567 30.0234C14.6219 30.3595 14.6219 30.9045 14.9567 31.2407L15.4617 31.7479C15.7964 32.084 16.3392 32.084 16.6739 31.7479L31.749 16.6087C32.0837 16.2725 32.0837 15.7275 31.749 15.3913L16.6739 0.252159C16.3392 -0.084053 15.7964 -0.084053 15.4617 0.252159Z\"\/>\n\t\t\t\t\t\t\t\n\t\t\t\t\t\t\t<\/svg>\n\t\t\t\t\t\t<\/div>\n\t\t\t\t\t<\/div>\n\n\t\t\t\t\t<div class=\"c-card__media \" style=\" \">\n\t\t\t\t\t\t<img decoding=\"async\" width=\"400\" height=\"267\" src=\"https:\/\/noblaskolan.se\/wp-content\/uploads\/2023\/08\/noblaskolan202304webb25-400x267.jpg\" class=\"attachment-sm size-sm\" alt=\"Elev p\u00e5 Noblaskolan sitter vid en skolb\u00e4nk p\u00e5 lektion och ler in i kameran.\" sizes=\"(min-width: 64em) 300px, (min-width: 48em) calc(.50 * (100vw - 224px)), calc(100vw - 160px)\" srcset=\"https:\/\/noblaskolan.se\/wp-content\/uploads\/2023\/08\/noblaskolan202304webb25-400x267.jpg 400w, https:\/\/noblaskolan.se\/wp-content\/uploads\/2023\/08\/noblaskolan202304webb25-300x200.jpg 300w, https:\/\/noblaskolan.se\/wp-content\/uploads\/2023\/08\/noblaskolan202304webb25-600x400.jpg 600w, https:\/\/noblaskolan.se\/wp-content\/uploads\/2023\/08\/noblaskolan202304webb25-800x533.jpg 800w, https:\/\/noblaskolan.se\/wp-content\/uploads\/2023\/08\/noblaskolan202304webb25-1024x683.jpg 1024w, https:\/\/noblaskolan.se\/wp-content\/uploads\/2023\/08\/noblaskolan202304webb25-1200x800.jpg 1200w, https:\/\/noblaskolan.se\/wp-content\/uploads\/2023\/08\/noblaskolan202304webb25.jpg 2048w\" \/>\n\t\t\t\t\t<\/div>\n\t\t\t\t<\/article>\n\t\t\t<\/li>\n\t\t\t\t\t\t\t\t\t\t\t\t\t\t\t\t\t\n\t\t\t\n\t\t\t\n\t\t\t<li class=\"l-col-6@md l-col-4@lg \" data-filter=\"allmant juni-2023\">\n\t\t\t\t<article class=\"c-card  has-media-zoom  \" data-variant=\"border\" data-style=\"square\" data-click-area>\n\t\t\t\t\t<div class=\"c-card__content l-stack l-stack-sm\">\n\n\t\t\t\t\t\t\t\t\t\t\t\t\t<time class=\"c-card__date u-font-small\" datetime=\"2023-06-12\">12 juni, 2023<\/time>\n\t\t\t\t\t\t\n\t\t\t\t\t\t\t\t\t\t\t\t\t<h3 class=\"c-card__title u-font-title-3\">\n\t\t\t\t\t\t\t\t\t\t\t\t\t\t\t\t\t<a class=\"c-card__link\" href=\"https:\/\/noblaskolan.se\/brevik\/artikel\/lokal\/tips-pa-sommaraktiviteter\">\n\t\t\t\t\t\t\t\t\t\t3 tips p\u00e5 sommaraktiviteter\n\t\t\t\t\t\t\t\t\t<\/a>\n\t\t\t\t\t\t\t\t\t\t\t\t\t\t\t<\/h3>\n\t\t\t\t\t\t\n\t\t\t\t\t\t\t\t\t\t\t\t\t<p class=\"c-card__text l-stack-xs u-font-body\">\n\t\t\t\t\t\t\t\tTr\u00e4na p\u00e5 probleml\u00f6sning och matematik under sommarlovet med ditt barn\n\t\t\t\t\t\t\t<\/p>\n\t\t\t\t\t\t\n\t\t\t\t\t\t\t\t\t\t\t\t\t<ul class=\"c-card__tags l-stack-grow u-list-none u-pt-md\" aria-label=\"Kategorier\">\n\t\t\t\t\t\t\t\t\t\t\t\t\t\t\t\t\t<li><span class=\"c-tag\" data-variant=\"outline\">Allm\u00e4nt<\/span><\/li>\n\t\t\t\t\t\t\t\t\t\t\t\t\t\t\t<\/ul>\n\t\t\t\t\t\t\n\t\t\t\t\t\t<div class=\"c-card__icon\">\n\t\t\t\t\t\t\t\t\t\t\t\t\t\t<svg class=\"ams-icon ams-icon--arrow-right\" width=\"32\" height=\"32\" viewbox=\"0 0 32 32\" fill=\"currentColor\" aria-hidden=\"true\" xmlns=\"http:\/\/www.w3.org\/2000\/svg\">\n\t\t\t\t\t\t\t\t\t\t\t\t\t\t\t\t<path d=\"M15.4617 0.252159L14.9567 0.75931C14.6219 1.09545 14.6219 1.64048 14.9567 1.97669L27.7062 14.7806H0.857144C0.383786 14.7806 0 15.166 0 15.6414V16.3587C0 16.8341 0.383786 17.2195 0.857144 17.2195H27.7062L14.9567 30.0234C14.6219 30.3595 14.6219 30.9045 14.9567 31.2407L15.4617 31.7479C15.7964 32.084 16.3392 32.084 16.6739 31.7479L31.749 16.6087C32.0837 16.2725 32.0837 15.7275 31.749 15.3913L16.6739 0.252159C16.3392 -0.084053 15.7964 -0.084053 15.4617 0.252159Z\"\/>\n\t\t\t\t\t\t\t\n\t\t\t\t\t\t\t<\/svg>\n\t\t\t\t\t\t<\/div>\n\t\t\t\t\t<\/div>\n\n\t\t\t\t\t<div class=\"c-card__media \" style=\" \">\n\t\t\t\t\t\t<img decoding=\"async\" width=\"362\" height=\"272\" src=\"https:\/\/noblaskolan.se\/wp-content\/uploads\/2024\/04\/noblaskolan-artikelkort-363x272-1.png\" class=\"attachment-sm size-sm\" alt=\"Logotyp Noblaskolan.\" sizes=\"(min-width: 64em) 300px, (min-width: 48em) calc(.50 * (100vw - 224px)), calc(100vw - 160px)\" srcset=\"https:\/\/noblaskolan.se\/wp-content\/uploads\/2024\/04\/noblaskolan-artikelkort-363x272-1.png 362w, https:\/\/noblaskolan.se\/wp-content\/uploads\/2024\/04\/noblaskolan-artikelkort-363x272-1-300x225.png 300w\" \/>\n\t\t\t\t\t<\/div>\n\t\t\t\t<\/article>\n\t\t\t<\/li>\n\t\t\t\t\t\t\t\t\t\t\t\t\t\t\t\t\t\n\t\t\t\n\t\t\t\n\t\t\t<li class=\"l-col-6@md l-col-4@lg \" data-filter=\"allmant april-2023\">\n\t\t\t\t<article class=\"c-card  has-media-zoom  \" data-variant=\"border\" data-style=\"square\" data-click-area>\n\t\t\t\t\t<div class=\"c-card__content l-stack l-stack-sm\">\n\n\t\t\t\t\t\t\t\t\t\t\t\t\t<time class=\"c-card__date u-font-small\" datetime=\"2023-04-13\">13 april, 2023<\/time>\n\t\t\t\t\t\t\n\t\t\t\t\t\t\t\t\t\t\t\t\t<h3 class=\"c-card__title u-font-title-3\">\n\t\t\t\t\t\t\t\t\t\t\t\t\t\t\t\t\t<a class=\"c-card__link\" href=\"https:\/\/noblaskolan.se\/brevik\/artikel\/lokal\/noblakoden-bidrar-till-tydliga-forvantningar\">\n\t\t\t\t\t\t\t\t\t\tNoblakoden\n\t\t\t\t\t\t\t\t\t<\/a>\n\t\t\t\t\t\t\t\t\t\t\t\t\t\t\t<\/h3>\n\t\t\t\t\t\t\n\t\t\t\t\t\t\t\t\t\t\t\t\t<p class=\"c-card__text l-stack-xs u-font-body\">\n\t\t\t\t\t\t\t\tS\u00e5 skapar vi en gemensam f\u00f6rv\u00e4ntansbild kring saker som \u00e4r viktiga f\u00f6r en bra skolmilj\u00f6.\n\t\t\t\t\t\t\t<\/p>\n\t\t\t\t\t\t\n\t\t\t\t\t\t\t\t\t\t\t\t\t<ul class=\"c-card__tags l-stack-grow u-list-none u-pt-md\" aria-label=\"Kategorier\">\n\t\t\t\t\t\t\t\t\t\t\t\t\t\t\t\t\t<li><span class=\"c-tag\" data-variant=\"outline\">Allm\u00e4nt<\/span><\/li>\n\t\t\t\t\t\t\t\t\t\t\t\t\t\t\t<\/ul>\n\t\t\t\t\t\t\n\t\t\t\t\t\t<div class=\"c-card__icon\">\n\t\t\t\t\t\t\t\t\t\t\t\t\t\t<svg class=\"ams-icon ams-icon--arrow-right\" width=\"32\" height=\"32\" viewbox=\"0 0 32 32\" fill=\"currentColor\" aria-hidden=\"true\" xmlns=\"http:\/\/www.w3.org\/2000\/svg\">\n\t\t\t\t\t\t\t\t\t\t\t\t\t\t\t\t<path d=\"M15.4617 0.252159L14.9567 0.75931C14.6219 1.09545 14.6219 1.64048 14.9567 1.97669L27.7062 14.7806H0.857144C0.383786 14.7806 0 15.166 0 15.6414V16.3587C0 16.8341 0.383786 17.2195 0.857144 17.2195H27.7062L14.9567 30.0234C14.6219 30.3595 14.6219 30.9045 14.9567 31.2407L15.4617 31.7479C15.7964 32.084 16.3392 32.084 16.6739 31.7479L31.749 16.6087C32.0837 16.2725 32.0837 15.7275 31.749 15.3913L16.6739 0.252159C16.3392 -0.084053 15.7964 -0.084053 15.4617 0.252159Z\"\/>\n\t\t\t\t\t\t\t\n\t\t\t\t\t\t\t<\/svg>\n\t\t\t\t\t\t<\/div>\n\t\t\t\t\t<\/div>\n\n\t\t\t\t\t<div class=\"c-card__media \" style=\" \">\n\t\t\t\t\t\t<img decoding=\"async\" width=\"400\" height=\"225\" src=\"https:\/\/noblaskolan.se\/wp-content\/uploads\/2023\/04\/noblaskolannoblakodenthumbnailyoutube-400x225.jpg\" class=\"attachment-sm size-sm\" alt=\"Noblakoden ligger p\u00e5 en skolb\u00e4nk.\" sizes=\"(min-width: 64em) 300px, (min-width: 48em) calc(.50 * (100vw - 224px)), calc(100vw - 160px)\" srcset=\"https:\/\/noblaskolan.se\/wp-content\/uploads\/2023\/04\/noblaskolannoblakodenthumbnailyoutube-400x225.jpg 400w, https:\/\/noblaskolan.se\/wp-content\/uploads\/2023\/04\/noblaskolannoblakodenthumbnailyoutube-300x169.jpg 300w, https:\/\/noblaskolan.se\/wp-content\/uploads\/2023\/04\/noblaskolannoblakodenthumbnailyoutube-600x337.jpg 600w, https:\/\/noblaskolan.se\/wp-content\/uploads\/2023\/04\/noblaskolannoblakodenthumbnailyoutube-800x449.jpg 800w, https:\/\/noblaskolan.se\/wp-content\/uploads\/2023\/04\/noblaskolannoblakodenthumbnailyoutube-1024x575.jpg 1024w, https:\/\/noblaskolan.se\/wp-content\/uploads\/2023\/04\/noblaskolannoblakodenthumbnailyoutube-1200x674.jpg 1200w, https:\/\/noblaskolan.se\/wp-content\/uploads\/2023\/04\/noblaskolannoblakodenthumbnailyoutube.jpg 1280w\" \/>\n\t\t\t\t\t<\/div>\n\t\t\t\t<\/article>\n\t\t\t<\/li>\n\t\t\t\t\t\t\t\t\t\t\t\t\t\t\t\t\t\n\t\t\t\n\t\t\t\n\t\t\t<li class=\"l-col-6@md l-col-4@lg \" data-filter=\"allmant mars-2023\">\n\t\t\t\t<article class=\"c-card  has-media-zoom  \" data-variant=\"border\" data-style=\"square\" data-click-area>\n\t\t\t\t\t<div class=\"c-card__content l-stack l-stack-sm\">\n\n\t\t\t\t\t\t\t\t\t\t\t\t\t<time class=\"c-card__date u-font-small\" datetime=\"2023-03-14\">14 mars, 2023<\/time>\n\t\t\t\t\t\t\n\t\t\t\t\t\t\t\t\t\t\t\t\t<h3 class=\"c-card__title u-font-title-3\">\n\t\t\t\t\t\t\t\t\t\t\t\t\t\t\t\t\t<a class=\"c-card__link\" href=\"https:\/\/noblaskolan.se\/brevik\/artikel\/lokal\/fira-pi-dagen\">\n\t\t\t\t\t\t\t\t\t\tS\u00e5 kan du fira pi-dagen\n\t\t\t\t\t\t\t\t\t<\/a>\n\t\t\t\t\t\t\t\t\t\t\t\t\t\t\t<\/h3>\n\t\t\t\t\t\t\n\t\t\t\t\t\t\t\t\t\t\t\t\t<p class=\"c-card__text l-stack-xs u-font-body\">\n\t\t\t\t\t\t\t\t14 mars \u00e4r det pi-dagen och internationella matematikdagen. Det \u00e4r sj\u00e4lvklart n\u00e5got vi firar!\n\t\t\t\t\t\t\t<\/p>\n\t\t\t\t\t\t\n\t\t\t\t\t\t\t\t\t\t\t\t\t<ul class=\"c-card__tags l-stack-grow u-list-none u-pt-md\" aria-label=\"Kategorier\">\n\t\t\t\t\t\t\t\t\t\t\t\t\t\t\t\t\t<li><span class=\"c-tag\" data-variant=\"outline\">Allm\u00e4nt<\/span><\/li>\n\t\t\t\t\t\t\t\t\t\t\t\t\t\t\t<\/ul>\n\t\t\t\t\t\t\n\t\t\t\t\t\t<div class=\"c-card__icon\">\n\t\t\t\t\t\t\t\t\t\t\t\t\t\t<svg class=\"ams-icon ams-icon--arrow-right\" width=\"32\" height=\"32\" viewbox=\"0 0 32 32\" fill=\"currentColor\" aria-hidden=\"true\" xmlns=\"http:\/\/www.w3.org\/2000\/svg\">\n\t\t\t\t\t\t\t\t\t\t\t\t\t\t\t\t<path d=\"M15.4617 0.252159L14.9567 0.75931C14.6219 1.09545 14.6219 1.64048 14.9567 1.97669L27.7062 14.7806H0.857144C0.383786 14.7806 0 15.166 0 15.6414V16.3587C0 16.8341 0.383786 17.2195 0.857144 17.2195H27.7062L14.9567 30.0234C14.6219 30.3595 14.6219 30.9045 14.9567 31.2407L15.4617 31.7479C15.7964 32.084 16.3392 32.084 16.6739 31.7479L31.749 16.6087C32.0837 16.2725 32.0837 15.7275 31.749 15.3913L16.6739 0.252159C16.3392 -0.084053 15.7964 -0.084053 15.4617 0.252159Z\"\/>\n\t\t\t\t\t\t\t\n\t\t\t\t\t\t\t<\/svg>\n\t\t\t\t\t\t<\/div>\n\t\t\t\t\t<\/div>\n\n\t\t\t\t\t<div class=\"c-card__media \" style=\" \">\n\t\t\t\t\t\t<img decoding=\"async\" width=\"400\" height=\"167\" src=\"https:\/\/noblaskolan.se\/wp-content\/uploads\/2022\/03\/noblaskolandynamicsutskickbilderpidagen600x250px-400x167.jpeg\" class=\"attachment-sm size-sm\" alt=\"\" sizes=\"(min-width: 64em) 300px, (min-width: 48em) calc(.50 * (100vw - 224px)), calc(100vw - 160px)\" srcset=\"https:\/\/noblaskolan.se\/wp-content\/uploads\/2022\/03\/noblaskolandynamicsutskickbilderpidagen600x250px-400x167.jpeg 400w, https:\/\/noblaskolan.se\/wp-content\/uploads\/2022\/03\/noblaskolandynamicsutskickbilderpidagen600x250px-300x125.jpeg 300w, https:\/\/noblaskolan.se\/wp-content\/uploads\/2022\/03\/noblaskolandynamicsutskickbilderpidagen600x250px.jpeg 600w\" \/>\n\t\t\t\t\t<\/div>\n\t\t\t\t<\/article>\n\t\t\t<\/li>\n\t\t\t\t\t\t\t\t\t\t\t\t\t\t\t\t\t\n\t\t\t\n\t\t\t\n\t\t\t<li class=\"l-col-6@md l-col-4@lg \" data-filter=\"allmant februari-2023\">\n\t\t\t\t<article class=\"c-card  has-media-zoom  \" data-variant=\"border\" data-style=\"square\" data-click-area>\n\t\t\t\t\t<div class=\"c-card__content l-stack l-stack-sm\">\n\n\t\t\t\t\t\t\t\t\t\t\t\t\t<time class=\"c-card__date u-font-small\" datetime=\"2023-02-15\">15 februari, 2023<\/time>\n\t\t\t\t\t\t\n\t\t\t\t\t\t\t\t\t\t\t\t\t<h3 class=\"c-card__title u-font-title-3\">\n\t\t\t\t\t\t\t\t\t\t\t\t\t\t\t\t\t<a class=\"c-card__link\" href=\"https:\/\/noblaskolan.se\/brevik\/artikel\/lokal\/schack-i-skolan-bade-kul-och-nyttigt\">\n\t\t\t\t\t\t\t\t\t\tSchack i skolan \u2013 b\u00e5de kul och nyttigt\n\t\t\t\t\t\t\t\t\t<\/a>\n\t\t\t\t\t\t\t\t\t\t\t\t\t\t\t<\/h3>\n\t\t\t\t\t\t\n\t\t\t\t\t\t\t\t\t\t\t\t\t<p class=\"c-card__text l-stack-xs u-font-body\">\n\t\t\t\t\t\t\t\tEtt verktyg f\u00f6r att tr\u00e4na p\u00e5 strategi, matematik och det sociala.\n\t\t\t\t\t\t\t<\/p>\n\t\t\t\t\t\t\n\t\t\t\t\t\t\t\t\t\t\t\t\t<ul class=\"c-card__tags l-stack-grow u-list-none u-pt-md\" aria-label=\"Kategorier\">\n\t\t\t\t\t\t\t\t\t\t\t\t\t\t\t\t\t<li><span class=\"c-tag\" data-variant=\"outline\">Allm\u00e4nt<\/span><\/li>\n\t\t\t\t\t\t\t\t\t\t\t\t\t\t\t<\/ul>\n\t\t\t\t\t\t\n\t\t\t\t\t\t<div class=\"c-card__icon\">\n\t\t\t\t\t\t\t\t\t\t\t\t\t\t<svg class=\"ams-icon ams-icon--arrow-right\" width=\"32\" height=\"32\" viewbox=\"0 0 32 32\" fill=\"currentColor\" aria-hidden=\"true\" xmlns=\"http:\/\/www.w3.org\/2000\/svg\">\n\t\t\t\t\t\t\t\t\t\t\t\t\t\t\t\t<path d=\"M15.4617 0.252159L14.9567 0.75931C14.6219 1.09545 14.6219 1.64048 14.9567 1.97669L27.7062 14.7806H0.857144C0.383786 14.7806 0 15.166 0 15.6414V16.3587C0 16.8341 0.383786 17.2195 0.857144 17.2195H27.7062L14.9567 30.0234C14.6219 30.3595 14.6219 30.9045 14.9567 31.2407L15.4617 31.7479C15.7964 32.084 16.3392 32.084 16.6739 31.7479L31.749 16.6087C32.0837 16.2725 32.0837 15.7275 31.749 15.3913L16.6739 0.252159C16.3392 -0.084053 15.7964 -0.084053 15.4617 0.252159Z\"\/>\n\t\t\t\t\t\t\t\n\t\t\t\t\t\t\t<\/svg>\n\t\t\t\t\t\t<\/div>\n\t\t\t\t\t<\/div>\n\n\t\t\t\t\t<div class=\"c-card__media \" style=\" \">\n\t\t\t\t\t\t<img decoding=\"async\" width=\"400\" height=\"267\" src=\"https:\/\/noblaskolan.se\/wp-content\/uploads\/2023\/01\/noblaskolanhagabergfotoschackfyran1-scaled-400x267.jpg\" class=\"attachment-sm size-sm\" alt=\"Elever p\u00e5 Noblaskolan sitter vid ett bord och spelar tv\u00e5 olika schackmatcher.\" sizes=\"(min-width: 64em) 300px, (min-width: 48em) calc(.50 * (100vw - 224px)), calc(100vw - 160px)\" srcset=\"https:\/\/noblaskolan.se\/wp-content\/uploads\/2023\/01\/noblaskolanhagabergfotoschackfyran1-scaled-400x267.jpg 400w, https:\/\/noblaskolan.se\/wp-content\/uploads\/2023\/01\/noblaskolanhagabergfotoschackfyran1-scaled-300x200.jpg 300w, https:\/\/noblaskolan.se\/wp-content\/uploads\/2023\/01\/noblaskolanhagabergfotoschackfyran1-scaled-600x400.jpg 600w, https:\/\/noblaskolan.se\/wp-content\/uploads\/2023\/01\/noblaskolanhagabergfotoschackfyran1-scaled-800x533.jpg 800w, https:\/\/noblaskolan.se\/wp-content\/uploads\/2023\/01\/noblaskolanhagabergfotoschackfyran1-scaled-1024x683.jpg 1024w, https:\/\/noblaskolan.se\/wp-content\/uploads\/2023\/01\/noblaskolanhagabergfotoschackfyran1-scaled-1200x800.jpg 1200w\" \/>\n\t\t\t\t\t<\/div>\n\t\t\t\t<\/article>\n\t\t\t<\/li>\n\t\t\t\t\t\t\t\t\t\t\t\t\t\t\t\t\t\n\t\t\t\n\t\t\t\n\t\t\t<li class=\"l-col-6@md l-col-4@lg \" data-filter=\"skolvalet januari-2023\">\n\t\t\t\t<article class=\"c-card  has-media-zoom  \" data-variant=\"border\" data-style=\"square\" data-click-area>\n\t\t\t\t\t<div class=\"c-card__content l-stack l-stack-sm\">\n\n\t\t\t\t\t\t\t\t\t\t\t\t\t<time class=\"c-card__date u-font-small\" datetime=\"2023-01-19\">19 januari, 2023<\/time>\n\t\t\t\t\t\t\n\t\t\t\t\t\t\t\t\t\t\t\t\t<h3 class=\"c-card__title u-font-title-3\">\n\t\t\t\t\t\t\t\t\t\t\t\t\t\t\t\t\t<a class=\"c-card__link\" href=\"https:\/\/noblaskolan.se\/brevik\/artikel\/skolval-2023\/\">\n\t\t\t\t\t\t\t\t\t\tHar du gjort ett skolval?\n\t\t\t\t\t\t\t\t\t<\/a>\n\t\t\t\t\t\t\t\t\t\t\t\t\t\t\t<\/h3>\n\t\t\t\t\t\t\n\t\t\t\t\t\t\t\t\t\t\t\t\t<p class=\"c-card__text l-stack-xs u-font-body\">\n\t\t\t\t\t\t\t\tVill du ha en skola med h\u00f6ga ambitioner? V\u00e4lj Noblaskolan!\n\t\t\t\t\t\t\t<\/p>\n\t\t\t\t\t\t\n\t\t\t\t\t\t\t\t\t\t\t\t\t<ul class=\"c-card__tags l-stack-grow u-list-none u-pt-md\" aria-label=\"Kategorier\">\n\t\t\t\t\t\t\t\t\t\t\t\t\t\t\t\t\t<li><span class=\"c-tag\" data-variant=\"outline\">Skolvalet<\/span><\/li>\n\t\t\t\t\t\t\t\t\t\t\t\t\t\t\t<\/ul>\n\t\t\t\t\t\t\n\t\t\t\t\t\t<div class=\"c-card__icon\">\n\t\t\t\t\t\t\t\t\t\t\t\t\t\t<svg class=\"ams-icon ams-icon--arrow-right\" width=\"32\" height=\"32\" viewbox=\"0 0 32 32\" fill=\"currentColor\" aria-hidden=\"true\" xmlns=\"http:\/\/www.w3.org\/2000\/svg\">\n\t\t\t\t\t\t\t\t\t\t\t\t\t\t\t\t<path d=\"M15.4617 0.252159L14.9567 0.75931C14.6219 1.09545 14.6219 1.64048 14.9567 1.97669L27.7062 14.7806H0.857144C0.383786 14.7806 0 15.166 0 15.6414V16.3587C0 16.8341 0.383786 17.2195 0.857144 17.2195H27.7062L14.9567 30.0234C14.6219 30.3595 14.6219 30.9045 14.9567 31.2407L15.4617 31.7479C15.7964 32.084 16.3392 32.084 16.6739 31.7479L31.749 16.6087C32.0837 16.2725 32.0837 15.7275 31.749 15.3913L16.6739 0.252159C16.3392 -0.084053 15.7964 -0.084053 15.4617 0.252159Z\"\/>\n\t\t\t\t\t\t\t\n\t\t\t\t\t\t\t<\/svg>\n\t\t\t\t\t\t<\/div>\n\t\t\t\t\t<\/div>\n\n\t\t\t\t\t<div class=\"c-card__media \" style=\" \">\n\t\t\t\t\t\t<img decoding=\"async\" width=\"362\" height=\"272\" src=\"https:\/\/noblaskolan.se\/wp-content\/uploads\/2024\/04\/noblaskolan-artikelkort-363x272-1.png\" class=\"attachment-sm size-sm\" alt=\"Logotyp Noblaskolan.\" sizes=\"(min-width: 64em) 300px, (min-width: 48em) calc(.50 * (100vw - 224px)), calc(100vw - 160px)\" srcset=\"https:\/\/noblaskolan.se\/wp-content\/uploads\/2024\/04\/noblaskolan-artikelkort-363x272-1.png 362w, https:\/\/noblaskolan.se\/wp-content\/uploads\/2024\/04\/noblaskolan-artikelkort-363x272-1-300x225.png 300w\" \/>\n\t\t\t\t\t<\/div>\n\t\t\t\t<\/article>\n\t\t\t<\/li>\n\t\t\t\t\t\t\t\t\t\t\t\t\t\t\t\t\t\n\t\t\t\n\t\t\t\n\t\t\t<li class=\"l-col-6@md l-col-4@lg \" data-filter=\"allmant december-2022\">\n\t\t\t\t<article class=\"c-card  has-media-zoom  \" data-variant=\"border\" data-style=\"square\" data-click-area>\n\t\t\t\t\t<div class=\"c-card__content l-stack l-stack-sm\">\n\n\t\t\t\t\t\t\t\t\t\t\t\t\t<time class=\"c-card__date u-font-small\" datetime=\"2022-12-09\">9 december, 2022<\/time>\n\t\t\t\t\t\t\n\t\t\t\t\t\t\t\t\t\t\t\t\t<h3 class=\"c-card__title u-font-title-3\">\n\t\t\t\t\t\t\t\t\t\t\t\t\t\t\t\t\t<a class=\"c-card__link\" href=\"https:\/\/noblaskolan.se\/brevik\/artikel\/nobeldagen-2022\/\">\n\t\t\t\t\t\t\t\t\t\tNobeldagen\n\t\t\t\t\t\t\t\t\t<\/a>\n\t\t\t\t\t\t\t\t\t\t\t\t\t\t\t<\/h3>\n\t\t\t\t\t\t\n\t\t\t\t\t\t\t\t\t\t\t\t\t<p class=\"c-card__text l-stack-xs u-font-body\">\n\t\t\t\t\t\t\t\tIdag uppm\u00e4rksammar vi Nobeldagen med v\u00e5ra barn och elever\n\t\t\t\t\t\t\t<\/p>\n\t\t\t\t\t\t\n\t\t\t\t\t\t\t\t\t\t\t\t\t<ul class=\"c-card__tags l-stack-grow u-list-none u-pt-md\" aria-label=\"Kategorier\">\n\t\t\t\t\t\t\t\t\t\t\t\t\t\t\t\t\t<li><span class=\"c-tag\" data-variant=\"outline\">Allm\u00e4nt<\/span><\/li>\n\t\t\t\t\t\t\t\t\t\t\t\t\t\t\t<\/ul>\n\t\t\t\t\t\t\n\t\t\t\t\t\t<div class=\"c-card__icon\">\n\t\t\t\t\t\t\t\t\t\t\t\t\t\t<svg class=\"ams-icon ams-icon--arrow-right\" width=\"32\" height=\"32\" viewbox=\"0 0 32 32\" fill=\"currentColor\" aria-hidden=\"true\" xmlns=\"http:\/\/www.w3.org\/2000\/svg\">\n\t\t\t\t\t\t\t\t\t\t\t\t\t\t\t\t<path d=\"M15.4617 0.252159L14.9567 0.75931C14.6219 1.09545 14.6219 1.64048 14.9567 1.97669L27.7062 14.7806H0.857144C0.383786 14.7806 0 15.166 0 15.6414V16.3587C0 16.8341 0.383786 17.2195 0.857144 17.2195H27.7062L14.9567 30.0234C14.6219 30.3595 14.6219 30.9045 14.9567 31.2407L15.4617 31.7479C15.7964 32.084 16.3392 32.084 16.6739 31.7479L31.749 16.6087C32.0837 16.2725 32.0837 15.7275 31.749 15.3913L16.6739 0.252159C16.3392 -0.084053 15.7964 -0.084053 15.4617 0.252159Z\"\/>\n\t\t\t\t\t\t\t\n\t\t\t\t\t\t\t<\/svg>\n\t\t\t\t\t\t<\/div>\n\t\t\t\t\t<\/div>\n\n\t\t\t\t\t<div class=\"c-card__media \" style=\" \">\n\t\t\t\t\t\t<img decoding=\"async\" width=\"362\" height=\"272\" src=\"https:\/\/noblaskolan.se\/wp-content\/uploads\/2024\/04\/noblaskolan-artikelkort-363x272-1.png\" class=\"attachment-sm size-sm\" alt=\"Logotyp Noblaskolan.\" sizes=\"(min-width: 64em) 300px, (min-width: 48em) calc(.50 * (100vw - 224px)), calc(100vw - 160px)\" srcset=\"https:\/\/noblaskolan.se\/wp-content\/uploads\/2024\/04\/noblaskolan-artikelkort-363x272-1.png 362w, https:\/\/noblaskolan.se\/wp-content\/uploads\/2024\/04\/noblaskolan-artikelkort-363x272-1-300x225.png 300w\" \/>\n\t\t\t\t\t<\/div>\n\t\t\t\t<\/article>\n\t\t\t<\/li>\n\t\t\t\t\t\t\t\t\t\t\t\t\t\t\t\t\t\n\t\t\t\n\t\t\t\n\t\t\t<li class=\"l-col-6@md l-col-4@lg \" data-filter=\"allmant oktober-2022\">\n\t\t\t\t<article class=\"c-card  has-media-zoom  \" data-variant=\"border\" data-style=\"square\" data-click-area>\n\t\t\t\t\t<div class=\"c-card__content l-stack l-stack-sm\">\n\n\t\t\t\t\t\t\t\t\t\t\t\t\t<time class=\"c-card__date u-font-small\" datetime=\"2022-10-14\">14 oktober, 2022<\/time>\n\t\t\t\t\t\t\n\t\t\t\t\t\t\t\t\t\t\t\t\t<h3 class=\"c-card__title u-font-title-3\">\n\t\t\t\t\t\t\t\t\t\t\t\t\t\t\t\t\t<a class=\"c-card__link\" href=\"https:\/\/noblaskolan.se\/brevik\/artikel\/lokal\/nobladagen-2022\">\n\t\t\t\t\t\t\t\t\t\tIdag \u00e4r det Nobladagen!\n\t\t\t\t\t\t\t\t\t<\/a>\n\t\t\t\t\t\t\t\t\t\t\t\t\t\t\t<\/h3>\n\t\t\t\t\t\t\n\t\t\t\t\t\t\t\t\t\t\t\t\t<p class=\"c-card__text l-stack-xs u-font-body\">\n\t\t\t\t\t\t\t\t14 oktober firar vi Nobladagen p\u00e5 alla v\u00e5ra skolor.\n\t\t\t\t\t\t\t<\/p>\n\t\t\t\t\t\t\n\t\t\t\t\t\t\t\t\t\t\t\t\t<ul class=\"c-card__tags l-stack-grow u-list-none u-pt-md\" aria-label=\"Kategorier\">\n\t\t\t\t\t\t\t\t\t\t\t\t\t\t\t\t\t<li><span class=\"c-tag\" data-variant=\"outline\">Allm\u00e4nt<\/span><\/li>\n\t\t\t\t\t\t\t\t\t\t\t\t\t\t\t<\/ul>\n\t\t\t\t\t\t\n\t\t\t\t\t\t<div class=\"c-card__icon\">\n\t\t\t\t\t\t\t\t\t\t\t\t\t\t<svg class=\"ams-icon ams-icon--arrow-right\" width=\"32\" height=\"32\" viewbox=\"0 0 32 32\" fill=\"currentColor\" aria-hidden=\"true\" xmlns=\"http:\/\/www.w3.org\/2000\/svg\">\n\t\t\t\t\t\t\t\t\t\t\t\t\t\t\t\t<path d=\"M15.4617 0.252159L14.9567 0.75931C14.6219 1.09545 14.6219 1.64048 14.9567 1.97669L27.7062 14.7806H0.857144C0.383786 14.7806 0 15.166 0 15.6414V16.3587C0 16.8341 0.383786 17.2195 0.857144 17.2195H27.7062L14.9567 30.0234C14.6219 30.3595 14.6219 30.9045 14.9567 31.2407L15.4617 31.7479C15.7964 32.084 16.3392 32.084 16.6739 31.7479L31.749 16.6087C32.0837 16.2725 32.0837 15.7275 31.749 15.3913L16.6739 0.252159C16.3392 -0.084053 15.7964 -0.084053 15.4617 0.252159Z\"\/>\n\t\t\t\t\t\t\t\n\t\t\t\t\t\t\t<\/svg>\n\t\t\t\t\t\t<\/div>\n\t\t\t\t\t<\/div>\n\n\t\t\t\t\t<div class=\"c-card__media \" style=\" \">\n\t\t\t\t\t\t<img decoding=\"async\" width=\"400\" height=\"283\" src=\"https:\/\/noblaskolan.se\/wp-content\/uploads\/2022\/10\/noblawebboktnobladagenljusgron-e1665731303917-400x283.jpg\" class=\"attachment-sm size-sm\" alt=\"Tv\u00e5 mellanstadieelever p\u00e5 Noblaskolan sitter i ett klassrum.\" sizes=\"(min-width: 64em) 300px, (min-width: 48em) calc(.50 * (100vw - 224px)), calc(100vw - 160px)\" srcset=\"https:\/\/noblaskolan.se\/wp-content\/uploads\/2022\/10\/noblawebboktnobladagenljusgron-e1665731303917-400x283.jpg 400w, https:\/\/noblaskolan.se\/wp-content\/uploads\/2022\/10\/noblawebboktnobladagenljusgron-e1665731303917-300x212.jpg 300w, https:\/\/noblaskolan.se\/wp-content\/uploads\/2022\/10\/noblawebboktnobladagenljusgron-e1665731303917-600x424.jpg 600w, https:\/\/noblaskolan.se\/wp-content\/uploads\/2022\/10\/noblawebboktnobladagenljusgron-e1665731303917-800x565.jpg 800w, https:\/\/noblaskolan.se\/wp-content\/uploads\/2022\/10\/noblawebboktnobladagenljusgron-e1665731303917.jpg 954w\" \/>\n\t\t\t\t\t<\/div>\n\t\t\t\t<\/article>\n\t\t\t<\/li>\n\t\t\t\t\t\t\t\t\t\t\t\t\t\t\t\t\t\n\t\t\t\n\t\t\t\n\t\t\t<li class=\"l-col-6@md l-col-4@lg \" data-filter=\"allmant september-2022\">\n\t\t\t\t<article class=\"c-card  has-media-zoom  \" data-variant=\"border\" data-style=\"square\" data-click-area>\n\t\t\t\t\t<div class=\"c-card__content l-stack l-stack-sm\">\n\n\t\t\t\t\t\t\t\t\t\t\t\t\t<time class=\"c-card__date u-font-small\" datetime=\"2022-09-30\">30 september, 2022<\/time>\n\t\t\t\t\t\t\n\t\t\t\t\t\t\t\t\t\t\t\t\t<h3 class=\"c-card__title u-font-title-3\">\n\t\t\t\t\t\t\t\t\t\t\t\t\t\t\t\t\t<a class=\"c-card__link\" href=\"https:\/\/noblaskolan.se\/brevik\/artikel\/lokal\/brevik-skola-blir-noblaskolan-brevik\">\n\t\t\t\t\t\t\t\t\t\tBrevik skola blir Noblaskolan Brevik\n\t\t\t\t\t\t\t\t\t<\/a>\n\t\t\t\t\t\t\t\t\t\t\t\t\t\t\t<\/h3>\n\t\t\t\t\t\t\n\t\t\t\t\t\t\t\t\t\t\t\t\t<p class=\"c-card__text l-stack-xs u-font-body\">\n\t\t\t\t\t\t\t\tIdag \u00e4r vi v\u00e4lkomnar vi Brevik skola till v\u00e5ra Noblaskolor runt om i Sverige.\n\t\t\t\t\t\t\t<\/p>\n\t\t\t\t\t\t\n\t\t\t\t\t\t\t\t\t\t\t\t\t<ul class=\"c-card__tags l-stack-grow u-list-none u-pt-md\" aria-label=\"Kategorier\">\n\t\t\t\t\t\t\t\t\t\t\t\t\t\t\t\t\t<li><span class=\"c-tag\" data-variant=\"outline\">Allm\u00e4nt<\/span><\/li>\n\t\t\t\t\t\t\t\t\t\t\t\t\t\t\t<\/ul>\n\t\t\t\t\t\t\n\t\t\t\t\t\t<div class=\"c-card__icon\">\n\t\t\t\t\t\t\t\t\t\t\t\t\t\t<svg class=\"ams-icon ams-icon--arrow-right\" width=\"32\" height=\"32\" viewbox=\"0 0 32 32\" fill=\"currentColor\" aria-hidden=\"true\" xmlns=\"http:\/\/www.w3.org\/2000\/svg\">\n\t\t\t\t\t\t\t\t\t\t\t\t\t\t\t\t<path d=\"M15.4617 0.252159L14.9567 0.75931C14.6219 1.09545 14.6219 1.64048 14.9567 1.97669L27.7062 14.7806H0.857144C0.383786 14.7806 0 15.166 0 15.6414V16.3587C0 16.8341 0.383786 17.2195 0.857144 17.2195H27.7062L14.9567 30.0234C14.6219 30.3595 14.6219 30.9045 14.9567 31.2407L15.4617 31.7479C15.7964 32.084 16.3392 32.084 16.6739 31.7479L31.749 16.6087C32.0837 16.2725 32.0837 15.7275 31.749 15.3913L16.6739 0.252159C16.3392 -0.084053 15.7964 -0.084053 15.4617 0.252159Z\"\/>\n\t\t\t\t\t\t\t\n\t\t\t\t\t\t\t<\/svg>\n\t\t\t\t\t\t<\/div>\n\t\t\t\t\t<\/div>\n\n\t\t\t\t\t<div class=\"c-card__media \" style=\" \">\n\t\t\t\t\t\t<img decoding=\"async\" width=\"400\" height=\"533\" src=\"https:\/\/noblaskolan.se\/wp-content\/uploads\/2022\/09\/img19451-400x533.jpg\" class=\"attachment-sm size-sm\" alt=\"Noblaskolan Breviks fasad med ballonger p\u00e5 grinden.\" sizes=\"(min-width: 64em) 300px, (min-width: 48em) calc(.50 * (100vw - 224px)), calc(100vw - 160px)\" srcset=\"https:\/\/noblaskolan.se\/wp-content\/uploads\/2022\/09\/img19451-400x533.jpg 400w, https:\/\/noblaskolan.se\/wp-content\/uploads\/2022\/09\/img19451-300x400.jpg 300w, https:\/\/noblaskolan.se\/wp-content\/uploads\/2022\/09\/img19451.jpg 600w\" \/>\n\t\t\t\t\t<\/div>\n\t\t\t\t<\/article>\n\t\t\t<\/li>\n\t\t\t\t\t\t\t\t\t\t\t\t\t\t\t\t\t\n\t\t\t\n\t\t\t\n\t\t\t<li class=\"l-col-6@md l-col-4@lg \" data-filter=\"allmant april-2022\">\n\t\t\t\t<article class=\"c-card  has-media-zoom  \" data-variant=\"border\" data-style=\"square\" data-click-area>\n\t\t\t\t\t<div class=\"c-card__content l-stack l-stack-sm\">\n\n\t\t\t\t\t\t\t\t\t\t\t\t\t<time class=\"c-card__date u-font-small\" datetime=\"2022-04-21\">21 april, 2022<\/time>\n\t\t\t\t\t\t\n\t\t\t\t\t\t\t\t\t\t\t\t\t<h3 class=\"c-card__title u-font-title-3\">\n\t\t\t\t\t\t\t\t\t\t\t\t\t\t\t\t\t<a class=\"c-card__link\" href=\"https:\/\/noblaskolan.se\/brevik\/artikel\/lokal\/5-tips-for-att-fa-till-laxlasningen-hemma\">\n\t\t\t\t\t\t\t\t\t\t5 l\u00e4xl\u00e4sningstips\n\t\t\t\t\t\t\t\t\t<\/a>\n\t\t\t\t\t\t\t\t\t\t\t\t\t\t\t<\/h3>\n\t\t\t\t\t\t\n\t\t\t\t\t\t\t\t\t\t\t\t\t<p class=\"c-card__text l-stack-xs u-font-body\">\n\t\t\t\t\t\t\t\t5 tips som underl\u00e4ttar l\u00e4xl\u00e4sningen hemm&#8230;\n\t\t\t\t\t\t\t<\/p>\n\t\t\t\t\t\t\n\t\t\t\t\t\t\t\t\t\t\t\t\t<ul class=\"c-card__tags l-stack-grow u-list-none u-pt-md\" aria-label=\"Kategorier\">\n\t\t\t\t\t\t\t\t\t\t\t\t\t\t\t\t\t<li><span class=\"c-tag\" data-variant=\"outline\">Allm\u00e4nt<\/span><\/li>\n\t\t\t\t\t\t\t\t\t\t\t\t\t\t\t<\/ul>\n\t\t\t\t\t\t\n\t\t\t\t\t\t<div class=\"c-card__icon\">\n\t\t\t\t\t\t\t\t\t\t\t\t\t\t<svg class=\"ams-icon ams-icon--arrow-right\" width=\"32\" height=\"32\" viewbox=\"0 0 32 32\" fill=\"currentColor\" aria-hidden=\"true\" xmlns=\"http:\/\/www.w3.org\/2000\/svg\">\n\t\t\t\t\t\t\t\t\t\t\t\t\t\t\t\t<path d=\"M15.4617 0.252159L14.9567 0.75931C14.6219 1.09545 14.6219 1.64048 14.9567 1.97669L27.7062 14.7806H0.857144C0.383786 14.7806 0 15.166 0 15.6414V16.3587C0 16.8341 0.383786 17.2195 0.857144 17.2195H27.7062L14.9567 30.0234C14.6219 30.3595 14.6219 30.9045 14.9567 31.2407L15.4617 31.7479C15.7964 32.084 16.3392 32.084 16.6739 31.7479L31.749 16.6087C32.0837 16.2725 32.0837 15.7275 31.749 15.3913L16.6739 0.252159C16.3392 -0.084053 15.7964 -0.084053 15.4617 0.252159Z\"\/>\n\t\t\t\t\t\t\t\n\t\t\t\t\t\t\t<\/svg>\n\t\t\t\t\t\t<\/div>\n\t\t\t\t\t<\/div>\n\n\t\t\t\t\t<div class=\"c-card__media \" style=\" \">\n\t\t\t\t\t\t<img decoding=\"async\" width=\"400\" height=\"257\" src=\"https:\/\/noblaskolan.se\/wp-content\/uploads\/2022\/04\/noblaskolanlaxlasningartikelbild2-e1650522816507-400x257.jpg\" class=\"attachment-sm size-sm\" alt=\"\" sizes=\"(min-width: 64em) 300px, (min-width: 48em) calc(.50 * (100vw - 224px)), calc(100vw - 160px)\" srcset=\"https:\/\/noblaskolan.se\/wp-content\/uploads\/2022\/04\/noblaskolanlaxlasningartikelbild2-e1650522816507-400x257.jpg 400w, https:\/\/noblaskolan.se\/wp-content\/uploads\/2022\/04\/noblaskolanlaxlasningartikelbild2-e1650522816507-300x192.jpg 300w, https:\/\/noblaskolan.se\/wp-content\/uploads\/2022\/04\/noblaskolanlaxlasningartikelbild2-e1650522816507-600x385.jpg 600w, https:\/\/noblaskolan.se\/wp-content\/uploads\/2022\/04\/noblaskolanlaxlasningartikelbild2-e1650522816507-800x513.jpg 800w, https:\/\/noblaskolan.se\/wp-content\/uploads\/2022\/04\/noblaskolanlaxlasningartikelbild2-e1650522816507.jpg 812w\" \/>\n\t\t\t\t\t<\/div>\n\t\t\t\t<\/article>\n\t\t\t<\/li>\n\t\t\t\t\t\t\t\t\t\t\t\t\t\t\t\t\t\n\t\t\t\n\t\t\t\n\t\t\t<li class=\"l-col-6@md l-col-4@lg \" data-filter=\"allmant mars-2022\">\n\t\t\t\t<article class=\"c-card  has-media-zoom  \" data-variant=\"border\" data-style=\"square\" data-click-area>\n\t\t\t\t\t<div class=\"c-card__content l-stack l-stack-sm\">\n\n\t\t\t\t\t\t\t\t\t\t\t\t\t<time class=\"c-card__date u-font-small\" datetime=\"2022-03-14\">14 mars, 2022<\/time>\n\t\t\t\t\t\t\n\t\t\t\t\t\t\t\t\t\t\t\t\t<h3 class=\"c-card__title u-font-title-3\">\n\t\t\t\t\t\t\t\t\t\t\t\t\t\t\t\t\t<a class=\"c-card__link\" href=\"https:\/\/noblaskolan.se\/brevik\/artikel\/4-spannande-fakta-om-pi\/\">\n\t\t\t\t\t\t\t\t\t\t4 sp\u00e4nnande fakta om pi\n\t\t\t\t\t\t\t\t\t<\/a>\n\t\t\t\t\t\t\t\t\t\t\t\t\t\t\t<\/h3>\n\t\t\t\t\t\t\n\t\t\t\t\t\t\t\t\t\t\t\t\t<p class=\"c-card__text l-stack-xs u-font-body\">\n\t\t\t\t\t\t\t\tVisste du detta om pi och pi-dagen?\n\t\t\t\t\t\t\t<\/p>\n\t\t\t\t\t\t\n\t\t\t\t\t\t\t\t\t\t\t\t\t<ul class=\"c-card__tags l-stack-grow u-list-none u-pt-md\" aria-label=\"Kategorier\">\n\t\t\t\t\t\t\t\t\t\t\t\t\t\t\t\t\t<li><span class=\"c-tag\" data-variant=\"outline\">Allm\u00e4nt<\/span><\/li>\n\t\t\t\t\t\t\t\t\t\t\t\t\t\t\t<\/ul>\n\t\t\t\t\t\t\n\t\t\t\t\t\t<div class=\"c-card__icon\">\n\t\t\t\t\t\t\t\t\t\t\t\t\t\t<svg class=\"ams-icon ams-icon--arrow-right\" width=\"32\" height=\"32\" viewbox=\"0 0 32 32\" fill=\"currentColor\" aria-hidden=\"true\" xmlns=\"http:\/\/www.w3.org\/2000\/svg\">\n\t\t\t\t\t\t\t\t\t\t\t\t\t\t\t\t<path d=\"M15.4617 0.252159L14.9567 0.75931C14.6219 1.09545 14.6219 1.64048 14.9567 1.97669L27.7062 14.7806H0.857144C0.383786 14.7806 0 15.166 0 15.6414V16.3587C0 16.8341 0.383786 17.2195 0.857144 17.2195H27.7062L14.9567 30.0234C14.6219 30.3595 14.6219 30.9045 14.9567 31.2407L15.4617 31.7479C15.7964 32.084 16.3392 32.084 16.6739 31.7479L31.749 16.6087C32.0837 16.2725 32.0837 15.7275 31.749 15.3913L16.6739 0.252159C16.3392 -0.084053 15.7964 -0.084053 15.4617 0.252159Z\"\/>\n\t\t\t\t\t\t\t\n\t\t\t\t\t\t\t<\/svg>\n\t\t\t\t\t\t<\/div>\n\t\t\t\t\t<\/div>\n\n\t\t\t\t\t<div class=\"c-card__media \" style=\" \">\n\t\t\t\t\t\t<img decoding=\"async\" width=\"400\" height=\"167\" src=\"https:\/\/noblaskolan.se\/wp-content\/uploads\/sites\/34\/2022\/03\/noblaskolanpidagen-400x167.jpg\" class=\"attachment-sm size-sm\" alt=\"Pi-dagen 14 mars.\" sizes=\"(min-width: 64em) 300px, (min-width: 48em) calc(.50 * (100vw - 224px)), calc(100vw - 160px)\" srcset=\"https:\/\/noblaskolan.se\/wp-content\/uploads\/sites\/34\/2022\/03\/noblaskolanpidagen-400x167.jpg 400w, https:\/\/noblaskolan.se\/wp-content\/uploads\/sites\/34\/2022\/03\/noblaskolanpidagen-300x125.jpg 300w, https:\/\/noblaskolan.se\/wp-content\/uploads\/sites\/34\/2022\/03\/noblaskolanpidagen-600x250.jpg 600w, https:\/\/noblaskolan.se\/wp-content\/uploads\/sites\/34\/2022\/03\/noblaskolanpidagen-800x333.jpg 800w, https:\/\/noblaskolan.se\/wp-content\/uploads\/sites\/34\/2022\/03\/noblaskolanpidagen-1024x427.jpg 1024w, https:\/\/noblaskolan.se\/wp-content\/uploads\/sites\/34\/2022\/03\/noblaskolanpidagen-1200x500.jpg 1200w, https:\/\/noblaskolan.se\/wp-content\/uploads\/sites\/34\/2022\/03\/noblaskolanpidagen.jpg 1250w\" \/>\n\t\t\t\t\t<\/div>\n\t\t\t\t<\/article>\n\t\t\t<\/li>\n\t\t\t\t\t\t\t\t\t\t\t\t\t\t\t\t\t\n\t\t\t\n\t\t\t\n\t\t\t<li class=\"l-col-6@md l-col-4@lg \" data-filter=\"allmant februari-2022\">\n\t\t\t\t<article class=\"c-card  has-media-zoom  \" data-variant=\"border\" data-style=\"square\" data-click-area>\n\t\t\t\t\t<div class=\"c-card__content l-stack l-stack-sm\">\n\n\t\t\t\t\t\t\t\t\t\t\t\t\t<time class=\"c-card__date u-font-small\" datetime=\"2022-02-28\">28 februari, 2022<\/time>\n\t\t\t\t\t\t\n\t\t\t\t\t\t\t\t\t\t\t\t\t<h3 class=\"c-card__title u-font-title-3\">\n\t\t\t\t\t\t\t\t\t\t\t\t\t\t\t\t\t<a class=\"c-card__link\" href=\"https:\/\/noblaskolan.se\/brevik\/artikel\/lokal\/noblautmaningen-2\">\n\t\t\t\t\t\t\t\t\t\tNoblautmaningen\n\t\t\t\t\t\t\t\t\t<\/a>\n\t\t\t\t\t\t\t\t\t\t\t\t\t\t\t<\/h3>\n\t\t\t\t\t\t\n\t\t\t\t\t\t\t\t\t\t\t\t\t<p class=\"c-card__text l-stack-xs u-font-body\">\n\t\t\t\t\t\t\t\tP\u00e5 Noblaskolan tycker vi att det \u00e4r vikt&#8230;\n\t\t\t\t\t\t\t<\/p>\n\t\t\t\t\t\t\n\t\t\t\t\t\t\t\t\t\t\t\t\t<ul class=\"c-card__tags l-stack-grow u-list-none u-pt-md\" aria-label=\"Kategorier\">\n\t\t\t\t\t\t\t\t\t\t\t\t\t\t\t\t\t<li><span class=\"c-tag\" data-variant=\"outline\">Allm\u00e4nt<\/span><\/li>\n\t\t\t\t\t\t\t\t\t\t\t\t\t\t\t<\/ul>\n\t\t\t\t\t\t\n\t\t\t\t\t\t<div class=\"c-card__icon\">\n\t\t\t\t\t\t\t\t\t\t\t\t\t\t<svg class=\"ams-icon ams-icon--arrow-right\" width=\"32\" height=\"32\" viewbox=\"0 0 32 32\" fill=\"currentColor\" aria-hidden=\"true\" xmlns=\"http:\/\/www.w3.org\/2000\/svg\">\n\t\t\t\t\t\t\t\t\t\t\t\t\t\t\t\t<path d=\"M15.4617 0.252159L14.9567 0.75931C14.6219 1.09545 14.6219 1.64048 14.9567 1.97669L27.7062 14.7806H0.857144C0.383786 14.7806 0 15.166 0 15.6414V16.3587C0 16.8341 0.383786 17.2195 0.857144 17.2195H27.7062L14.9567 30.0234C14.6219 30.3595 14.6219 30.9045 14.9567 31.2407L15.4617 31.7479C15.7964 32.084 16.3392 32.084 16.6739 31.7479L31.749 16.6087C32.0837 16.2725 32.0837 15.7275 31.749 15.3913L16.6739 0.252159C16.3392 -0.084053 15.7964 -0.084053 15.4617 0.252159Z\"\/>\n\t\t\t\t\t\t\t\n\t\t\t\t\t\t\t<\/svg>\n\t\t\t\t\t\t<\/div>\n\t\t\t\t\t<\/div>\n\n\t\t\t\t\t<div class=\"c-card__media \" style=\" \">\n\t\t\t\t\t\t<img decoding=\"async\" width=\"362\" height=\"272\" src=\"https:\/\/noblaskolan.se\/wp-content\/uploads\/2024\/04\/noblaskolan-artikelkort-363x272-1.png\" class=\"attachment-sm size-sm\" alt=\"Logotyp Noblaskolan.\" sizes=\"(min-width: 64em) 300px, (min-width: 48em) calc(.50 * (100vw - 224px)), calc(100vw - 160px)\" srcset=\"https:\/\/noblaskolan.se\/wp-content\/uploads\/2024\/04\/noblaskolan-artikelkort-363x272-1.png 362w, https:\/\/noblaskolan.se\/wp-content\/uploads\/2024\/04\/noblaskolan-artikelkort-363x272-1-300x225.png 300w\" \/>\n\t\t\t\t\t<\/div>\n\t\t\t\t<\/article>\n\t\t\t<\/li>\n\t\t\t<\/ul>\n\n\t<div class=\"no-results u-mt-0 u-hide\" data-filter-fallback-id=\"ams-article-list-69f3877886006\">\n\t<p>Det finns inga resultat som matchar din filtrering.<\/p>\n<\/div>\n\n\t\n\n\t\t\n\t\t\t<\/div>\n\n\t\t\n\n<\/section>\n","protected":false},"template":"","article_category":[10],"yoast_head":"<!-- This site is optimized with the Yoast SEO plugin v22.0 - https:\/\/yoast.com\/wordpress\/plugins\/seo\/ -->\n<title>Elevr\u00f6ster | Noblaskolan Brevik<\/title>\n<meta name=\"description\" content=\"Hur \u00e4r det att vara elev p\u00e5 Noblaskolan? H\u00e4r ber\u00e4ttar en av v\u00e5ra elever om sin vardag.\" \/>\n<meta name=\"robots\" content=\"index, follow, max-snippet:-1, max-image-preview:large, max-video-preview:-1\" \/>\n<link rel=\"canonical\" href=\"https:\/\/noblaskolan.se\/brevik\/artikel\/elevroster\/\" \/>\n<meta property=\"og:locale\" content=\"sv_SE\" \/>\n<meta property=\"og:type\" content=\"article\" \/>\n<meta property=\"og:title\" content=\"Elevr\u00f6ster | Noblaskolan Brevik\" \/>\n<meta property=\"og:description\" content=\"Hur \u00e4r det att vara elev p\u00e5 Noblaskolan? H\u00e4r ber\u00e4ttar en av v\u00e5ra elever om sin vardag.\" \/>\n<meta property=\"og:url\" content=\"https:\/\/noblaskolan.se\/brevik\/artikel\/elevroster\/\" \/>\n<meta property=\"og:site_name\" content=\"Brevik\" \/>\n<meta property=\"article:modified_time\" content=\"2026-04-20T08:38:37+00:00\" \/>\n<meta name=\"twitter:card\" content=\"summary_large_image\" \/>\n<meta name=\"twitter:title\" content=\"Elevr\u00f6ster | Noblaskolan Brevik\" \/>\n<meta name=\"twitter:description\" content=\"Hur \u00e4r det att vara elev p\u00e5 Noblaskolan? H\u00e4r ber\u00e4ttar en av v\u00e5ra elever om sin vardag.\" \/>\n<meta name=\"twitter:label1\" content=\"Ber\u00e4knad l\u00e4stid\" \/>\n\t<meta name=\"twitter:data1\" content=\"2 minuter\" \/>\n<script type=\"application\/ld+json\" class=\"yoast-schema-graph\">{\"@context\":\"https:\/\/schema.org\",\"@graph\":[{\"@type\":\"WebPage\",\"@id\":\"https:\/\/noblaskolan.se\/brevik\/artikel\/elevroster\/\",\"url\":\"https:\/\/noblaskolan.se\/brevik\/artikel\/elevroster\/\",\"name\":\"Elevr\u00f6ster | Noblaskolan Brevik\",\"isPartOf\":{\"@id\":\"https:\/\/noblaskolan.se\/brevik\/#website\"},\"datePublished\":\"2026-04-17T05:00:00+00:00\",\"dateModified\":\"2026-04-20T08:38:37+00:00\",\"description\":\"Hur \u00e4r det att vara elev p\u00e5 Noblaskolan? H\u00e4r ber\u00e4ttar en av v\u00e5ra elever om sin vardag.\",\"breadcrumb\":{\"@id\":\"https:\/\/noblaskolan.se\/brevik\/artikel\/elevroster\/#breadcrumb\"},\"inLanguage\":\"sv-SE\",\"potentialAction\":[{\"@type\":\"ReadAction\",\"target\":[\"https:\/\/noblaskolan.se\/brevik\/artikel\/elevroster\/\"]}]},{\"@type\":\"BreadcrumbList\",\"@id\":\"https:\/\/noblaskolan.se\/brevik\/artikel\/elevroster\/#breadcrumb\",\"itemListElement\":[{\"@type\":\"ListItem\",\"position\":1,\"name\":\"Start\",\"item\":\"https:\/\/noblaskolan.se\/brevik\"},{\"@type\":\"ListItem\",\"position\":2,\"name\":\"Nyheter\"}]},{\"@type\":\"WebSite\",\"@id\":\"https:\/\/noblaskolan.se\/brevik\/#website\",\"url\":\"https:\/\/noblaskolan.se\/brevik\/\",\"name\":\"Brevik\",\"description\":\"Noblaskolan Boden\",\"potentialAction\":[{\"@type\":\"SearchAction\",\"target\":{\"@type\":\"EntryPoint\",\"urlTemplate\":\"https:\/\/noblaskolan.se\/brevik\/?s={search_term_string}\"},\"query-input\":\"required name=search_term_string\"}],\"inLanguage\":\"sv-SE\"}]}<\/script>\n<!-- \/ Yoast SEO plugin. -->","yoast_head_json":{"title":"Elevr\u00f6ster | Noblaskolan Brevik","description":"Hur \u00e4r det att vara elev p\u00e5 Noblaskolan? H\u00e4r ber\u00e4ttar en av v\u00e5ra elever om sin vardag.","robots":{"index":"index","follow":"follow","max-snippet":"max-snippet:-1","max-image-preview":"max-image-preview:large","max-video-preview":"max-video-preview:-1"},"canonical":"https:\/\/noblaskolan.se\/brevik\/artikel\/elevroster\/","og_locale":"sv_SE","og_type":"article","og_title":"Elevr\u00f6ster | Noblaskolan Brevik","og_description":"Hur \u00e4r det att vara elev p\u00e5 Noblaskolan? H\u00e4r ber\u00e4ttar en av v\u00e5ra elever om sin vardag.","og_url":"https:\/\/noblaskolan.se\/brevik\/artikel\/elevroster\/","og_site_name":"Brevik","article_modified_time":"2026-04-20T08:38:37+00:00","twitter_card":"summary_large_image","twitter_title":"Elevr\u00f6ster | Noblaskolan Brevik","twitter_description":"Hur \u00e4r det att vara elev p\u00e5 Noblaskolan? H\u00e4r ber\u00e4ttar en av v\u00e5ra elever om sin vardag.","twitter_misc":{"Ber\u00e4knad l\u00e4stid":"2 minuter"},"schema":{"@context":"https:\/\/schema.org","@graph":[{"@type":"WebPage","@id":"https:\/\/noblaskolan.se\/brevik\/artikel\/elevroster\/","url":"https:\/\/noblaskolan.se\/brevik\/artikel\/elevroster\/","name":"Elevr\u00f6ster | Noblaskolan Brevik","isPartOf":{"@id":"https:\/\/noblaskolan.se\/brevik\/#website"},"datePublished":"2026-04-17T05:00:00+00:00","dateModified":"2026-04-20T08:38:37+00:00","description":"Hur \u00e4r det att vara elev p\u00e5 Noblaskolan? H\u00e4r ber\u00e4ttar en av v\u00e5ra elever om sin vardag.","breadcrumb":{"@id":"https:\/\/noblaskolan.se\/brevik\/artikel\/elevroster\/#breadcrumb"},"inLanguage":"sv-SE","potentialAction":[{"@type":"ReadAction","target":["https:\/\/noblaskolan.se\/brevik\/artikel\/elevroster\/"]}]},{"@type":"BreadcrumbList","@id":"https:\/\/noblaskolan.se\/brevik\/artikel\/elevroster\/#breadcrumb","itemListElement":[{"@type":"ListItem","position":1,"name":"Start","item":"https:\/\/noblaskolan.se\/brevik"},{"@type":"ListItem","position":2,"name":"Nyheter"}]},{"@type":"WebSite","@id":"https:\/\/noblaskolan.se\/brevik\/#website","url":"https:\/\/noblaskolan.se\/brevik\/","name":"Brevik","description":"Noblaskolan Boden","potentialAction":[{"@type":"SearchAction","target":{"@type":"EntryPoint","urlTemplate":"https:\/\/noblaskolan.se\/brevik\/?s={search_term_string}"},"query-input":"required name=search_term_string"}],"inLanguage":"sv-SE"}]}},"_links":{"self":[{"href":"https:\/\/noblaskolan.se\/brevik\/wp-json\/wp\/v2\/article\/3371"}],"collection":[{"href":"https:\/\/noblaskolan.se\/brevik\/wp-json\/wp\/v2\/article"}],"about":[{"href":"https:\/\/noblaskolan.se\/brevik\/wp-json\/wp\/v2\/types\/article"}],"wp:attachment":[{"href":"https:\/\/noblaskolan.se\/brevik\/wp-json\/wp\/v2\/media?parent=3371"}],"wp:term":[{"taxonomy":"article_category","embeddable":true,"href":"https:\/\/noblaskolan.se\/brevik\/wp-json\/wp\/v2\/article_category?post=3371"}],"curies":[{"name":"wp","href":"https:\/\/api.w.org\/{rel}","templated":true}]}}