{"id":3331,"date":"2025-12-03T16:26:16","date_gmt":"2025-12-03T15:26:16","guid":{"rendered":"https:\/\/noblaskolan.se\/boden\/?post_type=article&#038;p=3331"},"modified":"2025-12-03T16:26:17","modified_gmt":"2025-12-03T15:26:17","slug":"pedagoger","status":"publish","type":"article","link":"https:\/\/noblaskolan.se\/boden\/artikel\/pedagoger\/","title":{"rendered":"Pedagoger"},"content":{"rendered":"\n<div class=\"wp-block-group is-layout-constrained wp-block-group-is-layout-constrained\">\n<h1 class=\"wp-block-heading\">L\u00e4r k\u00e4nna v\u00e5ra pedagoger<\/h1>\n\n\n\n<p   class=\"site__ingress container text-left  site__text-color--dark  site__free_text--ingress p-0\">\n\tL\u00e4r k\u00e4nna v\u00e5ra pedagoger och l\u00e4rare lite b\u00e4ttre! H\u00e4r f\u00e5r du veta mer om deras drivkrafter och hur de arbetar f\u00f6r att g\u00f6ra undervisningen intressant och utmanande.<\/p>\n\n\n\n\n\n<h2 class=\"wp-block-heading\"><em>Malin Brostr\u00f6m<\/em> \u2013 Specall\u00e4rare \u00e5k F-3<\/h2>\n\n\n\n<h3 class=\"wp-block-heading\">Vad \u00e4r mest givande med att undervisa i l\u00e5g\/ mellanstadiet? <\/h3>\n\n\n\n<p>Det absolut roligaste \u00e4r att f\u00e5 f\u00f6lja elevernas utveckling och framsteg p\u00e5 n\u00e4ra h\u00e5ll. I de h\u00e4r \u00e5ldrarna, framf\u00f6r allt de f\u00f6rsta skol\u00e5ren, \u00e4r eleverna s\u00e5 \u00f6ppna med sina k\u00e4nslor, s\u00e5 de visar stor nyfikenhet \u00f6ver det man ska jobba med och sedan gl\u00e4dje \u00f6ver alla de nya saker de har l\u00e4rt sig. Det \u00f6gonblick d\u00e5 eleverna inser att de faktiskt kan l\u00e4sa \u00e4r mina absolut b\u00e4sta \u00f6gonblick. F\u00f6rst f\u00f6rv\u00e5ningen och sedan gl\u00e4djen i deras ansikten n\u00e4r de inser att de faktiskt l\u00e4ser helt sj\u00e4lva \u00e4r underbart att se! Eftersom jag som l\u00e4rare dessutom vet hur otroligt viktig den h\u00e4r kunskapen \u00e4r f\u00f6r resten av deras skolg\u00e5ng och liv blir jag extra glad f\u00f6r deras skull.<\/p>\n\n\n\n<h3 class=\"wp-block-heading\">Vad \u00f6nskar du att varje elev tar med sig fr\u00e5n dina lektioner?<\/h3>\n\n\n\n<p>Jag hoppas att de minns mig som en glad och engagerad l\u00e4rare som ville att de skulle l\u00e4ra sig s\u00e5 mycket som m\u00f6jligt p\u00e5 s\u00e5 varierade och roliga s\u00e4tt som m\u00f6jligt. Jag hoppas \u00e4ven att de k\u00e4nner att jag verkligen brydde mig om b\u00e5de hur det gick f\u00f6r dem i skolan, men \u00e4ven att de trivdes och hade det bra h\u00e4r. Hoppas \u00e4ven att de k\u00e4nde att jag var tydlig i klassrummet med vilka regler som g\u00e4llde och att respekten f\u00f6r varandra var superviktig, och att jag alltid f\u00f6rs\u00f6kte lyssna p\u00e5 dem och hitta bra l\u00f6sningar p\u00e5 deras funderingar.<\/p>\n\n\n\n<h3 class=\"wp-block-heading\">Vad betyder akademisk ambition f\u00f6r dig som l\u00e4rare?<\/h3>\n\n\n\n<p>Akademisk ambition f\u00f6r mig \u00e4r att f\u00e5 eleverna att k\u00e4nna att skola och utbildning \u00e4r viktigt och att de ska vilja anstr\u00e4nga sig s\u00e5 mycket som de bara orkar f\u00f6r att n\u00e5 s\u00e5 l\u00e5ngt som de kan. Det inneb\u00e4r \u00e4ven att jag som l\u00e4rare ska ha h\u00f6ga f\u00f6rv\u00e4ntningar p\u00e5 alla elever s\u00e5 att de k\u00e4nner att jag tror p\u00e5 dem och att de lyckas n\u00e5 sina m\u00e5l. Jag vill \u00e4ven att de ska k\u00e4nna att det \u00e4r ok att inte alla elever kan ha samma m\u00e5l och n\u00e5 lika l\u00e5ngt inom alla omr\u00e5den. Man kan bara ska utg\u00e5 fr\u00e5n sig sj\u00e4lv och vad man sj\u00e4lv kan f\u00f6r att sedan pusha sig att hela tiden f\u00f6rs\u00f6ka n\u00e5 l\u00e4ngre \u00e4n man tidigare n\u00e5tt.<\/p>\n\n\n\n<h3 class=\"wp-block-heading\">Vad i v\u00e5r undervisning eller skolkultur \u00e4r du extra stolt \u00f6ver och som fler borde f\u00e5 veta om?<\/h3>\n\n\n\n<p>Jag \u00e4r v\u00e4ldigt stolt \u00f6ver v\u00e5rt arbete med trygghet och studiero. Det \u00e4r helt otroligt n\u00e4r man ibland g\u00e5r f\u00f6rbi \u00f6ppna klassrumsd\u00f6rrar och knappt h\u00f6r att det sitter 24 elever d\u00e4r inne och skriver s\u00e5 pennan gl\u00f6der. Eleverna skolas snabbt in i vikten av att jobba fokuserat och att visa h\u00e4nsyn till varandra. Redan fr\u00e5n \u00e5r 1 f\u00f6rst\u00e5r de flesta elever hur man p\u00e5 b\u00e4sta s\u00e4tt, utan att busa eller st\u00f6ra andra, ska g\u00f6ra n\u00e4r man parl\u00e4ser eller diskuterar arbetsuppgifter med varandra. Jag \u00e4r \u00e4ven b\u00e5de glad och stolt \u00f6ver den inst\u00e4llningen vi l\u00e4rare har till att skapa bra relationer med elevern. Jag njuter varje g\u00e5ng jag kommer ner i matsalen och elever, b\u00e5de fr\u00e5n l\u00e5g- mellan- och h\u00f6gstadiet s\u00e4ger \u201cKan du inte sitta hos oss vid v\u00e5rt bord?\u201d.<\/p>\n\n\n\n\t<style>\n\t\t.inner {\n\n\t\t\tmargin: 0 auto;\n\n\n\t\t}\n\t<\/style>\n\t<div\n\t\t class=\"container images-module\" >\n\t\t<div class=\"row images_module__slideshow\">\n\n\t\t\t<div\n\t\t\t\t\tclass=\"col-md-12 p-0 position-relative images_module__slideshow images_module__slideshow-container  \">\n\t\t\t\t<div class=\"images_module__slide\" data-slide=\"\"\n\t\t\t\t\t data-duration=\"\"><\/div>\n\t\t\t\t\t\t\t\t\t<div\n\t\t\t\t\t\t class=\"images_module__slides\n\n\t\t\t\t\t   \"\n\t\t\t\t\t>\n\n\t\t\t\t\t\t<div class=\"images__wrapper\" style=\"aspect-ratio: 851 \/ 851;\">\n\t\t\t\t\t\t\t<img decoding=\"async\" width=\"1920\" height=\"2560\" src=\"https:\/\/noblaskolan.se\/wp-content\/uploads\/sites\/19\/2025\/11\/malin-brostrom-scaled.jpeg\" class=\"images__image_ratio  \" alt=\"Portr\u00e4ttbild Malin Brostr\u00f6m\" style=\"aspect-ratio: 851 \/ 851;object-position: center center;\" srcset=\"https:\/\/noblaskolan.se\/wp-content\/uploads\/sites\/19\/2025\/11\/malin-brostrom-scaled.jpeg 1920w, https:\/\/noblaskolan.se\/wp-content\/uploads\/sites\/19\/2025\/11\/malin-brostrom-300x400.jpeg 300w, https:\/\/noblaskolan.se\/wp-content\/uploads\/sites\/19\/2025\/11\/malin-brostrom-400x533.jpeg 400w, https:\/\/noblaskolan.se\/wp-content\/uploads\/sites\/19\/2025\/11\/malin-brostrom-600x800.jpeg 600w, https:\/\/noblaskolan.se\/wp-content\/uploads\/sites\/19\/2025\/11\/malin-brostrom-800x1067.jpeg 800w, https:\/\/noblaskolan.se\/wp-content\/uploads\/sites\/19\/2025\/11\/malin-brostrom-1024x1365.jpeg 1024w, https:\/\/noblaskolan.se\/wp-content\/uploads\/sites\/19\/2025\/11\/malin-brostrom-1200x1600.jpeg 1200w\" sizes=\"(max-width: 1920px) 100vw, 1920px\" \/>\t\t\t\t\t\t<\/div>\n\t\t\t\t\t\t\n\n\t\t\t\t\t\t\t\t\t\t\t<\/div>\n\t\t\t\t\n\t\t\t\t<div class=\"images_module__container_dot\">\n\t\t\t\t\t<div style=\"text-align:center\">\n\n\n\t\t\t\t\t\t\t\t\t\t\t\t\t<span   data-i=\"0\"\n\t\t\t\t\t\t\t\t  class=\"\n\t\t\t\t\t\t\timages_module__dot\n\t\t\t\t\t\t\t\t\t\t\t\t\t\t\"\n\t\t\t\t\t\t\t><\/span>\n\t\t\t\t\t\t\t\t\t\t\t<\/div>\n\t\t\t\t<\/div>\n\n\n\t\t\t<\/div>\n\t\t<\/div>\n\t<\/div>\n\n\t\n\n\n<script>\n\tvar images_display_descriptive_text = \"\";\n<\/script>\n\n\n\n<h2 class=\"wp-block-heading\"><em>Andreas Morin<\/em> \u2013 L\u00e4rare \u00e5k 7-9, Spanska, Svenska och Engelska<\/h2>\n\n\n\n<h3 class=\"wp-block-heading\">Hur arbetar du med h\u00f6ga f\u00f6rv\u00e4ntningar utan att skapa stress f\u00f6r eleverna?<\/h3>\n\n\n\n<p>Jag arbetar med h\u00f6ga f\u00f6rv\u00e4ntningar, men p\u00e5 ett s\u00e4tt som inte skapar stress. F\u00f6r mig handlar det om tydlighet \u2013 att eleverna ska veta vad som f\u00f6rv\u00e4ntas och f\u00f6rst\u00e5 att m\u00e5len \u00e4r n\u00e5bara. Jag delar upp arbetet i mindre steg och ger kontinuerlig \u00e5terkoppling, s\u00e5 att eleverna ser sina framsteg och beh\u00e5ller motivationen. I en trygg milj\u00f6 d\u00e4r det \u00e4r okej att g\u00f6ra misstag v\u00e5gar de utvecklas och ta ansvar f\u00f6r sitt l\u00e4rande. Jag anpassar undervisningen efter varje elevs behov och tror att kombinationen av h\u00f6ga ambitioner, struktur och trygghet g\u00f6r l\u00e4randet b\u00e5de meningsfullt och inspirerande.<\/p>\n\n\n\n<h3 class=\"wp-block-heading\">Hur m\u00e4rks din roll som n\u00e4rvarande l\u00e4rare av i elevernas vardag?<\/h3>\n\n\n\n<p>Att vara h\u00f6gstadiel\u00e4rare \u00e4r meningsfullt, varierat och inspirerande. Varje dag bjuder p\u00e5 nya m\u00f6ten, utmaningar och utveckling. Elevernas olika personligheter skapar dynamik, och att f\u00e5 f\u00f6lja deras utveckling, mod och l\u00e4rande ger energi. Ingen dag \u00e4r den andra lik \u2013 det g\u00f6r jobbet givande och utvecklande.<\/p>\n\n\n\n<h3 class=\"wp-block-heading\">Hur brukar du skapa engagemang i klassrummet n\u00e4r eleverna tycker att ett \u00e4mne \u00e4r sv\u00e5rt eller tr\u00e5kigt?<\/h3>\n\n\n\n<p>N\u00e4r elever tappar intresset f\u00f6rs\u00f6ker jag variera undervisningen \u2013 med vardagliga exempel, ber\u00e4ttelser, film, musik eller grupp\u00f6vningar. Jag blandar arbetss\u00e4tt f\u00f6r att alla ska hitta n\u00e5got som funkar f\u00f6r dem. Det viktigaste \u00e4r att lektionen k\u00e4nns relevant, trygg och rolig.<\/p>\n\n\n\n<h3 class=\"wp-block-heading\">Vad i v\u00e5r undervisning eller skolkultur \u00e4r du extra stolt \u00f6ver och som fler borde f\u00e5 veta om?<\/h3>\n\n\n\n<p>Jag \u00e4r stolt \u00f6ver den starka grund kring trygghet som vi har byggt p\u00e5 skolan. I trygghetsteamet jobbar vi b\u00e5de f\u00f6rebyggande och snabbt n\u00e4r n\u00e5got h\u00e4nder. Vi ser till att elever k\u00e4nner sig sedda och h\u00f6rda. Tillsammans med elevh\u00e4lsan och kollegor hinner vi ofta agera innan sm\u00e5 problem v\u00e4xer. Det g\u00f6r stor skillnad. Vi har ocks\u00e5 ett starkt l\u00e4rarteam med bra samarbete och st\u00f6d, vilket skapar trygghet \u00e4ven i klassrummet. Det m\u00e4rks att vi jobbar mot samma m\u00e5l \u2013 en skola d\u00e4r alla kan utvecklas och k\u00e4nna sig trygga.<\/p>\n\n\n\n\t<style>\n\t\t.inner {\n\n\t\t\tmargin: 0 auto;\n\n\n\t\t}\n\t<\/style>\n\t<div\n\t\t class=\"container images-module\" >\n\t\t<div class=\"row images_module__slideshow\">\n\n\t\t\t<div\n\t\t\t\t\tclass=\"col-md-12 p-0 position-relative images_module__slideshow images_module__slideshow-container  \">\n\t\t\t\t<div class=\"images_module__slide\" data-slide=\"\"\n\t\t\t\t\t data-duration=\"\"><\/div>\n\t\t\t\t\t\t\t\t\t<div\n\t\t\t\t\t\t class=\"images_module__slides\n\n\t\t\t\t\t   \"\n\t\t\t\t\t>\n\n\t\t\t\t\t\t<div class=\"images__wrapper\" style=\"aspect-ratio: 851 \/ 851;\">\n\t\t\t\t\t\t\t<img decoding=\"async\" width=\"400\" height=\"600\" src=\"https:\/\/noblaskolan.se\/wp-content\/uploads\/sites\/19\/2025\/11\/andreas-morin-1-1.jpg\" class=\"images__image_ratio  \" alt=\"Portr\u00e4ttbild Andreas Morin\" style=\"aspect-ratio: 851 \/ 851;object-position: center center;\" srcset=\"https:\/\/noblaskolan.se\/wp-content\/uploads\/sites\/19\/2025\/11\/andreas-morin-1-1.jpg 400w, https:\/\/noblaskolan.se\/wp-content\/uploads\/sites\/19\/2025\/11\/andreas-morin-1-1-300x450.jpg 300w\" sizes=\"(max-width: 400px) 100vw, 400px\" \/>\t\t\t\t\t\t<\/div>\n\t\t\t\t\t\t\n\n\t\t\t\t\t\t\t\t\t\t\t<\/div>\n\t\t\t\t\n\t\t\t\t<div class=\"images_module__container_dot\">\n\t\t\t\t\t<div style=\"text-align:center\">\n\n\n\t\t\t\t\t\t\t\t\t\t\t\t\t<span   data-i=\"0\"\n\t\t\t\t\t\t\t\t  class=\"\n\t\t\t\t\t\t\timages_module__dot\n\t\t\t\t\t\t\t\t\t\t\t\t\t\t\"\n\t\t\t\t\t\t\t><\/span>\n\t\t\t\t\t\t\t\t\t\t\t<\/div>\n\t\t\t\t<\/div>\n\n\n\t\t\t<\/div>\n\t\t<\/div>\n\t<\/div>\n\n\t\n\n\n<script>\n\tvar images_display_descriptive_text = \"\";\n<\/script>\n<\/div>\n","protected":false},"template":"","article_category":[14,10],"yoast_head":"<!-- This site is optimized with the Yoast SEO plugin v22.0 - https:\/\/yoast.com\/wordpress\/plugins\/seo\/ -->\n<title>L\u00e4r k\u00e4nna v\u00e5ra l\u00e4rare och pedagoger | Noblaskolan Boden<\/title>\n<meta name=\"description\" content=\"L\u00e4r k\u00e4nna v\u00e5ra pedagoger p\u00e5 Noblaskolan Boden. L\u00e4s mer hur de arbetar med trygghet, h\u00f6ga f\u00f6rv\u00e4ntningar och engagemang i klassrummen.\" \/>\n<meta name=\"robots\" content=\"index, follow, max-snippet:-1, max-image-preview:large, max-video-preview:-1\" \/>\n<link rel=\"canonical\" href=\"https:\/\/noblaskolan.se\/boden\/artikel\/pedagoger\/\" \/>\n<meta property=\"og:locale\" content=\"sv_SE\" \/>\n<meta property=\"og:type\" content=\"article\" \/>\n<meta property=\"og:title\" content=\"L\u00e4r k\u00e4nna v\u00e5ra l\u00e4rare och pedagoger | Noblaskolan Boden\" \/>\n<meta property=\"og:description\" content=\"L\u00e4r k\u00e4nna v\u00e5ra pedagoger p\u00e5 Noblaskolan Boden. L\u00e4s mer hur de arbetar med trygghet, h\u00f6ga f\u00f6rv\u00e4ntningar och engagemang i klassrummen.\" \/>\n<meta property=\"og:url\" content=\"https:\/\/noblaskolan.se\/boden\/artikel\/pedagoger\/\" \/>\n<meta property=\"og:site_name\" content=\"Boden\" \/>\n<meta property=\"article:modified_time\" content=\"2025-12-03T15:26:17+00:00\" \/>\n<meta name=\"twitter:card\" content=\"summary_large_image\" \/>\n<meta name=\"twitter:title\" content=\"L\u00e4r k\u00e4nna v\u00e5ra l\u00e4rare och pedagoger | Noblaskolan Boden\" \/>\n<meta name=\"twitter:description\" content=\"L\u00e4r k\u00e4nna v\u00e5ra pedagoger p\u00e5 Noblaskolan Boden. L\u00e4s mer hur de arbetar med trygghet, h\u00f6ga f\u00f6rv\u00e4ntningar och engagemang i klassrummen.\" \/>\n<meta name=\"twitter:image\" content=\"https:\/\/noblaskolan.se\/wp-content\/uploads\/sites\/19\/2025\/11\/malin-brostrom-1200x630.jpeg\" \/>\n<meta name=\"twitter:label1\" content=\"Ber\u00e4knad l\u00e4stid\" \/>\n\t<meta name=\"twitter:data1\" content=\"6 minuter\" \/>\n<script type=\"application\/ld+json\" class=\"yoast-schema-graph\">{\"@context\":\"https:\/\/schema.org\",\"@graph\":[{\"@type\":\"WebPage\",\"@id\":\"https:\/\/noblaskolan.se\/boden\/artikel\/pedagoger\/\",\"url\":\"https:\/\/noblaskolan.se\/boden\/artikel\/pedagoger\/\",\"name\":\"L\u00e4r k\u00e4nna v\u00e5ra l\u00e4rare och pedagoger | Noblaskolan Boden\",\"isPartOf\":{\"@id\":\"https:\/\/noblaskolan.se\/boden\/#website\"},\"datePublished\":\"2025-12-03T15:26:16+00:00\",\"dateModified\":\"2025-12-03T15:26:17+00:00\",\"description\":\"L\u00e4r k\u00e4nna v\u00e5ra pedagoger p\u00e5 Noblaskolan Boden. L\u00e4s mer hur de arbetar med trygghet, h\u00f6ga f\u00f6rv\u00e4ntningar och engagemang i klassrummen.\",\"breadcrumb\":{\"@id\":\"https:\/\/noblaskolan.se\/boden\/artikel\/pedagoger\/#breadcrumb\"},\"inLanguage\":\"sv-SE\",\"potentialAction\":[{\"@type\":\"ReadAction\",\"target\":[\"https:\/\/noblaskolan.se\/boden\/artikel\/pedagoger\/\"]}]},{\"@type\":\"BreadcrumbList\",\"@id\":\"https:\/\/noblaskolan.se\/boden\/artikel\/pedagoger\/#breadcrumb\",\"itemListElement\":[{\"@type\":\"ListItem\",\"position\":1,\"name\":\"Start\",\"item\":\"https:\/\/noblaskolan.se\/boden\"},{\"@type\":\"ListItem\",\"position\":2,\"name\":\"Nyheter\"}]},{\"@type\":\"WebSite\",\"@id\":\"https:\/\/noblaskolan.se\/boden\/#website\",\"url\":\"https:\/\/noblaskolan.se\/boden\/\",\"name\":\"Boden\",\"description\":\"Noblaskolan Boden\",\"potentialAction\":[{\"@type\":\"SearchAction\",\"target\":{\"@type\":\"EntryPoint\",\"urlTemplate\":\"https:\/\/noblaskolan.se\/boden\/?s={search_term_string}\"},\"query-input\":\"required name=search_term_string\"}],\"inLanguage\":\"sv-SE\"}]}<\/script>\n<!-- \/ Yoast SEO plugin. -->","yoast_head_json":{"title":"L\u00e4r k\u00e4nna v\u00e5ra l\u00e4rare och pedagoger | Noblaskolan Boden","description":"L\u00e4r k\u00e4nna v\u00e5ra pedagoger p\u00e5 Noblaskolan Boden. L\u00e4s mer hur de arbetar med trygghet, h\u00f6ga f\u00f6rv\u00e4ntningar och engagemang i klassrummen.","robots":{"index":"index","follow":"follow","max-snippet":"max-snippet:-1","max-image-preview":"max-image-preview:large","max-video-preview":"max-video-preview:-1"},"canonical":"https:\/\/noblaskolan.se\/boden\/artikel\/pedagoger\/","og_locale":"sv_SE","og_type":"article","og_title":"L\u00e4r k\u00e4nna v\u00e5ra l\u00e4rare och pedagoger | Noblaskolan Boden","og_description":"L\u00e4r k\u00e4nna v\u00e5ra pedagoger p\u00e5 Noblaskolan Boden. L\u00e4s mer hur de arbetar med trygghet, h\u00f6ga f\u00f6rv\u00e4ntningar och engagemang i klassrummen.","og_url":"https:\/\/noblaskolan.se\/boden\/artikel\/pedagoger\/","og_site_name":"Boden","article_modified_time":"2025-12-03T15:26:17+00:00","twitter_card":"summary_large_image","twitter_title":"L\u00e4r k\u00e4nna v\u00e5ra l\u00e4rare och pedagoger | Noblaskolan Boden","twitter_description":"L\u00e4r k\u00e4nna v\u00e5ra pedagoger p\u00e5 Noblaskolan Boden. L\u00e4s mer hur de arbetar med trygghet, h\u00f6ga f\u00f6rv\u00e4ntningar och engagemang i klassrummen.","twitter_image":"https:\/\/noblaskolan.se\/wp-content\/uploads\/sites\/19\/2025\/11\/malin-brostrom-1200x630.jpeg","twitter_misc":{"Ber\u00e4knad l\u00e4stid":"6 minuter"},"schema":{"@context":"https:\/\/schema.org","@graph":[{"@type":"WebPage","@id":"https:\/\/noblaskolan.se\/boden\/artikel\/pedagoger\/","url":"https:\/\/noblaskolan.se\/boden\/artikel\/pedagoger\/","name":"L\u00e4r k\u00e4nna v\u00e5ra l\u00e4rare och pedagoger | Noblaskolan Boden","isPartOf":{"@id":"https:\/\/noblaskolan.se\/boden\/#website"},"datePublished":"2025-12-03T15:26:16+00:00","dateModified":"2025-12-03T15:26:17+00:00","description":"L\u00e4r k\u00e4nna v\u00e5ra pedagoger p\u00e5 Noblaskolan Boden. L\u00e4s mer hur de arbetar med trygghet, h\u00f6ga f\u00f6rv\u00e4ntningar och engagemang i klassrummen.","breadcrumb":{"@id":"https:\/\/noblaskolan.se\/boden\/artikel\/pedagoger\/#breadcrumb"},"inLanguage":"sv-SE","potentialAction":[{"@type":"ReadAction","target":["https:\/\/noblaskolan.se\/boden\/artikel\/pedagoger\/"]}]},{"@type":"BreadcrumbList","@id":"https:\/\/noblaskolan.se\/boden\/artikel\/pedagoger\/#breadcrumb","itemListElement":[{"@type":"ListItem","position":1,"name":"Start","item":"https:\/\/noblaskolan.se\/boden"},{"@type":"ListItem","position":2,"name":"Nyheter"}]},{"@type":"WebSite","@id":"https:\/\/noblaskolan.se\/boden\/#website","url":"https:\/\/noblaskolan.se\/boden\/","name":"Boden","description":"Noblaskolan Boden","potentialAction":[{"@type":"SearchAction","target":{"@type":"EntryPoint","urlTemplate":"https:\/\/noblaskolan.se\/boden\/?s={search_term_string}"},"query-input":"required name=search_term_string"}],"inLanguage":"sv-SE"}]}},"_links":{"self":[{"href":"https:\/\/noblaskolan.se\/boden\/wp-json\/wp\/v2\/article\/3331"}],"collection":[{"href":"https:\/\/noblaskolan.se\/boden\/wp-json\/wp\/v2\/article"}],"about":[{"href":"https:\/\/noblaskolan.se\/boden\/wp-json\/wp\/v2\/types\/article"}],"wp:attachment":[{"href":"https:\/\/noblaskolan.se\/boden\/wp-json\/wp\/v2\/media?parent=3331"}],"wp:term":[{"taxonomy":"article_category","embeddable":true,"href":"https:\/\/noblaskolan.se\/boden\/wp-json\/wp\/v2\/article_category?post=3331"}],"curies":[{"name":"wp","href":"https:\/\/api.w.org\/{rel}","templated":true}]}}